{"id":105464,"date":"2025-12-02T06:22:08","date_gmt":"2025-12-02T06:22:08","guid":{"rendered":"https:\/\/www.europesays.com\/fi\/105464\/"},"modified":"2025-12-02T06:22:08","modified_gmt":"2025-12-02T06:22:08","slug":"tasta-syysta-venaja-pitkittaa-sotaa-eika-neuvottele-tosissaan","status":"publish","type":"post","link":"https:\/\/www.europesays.com\/fi\/105464\/","title":{"rendered":"T\u00e4st\u00e4 syyst\u00e4 Ven\u00e4j\u00e4 pitkitt\u00e4\u00e4 sotaa eik\u00e4 neuvottele tosissaan"},"content":{"rendered":"<p class=\"paragraph\">Ep\u00e4realistisia vaatimuslistoja, heikkoja kompromissiehdotuksia, kokouksia kokousten per\u00e4\u00e4n. Ukrainaan on koitettu sorvata rauhaa jo kuukausia, ja viimeisin Ukrainan delegaation matka Yhdysvaltoihin ei ole tuottanut ratkaisua vaikeimpiin kysymyksiin.<\/p>\n<p class=\"paragraph\">Asetelma on absurdi. Yhdysvallat neuvottelee Ven\u00e4j\u00e4lle lis\u00e4\u00e4 maata Ukrainasta, vaikka huoneessa ei ole yht\u00e4\u00e4n ven\u00e4l\u00e4ist\u00e4. Kaukana on l\u00e4ntinen solidaarisuus ja visio voitosta, jossa demokraattisen l\u00e4nnen suurvalta k\u00e4ytt\u00e4isi voimaansa ja n\u00e4ytt\u00e4isi diktatuurille kapin paikan.<\/p>\n<p class=\"paragraph\">Nyt neuvotellaan tappiosta. Keskeisin kysymys on, h\u00e4vi\u00e4\u00e4k\u00f6 Ukraina pelk\u00e4st\u00e4\u00e4n maata vai meneek\u00f6 suvereniteetti pesuveden mukana.<\/p>\n<p class=\"paragraph\">Ukrainan sodan tulevaisuudesta on ymm\u00e4rrett\u00e4v\u00e4 muutama asia, jotta rauhanprosessia voi tarkastella mielekk\u00e4\u00e4sti. Ensimm\u00e4inen on sodan yleistilanne.<\/p>\n<p class=\"paragraph\">Liikkeet rintamilla ovat verrattain hitaita, mutta n\u00e4enn\u00e4isen tasaisen tilanteen taustalta l\u00f6ytyy liuta ongelmia, joille ei ole n\u00e4k\u00f6piiriss\u00e4 selv\u00e4\u00e4 ratkaisua ja joiden voidaan olettaa pahenevan sodan yh\u00e4 pitkittyess\u00e4.<\/p>\n<p class=\"paragraph\">Ukrainan asevoimia vaivaa krooninen miespula, karkuruusongelma kasvaa, yksik\u00f6t kuluvat kuukausi kuukaudelta, Yhdysvaltain suhtautuminen on jatkuva ep\u00e4varmuustekij\u00e4, Euroopan unioni ei saa p\u00e4\u00e4t\u00f6ksi\u00e4 aikaan taloudellisesta tuesta ja l\u00e4ntisen sotilaallisen tuen m\u00e4\u00e4r\u00e4 on laskenut.<\/p>\n<p class=\"paragraph\">Ukrainan painostamista ei siis kannata t\u00e4ll\u00e4 hetkell\u00e4 lopettaa, sill\u00e4 tavoitteet eiv\u00e4t ole karanneet niin kauas, etteiv\u00e4tk\u00f6 ne olisi viel\u00e4 saavutettavissa, mik\u00e4li Ukrainan kannalta huonoimmat skenaariot toteutuvat. Hy\u00f6kk\u00e4\u00e4j\u00e4n horisontissa siint\u00e4\u00e4 viel\u00e4 mahdollisuuksia.<\/p>\n<p class=\"paragraph\">Toisekseen on hahmotettava sotaa Ven\u00e4j\u00e4n n\u00e4k\u00f6kulmasta. Sota runtelee sit\u00e4kin eri tavoin, mutta se uskoo edelleen kykyyns\u00e4 ratkaista sota taistelukent\u00e4ll\u00e4. Aidolle rauhanprosessille ei t\u00e4ten ole tarvetta.<\/p>\n<p class=\"paragraph\">Kremlin kipukynnys on l\u00e4nsimaalaisittain katsottuna korkea, mutta se ei nykyisell\u00e4\u00e4n ylity riitt\u00e4v\u00e4n nopeasti, kaikista sanktioista ja tukitoimista huolimatta. Maan johdossa ei huolehdita nyt kauppasuhteista tai demografisista kauneusvirheist\u00e4, vaan kysymys jostain aivan muusta.<\/p>\n<p class=\"paragraph\">Ven\u00e4j\u00e4 ei ole sellaisessa asemassa, jossa sen olisi per\u00e4\u00e4nnytt\u00e4v\u00e4 keskeisimmist\u00e4 tavoitteistaan. Niit\u00e4 ovat Ukrainan sotilaallinen ja poliittinen alistaminen, vaikutuspiirin laajentaminen ja Euroopan turvallisuusarkkitehtuurin muokkaaminen Ven\u00e4j\u00e4n vihamielisi\u00e4 pyrkimyksi\u00e4 suosivaan suuntaan.<\/p>\n<p class=\"paragraph\">Ulkoa tai sis\u00e4lt\u00e4 ei tule niin vakavaa painetta, ett\u00e4 sodan nopea p\u00e4\u00e4tt\u00e4minen  n\u00e4ytt\u00e4ytyisi jatkamista houkuttelevammalta. Sotimalla saataviin hy\u00f6tyihin uskotaan edelleen enemm\u00e4n, sill\u00e4 tulevaisuuden ongelmat eiv\u00e4t n\u00e4yt\u00e4 niin vakavilta.<\/p>\n<p>Ukrainalaissotilas valmistelee pommittajalennokkia teht\u00e4v\u00e4lle. Vaikka rintama liikkuu hitaasti, merkitt\u00e4v\u00e4 osa sodan lopputuloksesta ratkeaa silti taistelukent\u00e4ll\u00e4. AOP<\/p>\n<p class=\"paragraph\">Ven\u00e4j\u00e4 on nykyisess\u00e4 rauhanperformanssissa ollut l\u00e4hinn\u00e4 saamapuolella. Se ei ole julkisesti per\u00e4\u00e4ntynyt juuri mist\u00e4\u00e4n, siin\u00e4 miss\u00e4 Eurooppa ja Ukraina ovat joutuneet paljastamaan korttejaan.<\/p>\n<p class=\"paragraph\">Se saanut muun muassa vivutettua itselleen pakoreitin taloudellisista sanktioista. Jos sota loppuu, Eurooppakin on ilmaissut sitoutuvansa pakotteiden asteittaiseen lievent\u00e4miseen. Ven\u00e4j\u00e4 voi periaatteessa pitkitt\u00e4\u00e4 sotaa, koska luottaa p\u00e4\u00e4sev\u00e4ns\u00e4 takaisin taloudellisen yhteisty\u00f6n pariin rauhan j\u00e4lkeen.<\/p>\n<p class=\"paragraph\">T\u00e4ll\u00e4 hetkell\u00e4 on hankala n\u00e4hd\u00e4, miss\u00e4 voisi olla sellaista voimaa, jolla Ven\u00e4j\u00e4\u00e4 voitaisiin kirist\u00e4\u00e4 tai uhata. Suvereeni Nato-Ukraina olisi toteutuessaan Ven\u00e4j\u00e4lle niin kertakaikkisen siet\u00e4m\u00e4t\u00f6n ajatus, ett\u00e4 sen est\u00e4misest\u00e4 ollaan valmis maksamaan hintaa, jota ei pid\u00e4 aliarvioida.<\/p>\n<p class=\"paragraph\">Kolmanneksi on tarkasteltava Ukrainan ja EU:n suhdetta nykyiseen rauhanprosessiin.<\/p>\n<p class=\"paragraph\">Ukraina ei ole viel\u00e4 varsinaisessa katkeamispisteess\u00e4. Se menett\u00e4\u00e4 maata joka kuukausi, mutta se pystyy edelleen hidastamaan Ven\u00e4j\u00e4\u00e4 ja laittaa sen maksamaan jokaisesta kyl\u00e4st\u00e4 kovaa hintaa. Rintama taipuu muttei murru, ja vaikka v\u00e4h\u00e4n paikallisesti murtuisikin, suurimmat kriisit onnistutaan edelleen ehk\u00e4isem\u00e4\u00e4n. Pinnan alla kuplii kuitenkin aiemmin mainittuja ongelmia.<\/p>\n<p class=\"paragraph\">Ukraina ei ole viel\u00e4 niin mahdottomassa tilanteessa, ett\u00e4 sille voitaisiin sanella aivan mit\u00e4 rauhanehtoja tahansa. Donbasissa on taisteltu vuodesta 2014 alkaen, ja poliittisesti alueen luovuttaminen Ven\u00e4j\u00e4lle tuntuu mahdottomalta.<\/p>\n<p class=\"paragraph\">Viel\u00e4 vakavampi uhka ovat kuitenkin erin\u00e4iset rajoitukset Ukrainan ulko- ja turvallisuuspoliittiseen liikkumavaraan. Jos Ukrainan Nato-tie katkeaa lopullisesti, ei maa p\u00e4\u00e4se Ven\u00e4j\u00e4n painostuksesta kunnolla eroon. Ukraina lienee valmis taistelemaan viel\u00e4 kauan ja katkerasti v\u00e4ltt\u00e4\u00e4kseen suvereniteettinsa murentamisen.<\/p>\n<p class=\"paragraph\">EU:lla on valitettavan v\u00e4h\u00e4n kortteja k\u00e4siss\u00e4\u00e4n. Se pystyy tukemaan Ukrainan puolustustaistelua, mutta sill\u00e4 ei ole ty\u00f6kaluja yleistilanteen muuttamiseksi. Sotilaallinen interventio on poliittisten realiteettien ulkopuolella, koska edes aseapua ei saada kasvatettua riitt\u00e4v\u00e4n m\u00e4\u00e4r\u00e4tietoisesti.<\/p>\n<p class=\"paragraph\">On kertakaikkisen ep\u00e4selv\u00e4\u00e4, mill\u00e4 EU voisi pakottaa Ven\u00e4j\u00e4\u00e4 tappiollisempaan lopputulokseen. Toimijuuden puutteen vuoksi EU on joutunut ik\u00e4\u00e4n kuin sivullisen asemaan. Sill\u00e4 ei ole muskeleita sanella sodan ratkaisua, sill\u00e4 jo nykyiset vastuut tuntuvat painavan hartioilla liikaa.<\/p>\n<p class=\"paragraph\">Nykyiset neuvottelut eiv\u00e4t tule johtamaan rauhaan, eiv\u00e4t todenn\u00e4k\u00f6isesti edes v\u00e4liaikaiseen tulitaukoon, sill\u00e4 Ven\u00e4j\u00e4ll\u00e4 on varaa odottaa. Se sy\u00f6tt\u00e4\u00e4 Ukrainalle ja l\u00e4nnelle ehdotuksia, jotka se tiet\u00e4\u00e4 nykytilanteessa mahdottomiksi itsekin.<\/p>\n<p class=\"paragraph\">Puolen vuoden p\u00e4\u00e4st\u00e4 tilanne saattaa kuitenkin olla toinen. Ven\u00e4j\u00e4 halunnee katsoa l\u00e4nnen ja Ukrainan kortit ennen johtop\u00e4\u00e4t\u00f6sten vet\u00e4mist\u00e4. Jos l\u00e4nnelt\u00e4 ei pian l\u00f6ydy lis\u00e4\u00e4 rahaa, ter\u00e4st\u00e4 ja selk\u00e4rankaa, voidaan ensi vuonna n\u00e4hd\u00e4 sodan muuttuvan yh\u00e4 karummaksi.<\/p>\n","protected":false},"excerpt":{"rendered":"Ep\u00e4realistisia vaatimuslistoja, heikkoja kompromissiehdotuksia, kokouksia kokousten per\u00e4\u00e4n. Ukrainaan on koitettu sorvata rauhaa jo kuukausia, ja viimeisin Ukrainan delegaation&hellip;\n","protected":false},"author":2,"featured_media":105465,"comment_status":"","ping_status":"","sticky":false,"template":"","format":"standard","meta":{"footnotes":""},"categories":[14],"tags":[35,22,23,26,27,33,31,30,17,24,25,28,29,15,18,21,637,144,32,19,20,56,4385,16,1262,1665,59,60,61],"class_list":{"0":"post-105464","1":"post","2":"type-post","3":"status-publish","4":"format-standard","5":"has-post-thumbnail","7":"category-ulkomaat","8":"tag-24h","9":"tag-breaking-news","10":"tag-breakingnews","11":"tag-featured-news","12":"tag-featurednews","13":"tag-fi","14":"tag-finland","15":"tag-finnish","16":"tag-headlines","17":"tag-latest-news","18":"tag-latestnews","19":"tag-main-news","20":"tag-mainnews","21":"tag-news","22":"tag-otsikot","23":"tag-paauutiset","24":"tag-politiikka","25":"tag-presidentti","26":"tag-suomi","27":"tag-top-stories","28":"tag-topstories","29":"tag-ulkomaat","30":"tag-ulkopolitiikka-ja-kansainvalinen-politiikka","31":"tag-uutiset","32":"tag-venajan-politiikka","33":"tag-venalaiset-poliitikot","34":"tag-world","35":"tag-world-news","36":"tag-worldnews"},"share_on_mastodon":{"url":"https:\/\/pubeurope.com\/@fi\/115648537837706947","error":""},"_links":{"self":[{"href":"https:\/\/www.europesays.com\/fi\/wp-json\/wp\/v2\/posts\/105464","targetHints":{"allow":["GET"]}}],"collection":[{"href":"https:\/\/www.europesays.com\/fi\/wp-json\/wp\/v2\/posts"}],"about":[{"href":"https:\/\/www.europesays.com\/fi\/wp-json\/wp\/v2\/types\/post"}],"author":[{"embeddable":true,"href":"https:\/\/www.europesays.com\/fi\/wp-json\/wp\/v2\/users\/2"}],"replies":[{"embeddable":true,"href":"https:\/\/www.europesays.com\/fi\/wp-json\/wp\/v2\/comments?post=105464"}],"version-history":[{"count":0,"href":"https:\/\/www.europesays.com\/fi\/wp-json\/wp\/v2\/posts\/105464\/revisions"}],"wp:featuredmedia":[{"embeddable":true,"href":"https:\/\/www.europesays.com\/fi\/wp-json\/wp\/v2\/media\/105465"}],"wp:attachment":[{"href":"https:\/\/www.europesays.com\/fi\/wp-json\/wp\/v2\/media?parent=105464"}],"wp:term":[{"taxonomy":"category","embeddable":true,"href":"https:\/\/www.europesays.com\/fi\/wp-json\/wp\/v2\/categories?post=105464"},{"taxonomy":"post_tag","embeddable":true,"href":"https:\/\/www.europesays.com\/fi\/wp-json\/wp\/v2\/tags?post=105464"}],"curies":[{"name":"wp","href":"https:\/\/api.w.org\/{rel}","templated":true}]}}