{"id":105468,"date":"2025-12-02T06:24:11","date_gmt":"2025-12-02T06:24:11","guid":{"rendered":"https:\/\/www.europesays.com\/fi\/105468\/"},"modified":"2025-12-02T06:24:11","modified_gmt":"2025-12-02T06:24:11","slug":"helsinki-pridessa-kuohuu-yllatysero","status":"publish","type":"post","link":"https:\/\/www.europesays.com\/fi\/105468\/","title":{"rendered":"Helsinki Pridessa kuohuu \u2013 Yll\u00e4tysero"},"content":{"rendered":"<p>Helsinki Priden ilmapiiri\u00e4 kuvaillaan huonoksi. Helsingin Sanomissa johtajat kokevat kritiikin ep\u00e4reiluksi.<\/p>\n<p><img decoding=\"async\" class=\"image image-show image-preview\" src=\"https:\/\/www.europesays.com\/fi\/wp-content\/uploads\/2025\/12\/eee9072ddf50676aed9a7b9abf030575438bc25cec51c160d5894b47f7fa0f11.jpg\" alt=\"\"\/><img decoding=\"async\" class=\"image image-show\" src=\"https:\/\/www.europesays.com\/fi\/wp-content\/uploads\/2025\/12\/1764656651_127_eee9072ddf50676aed9a7b9abf030575438bc25cec51c160d5894b47f7fa0f11.jpg\" alt=\"\"\/><\/p>\n<p>Helsinki Priden johto ei ota kritiikki\u00e4 vastaan, v\u00e4itt\u00e4v\u00e4t HS:n haastattelemat entiset ja nykyiset ty\u00f6ntekij\u00e4t. Miia Sir\u00e9n<\/p>\n<p class=\"paragraph\">Ihmisoikeusj\u00e4rjest\u00f6 Helsinki Pridess\u00e4 kuohuu j\u00e4lleen.<\/p>\n<p class=\"paragraph\">Toiminnanjohtaja <strong>Annu Kemppaisen<\/strong> ja hallituksen puheenjohtajan <strong>Senni Moilasen<\/strong> toimintatavat saavat paljon kritiikki\u00e4 entisilt\u00e4 ja nykyisilt\u00e4 ty\u00f6ntekij\u00f6ilt\u00e4. Moilasen ja Kemppaisen v\u00e4itet\u00e4\u00e4n pyrkiv\u00e4n vaientamaan kriittiset \u00e4\u00e4net.<\/p>\n<p class=\"paragraph\">Yhteis\u00f6ss\u00e4 ihmetell\u00e4\u00e4n muun muassa sit\u00e4, ettei kumppanuustuloista ohjata varoja sosiaali- tai nuorisoty\u00f6h\u00f6n juuri lainkaan.<\/p>\n<p class=\"paragraph\"><a href=\"https:\/\/www.hs.fi\/suomi\/art-2000011455080.html\" target=\"_blank\" rel=\"noopener nofollow\">HS<\/a> haastatteli marraskuun lopulla Kemppaisen ja Moilasen. He tiesiv\u00e4t, ett\u00e4 juttu julkaistaan 2. joulukuuta. Helsinki Pride kutsuttiin ylim\u00e4\u00e4r\u00e4iseen kokoukseen 1. joulukuuta. Siell\u00e4 Moilanen ilmoitti eroavansa teht\u00e4v\u00e4st\u00e4\u00e4n vuoden lopussa.<\/p>\n<p class=\"paragraph\">J\u00e4rjest\u00f6ss\u00e4 sosiaality\u00f6n asiantuntijana ty\u00f6skennellyt <strong>Mikaela Leuschel<\/strong> kertoo HS:lle, ettei asiantuntijoita kuunneltu p\u00e4\u00e4t\u00f6ksiss\u00e4. P\u00e4\u00e4paino tuntui olevan kes\u00e4kuun tapahtumassa ymp\u00e4rivuotisen ihmisoikeusty\u00f6n sijasta.<\/p>\n<p class=\"paragraph\">Kemppainen ja Moilanen eiv\u00e4t tunnista v\u00e4itteit\u00e4 huonosta ilmapiirist\u00e4. Heid\u00e4n mielest\u00e4\u00e4n kritiikki tuntuu ep\u00e4reilulta. Kyse on heid\u00e4n mukaansa ajojahdista. He kokevat, ett\u00e4 syyt\u00f6ksiss\u00e4 on my\u00f6s naisvihan piirteit\u00e4.<\/p>\n<p class=\"paragraph\">\u2013 Ty\u00f6yhteis\u00f6t tai ihmiset eiv\u00e4t ole t\u00e4ydellisi\u00e4, ja aina on varaa parantaa, Moilanen sanoo.<\/p>\n<p class=\"paragraph\">Yle <a href=\"https:\/\/www.iltalehti.fi\/kotimaa\/ca76341e-b8d0-43aa-81c5-1e443257ceef\" rel=\"nofollow noopener\" target=\"_blank\">uutisoi<\/a> Helsinki Priden ongelmista kes\u00e4ll\u00e4. HS:lle kerrotaan, ett\u00e4 j\u00e4rjest\u00f6n johto pyrki tuolloin painostamalla ja syyllist\u00e4m\u00e4ll\u00e4 selvitt\u00e4m\u00e4\u00e4n, ketk\u00e4 puhuivat medialle.<\/p>\n<p>Helsinki Pride tuntuu panostavan kes\u00e4kuun tapahtumaan ymp\u00e4rivuotisen ty\u00f6n sijasta, v\u00e4itt\u00e4\u00e4 entinen ty\u00f6ntekij\u00e4. Timur Yilmaz<\/p>\n","protected":false},"excerpt":{"rendered":"Helsinki Priden ilmapiiri\u00e4 kuvaillaan huonoksi. Helsingin Sanomissa johtajat kokevat kritiikin ep\u00e4reiluksi. Helsinki Priden johto ei ota kritiikki\u00e4 vastaan,&hellip;\n","protected":false},"author":2,"featured_media":105469,"comment_status":"","ping_status":"","sticky":false,"template":"","format":"standard","meta":{"footnotes":""},"categories":[5],"tags":[35,22,23,26,27,33,31,30,7251,17,7250,24,25,28,29,15,18,21,637,32,4798,19,20,860,16,7249],"class_list":{"0":"post-105468","1":"post","2":"type-post","3":"status-publish","4":"format-standard","5":"has-post-thumbnail","7":"category-otsikot","8":"tag-24h","9":"tag-breaking-news","10":"tag-breakingnews","11":"tag-featured-news","12":"tag-featurednews","13":"tag-fi","14":"tag-finland","15":"tag-finnish","16":"tag-hallinto-ja-johtajuus","17":"tag-headlines","18":"tag-johtaminen","19":"tag-latest-news","20":"tag-latestnews","21":"tag-main-news","22":"tag-mainnews","23":"tag-news","24":"tag-otsikot","25":"tag-paauutiset","26":"tag-politiikka","27":"tag-suomi","28":"tag-syrjinta","29":"tag-top-stories","30":"tag-topstories","31":"tag-tyoelama","32":"tag-uutiset","33":"tag-yrityksen-johtaminen"},"share_on_mastodon":{"url":"https:\/\/pubeurope.com\/@fi\/115648545842582818","error":""},"_links":{"self":[{"href":"https:\/\/www.europesays.com\/fi\/wp-json\/wp\/v2\/posts\/105468","targetHints":{"allow":["GET"]}}],"collection":[{"href":"https:\/\/www.europesays.com\/fi\/wp-json\/wp\/v2\/posts"}],"about":[{"href":"https:\/\/www.europesays.com\/fi\/wp-json\/wp\/v2\/types\/post"}],"author":[{"embeddable":true,"href":"https:\/\/www.europesays.com\/fi\/wp-json\/wp\/v2\/users\/2"}],"replies":[{"embeddable":true,"href":"https:\/\/www.europesays.com\/fi\/wp-json\/wp\/v2\/comments?post=105468"}],"version-history":[{"count":0,"href":"https:\/\/www.europesays.com\/fi\/wp-json\/wp\/v2\/posts\/105468\/revisions"}],"wp:featuredmedia":[{"embeddable":true,"href":"https:\/\/www.europesays.com\/fi\/wp-json\/wp\/v2\/media\/105469"}],"wp:attachment":[{"href":"https:\/\/www.europesays.com\/fi\/wp-json\/wp\/v2\/media?parent=105468"}],"wp:term":[{"taxonomy":"category","embeddable":true,"href":"https:\/\/www.europesays.com\/fi\/wp-json\/wp\/v2\/categories?post=105468"},{"taxonomy":"post_tag","embeddable":true,"href":"https:\/\/www.europesays.com\/fi\/wp-json\/wp\/v2\/tags?post=105468"}],"curies":[{"name":"wp","href":"https:\/\/api.w.org\/{rel}","templated":true}]}}