{"id":105470,"date":"2025-12-02T06:36:09","date_gmt":"2025-12-02T06:36:09","guid":{"rendered":"https:\/\/www.europesays.com\/fi\/105470\/"},"modified":"2025-12-02T06:36:09","modified_gmt":"2025-12-02T06:36:09","slug":"il-battle-beast-keskeytti-keikkansa-sairauskohtauksen-vuoksi","status":"publish","type":"post","link":"https:\/\/www.europesays.com\/fi\/105470\/","title":{"rendered":"IL: Battle Beast keskeytti keikkansa sairauskohtauksen vuoksi"},"content":{"rendered":"<p>Suomalaisen metalliyhtyeen keikka keskeytyi Slovakiassa.<\/p>\n<p class=\"article-body mb-nof-24 px-nof-16\">Suomalaisen Battle Beast -metalliyhtyeen keikka keskeytyi yleis\u00f6ss\u00e4 tapahtuneen sairauskohtauksen takia, kertoo <a class=\"article-genericlink\" href=\"https:\/\/www.iltalehti.fi\/viihdeuutiset\/a\/b46e8283-d820-4b92-90b6-3a1584c22ff5\" rel=\"nofollow noopener\" target=\"_blank\">Iltalehti<\/a>. B\u00e4ndi konsertoi maanantaina 1. joulukuuta Slovakian Bratislavassa.<\/p>\n<p class=\"article-body mb-nof-24 px-nof-16\">IL kertoo, ett\u00e4 yleis\u00f6\u00f6n kantautuneen tiedon mukaan yleis\u00f6ss\u00e4 ollut 60-vuotias mies olisi menehtynyt puoli tuntia kest\u00e4neest\u00e4 elvytyksest\u00e4 huolimatta.<\/p>\n<p class=\"article-body mb-nof-24 px-nof-16\">\u2013 <a class=\"article-personlink\" href=\"https:\/\/www.is.fi\/haku\/?query=Eero%20Sipil%C3%A4\" rel=\"nofollow noopener\" target=\"_blank\">Eero Sipil\u00e4<\/a> nappasi mikin Nooralta yht\u00e4kki\u00e4 ja kertoi, ett\u00e4 yleis\u00f6ss\u00e4 on sairauskohtaus, paikalla ollut suomalaisfani <a class=\"article-personlink\" href=\"https:\/\/www.is.fi\/haku\/?query=Kalle%20Pesonen\" rel=\"nofollow noopener\" target=\"_blank\">Kalle Pesonen<\/a> kertoo lehdelle viitaten yhtyeen keulahahmo <a class=\"article-personlink\" href=\"https:\/\/www.is.fi\/haku\/?query=Noora%20Louhimoon\" rel=\"nofollow noopener\" target=\"_blank\">Noora Louhimoon<\/a>.<\/p>\n<p class=\"article-body mb-nof-24 px-nof-16\">\u2013 Aivan hirve\u00e4 tilanne. Kamalinta, mit\u00e4 olen joutunut koskaan kokemaan, Pesonen sanoo.<\/p>\n<p class=\"article-body mb-nof-24 px-nof-16\">Iltalehti on saanut asiaan vahvistuksen my\u00f6s Battle Beastin basistilta Eero Sipil\u00e4lt\u00e4, jonka mukaan he keskeyttiv\u00e4t keikan tapahtuman j\u00e4lkeen.<\/p>\n<p class=\"article-body mb-nof-24 px-nof-16\">\u2013 Pit\u00e4\u00e4 valitettavasti paikkansa. Kyseess\u00e4 oli yleis\u00f6n edustaja, joten meid\u00e4n henkil\u00f6kunnallamme on kaikki ok, Sipil\u00e4 kertoo lehdelle.<\/p>\n<p class=\"article-body mb-nof-24 px-nof-16\">Vuonna 2008 perustetun Battle Beastin kokoonpanoon kuuluvat Noora Louhimon ja Eero Sipil\u00e4n lis\u00e4ksi rumpali <a class=\"article-personlink\" href=\"https:\/\/www.is.fi\/haku\/?query=Pyry%20Vikki\" rel=\"nofollow noopener\" target=\"_blank\">Pyry Vikki<\/a>, kosketinsoittaja <a class=\"article-personlink\" href=\"https:\/\/www.is.fi\/haku\/?query=Janne%20Bj%C3%B6rkroth\" rel=\"nofollow noopener\" target=\"_blank\">Janne Bj\u00f6rkroth<\/a>, kitaristi <a class=\"article-personlink\" href=\"https:\/\/www.is.fi\/haku\/?query=Joona%20Bj%C3%B6rkroth\" rel=\"nofollow noopener\" target=\"_blank\">Joona Bj\u00f6rkroth<\/a> sek\u00e4 kitaristi <a class=\"article-personlink\" href=\"https:\/\/www.is.fi\/haku\/?query=Juuso%20Soinio\" rel=\"nofollow noopener\" target=\"_blank\">Juuso Soinio<\/a>.<\/p>\n<p class=\"article-body mb-nof-24 px-nof-16\">Louhimo kertoi IS:lle kes\u00e4kuussa The Riff -baarin 10-vuotisjuhlissa yhtyeen ty\u00f6st\u00e4v\u00e4n uutta albumia, joka lopulta julkaistiin lokakuussa.<\/p>\n","protected":false},"excerpt":{"rendered":"Suomalaisen metalliyhtyeen keikka keskeytyi Slovakiassa. Suomalaisen Battle Beast -metalliyhtyeen keikka keskeytyi yleis\u00f6ss\u00e4 tapahtuneen sairauskohtauksen takia, kertoo Iltalehti. B\u00e4ndi&hellip;\n","protected":false},"author":2,"featured_media":105471,"comment_status":"","ping_status":"","sticky":false,"template":"","format":"standard","meta":{"footnotes":""},"categories":[136],"tags":[407,137,33,31,30,34,408,32,109],"class_list":{"0":"post-105470","1":"post","2":"type-post","3":"status-publish","4":"format-standard","5":"has-post-thumbnail","7":"category-julkkikset","8":"tag-celebrities","9":"tag-entertainment","10":"tag-fi","11":"tag-finland","12":"tag-finnish","13":"tag-ilta-sanomat","14":"tag-julkkikset","15":"tag-suomi","16":"tag-viihde"},"share_on_mastodon":{"url":"https:\/\/pubeurope.com\/@fi\/115648592815970552","error":""},"_links":{"self":[{"href":"https:\/\/www.europesays.com\/fi\/wp-json\/wp\/v2\/posts\/105470","targetHints":{"allow":["GET"]}}],"collection":[{"href":"https:\/\/www.europesays.com\/fi\/wp-json\/wp\/v2\/posts"}],"about":[{"href":"https:\/\/www.europesays.com\/fi\/wp-json\/wp\/v2\/types\/post"}],"author":[{"embeddable":true,"href":"https:\/\/www.europesays.com\/fi\/wp-json\/wp\/v2\/users\/2"}],"replies":[{"embeddable":true,"href":"https:\/\/www.europesays.com\/fi\/wp-json\/wp\/v2\/comments?post=105470"}],"version-history":[{"count":0,"href":"https:\/\/www.europesays.com\/fi\/wp-json\/wp\/v2\/posts\/105470\/revisions"}],"wp:featuredmedia":[{"embeddable":true,"href":"https:\/\/www.europesays.com\/fi\/wp-json\/wp\/v2\/media\/105471"}],"wp:attachment":[{"href":"https:\/\/www.europesays.com\/fi\/wp-json\/wp\/v2\/media?parent=105470"}],"wp:term":[{"taxonomy":"category","embeddable":true,"href":"https:\/\/www.europesays.com\/fi\/wp-json\/wp\/v2\/categories?post=105470"},{"taxonomy":"post_tag","embeddable":true,"href":"https:\/\/www.europesays.com\/fi\/wp-json\/wp\/v2\/tags?post=105470"}],"curies":[{"name":"wp","href":"https:\/\/api.w.org\/{rel}","templated":true}]}}