{"id":105472,"date":"2025-12-02T06:39:11","date_gmt":"2025-12-02T06:39:11","guid":{"rendered":"https:\/\/www.europesays.com\/fi\/105472\/"},"modified":"2025-12-02T06:39:11","modified_gmt":"2025-12-02T06:39:11","slug":"amazing-race-suomi-nina-tapio-paljastaa-tuotannon-kammayksen","status":"publish","type":"post","link":"https:\/\/www.europesays.com\/fi\/105472\/","title":{"rendered":"Amazing Race Suomi: Nina Tapio paljastaa tuotannon k\u00e4mm\u00e4yksen"},"content":{"rendered":"<p>\n            20251027, Helsinki. Amazing Race Suomi 2025 pressi. Kuvassa Nina Tapio ja Elsa Forsberg.<br \/>\n            Timo Korhonen\n        <\/p>\n<p class=\"subtitle \">Amazing Race Suomen kulisseissa sattui ja tapahtui.<\/p>\n<p class=\"article-content article-content-width !bg-background\">Amazing Race Suomen lauantaina 29. marraskuuta Nelosella n\u00e4hdyss\u00e4 kolmannessa jaksossa kisaparit siirtyiv\u00e4t Kambod\u017ean tukalista helteist\u00e4 vilkkaaseen Chiang Main kaupunkiin Thaimaassa.<\/p>\n<p class=\"article-content article-content-width !bg-background\"><a href=\"https:\/\/www.instagram.com\/p\/DRprDIsCL0s\/\" target=\"_blank\" rel=\"nofollow noopener\">Kisapari  ja tytt\u00e4rens\u00e4  muistelevat jakson kuvauksia Instagramissa.<\/a><\/p>\n<p class=\"article-content article-content-width !bg-background\">\u2013\tAluksi mietimme, onko Thaimaa tyls\u00e4, koska olemme jo olleet siell\u00e4. Sitten totesimme, ett\u00e4 emme ole olleet Pohjois-Thaimaassa. Siell\u00e4 oli ihan eri maisematkin, Elsa ja Nina kertovat.<\/p>\n<p>                <img decoding=\"async\" src=\"https:\/\/www.europesays.com\/fi\/wp-content\/uploads\/2025\/12\/2008081.webp\" width=\"576\" height=\"322\" alt=\"Kookosp\u00e4hkin\u00f6iden kantamisen kisapari koki kivaksi teht\u00e4v\u00e4ksi.\" loading=\"lazy\" \/>            <\/p>\n<p>\n            Kookosp\u00e4hkin\u00f6iden kantamisen kisapari koki kivaksi teht\u00e4v\u00e4ksi.<br \/>\n            Maitree Khunasutirat\/Sanoma\n        <\/p>\n<p class=\"article-content article-content-width !bg-background\">Etapin ensimm\u00e4isell\u00e4 teht\u00e4v\u00e4pisteell\u00e4 piti kantaa kookosp\u00e4hkin\u00f6it\u00e4.<\/p>\n<p class=\"article-content article-content-width !bg-background\">\u2013\tMeid\u00e4n iso etumme oli, ettei meill\u00e4 ole pituuseroa. Olemme melkein sentilleen samanpituisia. T\u00e4mm\u00f6isi\u00e4 melkein 160-senttisi\u00e4, Elsa sanoo.\u00a0<\/p>\n<p class=\"article-content article-content-width !bg-background\">\u2013\tNo, min\u00e4 olen 160 sentti\u00e4, Nina huomauttaa.\u00a0<\/p>\n<p>Y\u00f6k\u00f6tt\u00e4v\u00e4 vesiteht\u00e4v\u00e4<\/p>\n<p class=\"article-content article-content-width !bg-background\">Seuraava teht\u00e4v\u00e4 oli tiesulku, jossa vain toinen suoritti teht\u00e4v\u00e4n. T\u00e4ll\u00e4 kertaa oli Ninan vuoro hoitaa homma kotiin.<\/p>\n<p>        <a itemprop=\"url\" href=\"https:\/\/www.seiska.fi\/katso\/sara-sieppi-amazing-racessa-minahan-sekosin\/1974911\" rel=\"nofollow noopener\" target=\"_blank\"><\/p>\n<p>\nSara Sieppi Amazing Racessa\n<\/p>\n<p class=\"section-date\">\n        <strong class=\"article-section\" data-section=\"katso\"><br \/>\n            katso<br \/>\n        <\/strong><br \/>\n        28.10. 08:45\n    <\/p>\n<p>Sara Sieppi Amazing Racessa: &#8221;Min\u00e4h\u00e4n sekosin&#8221;\n    <\/p>\n<p itemprop=\"description\" class=\"subtitle \">\n    Amazing Race Suomeen osallistuneen Sara Siepin veli Artturi Sieppi on luonteeltaan siskoaan rauhallisempi.\n<\/p>\n<p>        <\/a><\/p>\n<p class=\"article-content article-content-width !bg-background\">Teht\u00e4v\u00e4 osoittautui haastavaksi. Ninan tuli istua nurmella ja pidell\u00e4 kolmea vesimaljaa vartin verran k\u00e4mmenill\u00e4\u00e4n ja p\u00e4\u00e4ns\u00e4 p\u00e4\u00e4ll\u00e4 ilman, ett\u00e4 vett\u00e4 l\u00e4ikkyy.<\/p>\n<p class=\"article-content article-content-width !bg-background\">\u2013 Ensinn\u00e4kin siell\u00e4 oli hyttysi\u00e4. Aurinkorasvaa ja hike\u00e4 oli joka paikassa. Minulla on aika pienet k\u00e4det eiv\u00e4tk\u00e4 ne ole hirve\u00e4n yliliikkuvat. Se oli vaikeampi kuin ajattelin, Nina kuvailee tilannetta.<\/p>\n<p>                <img decoding=\"async\" src=\"https:\/\/www.europesays.com\/fi\/wp-content\/uploads\/2025\/12\/2008079.webp\" width=\"576\" height=\"322\" title=\"Ninan oli helppo pit\u00e4\u00e4 malja p\u00e4\u00e4n p\u00e4\u00e4ll\u00e4, mutta k\u00e4det tuottivat ongelmia.\" alt=\"Amazing Race Suomi, 3. kausi, 2025, Elsa Forsberg, Nina Tapio.\" loading=\"lazy\" \/>            <\/p>\n<p>\n            Ninan oli helppo pit\u00e4\u00e4 malja p\u00e4\u00e4n p\u00e4\u00e4ll\u00e4, mutta k\u00e4det tuottivat ongelmia.<br \/>\n            Maitree Khunasutirat\/Sanoma\n        <\/p>\n<p class=\"article-content article-content-width !bg-background\">Kaksi kertaa teht\u00e4v\u00e4ss\u00e4 ep\u00e4onnistuttuaan Nina ja Elsa p\u00e4\u00e4ttiv\u00e4t keskeytt\u00e4\u00e4 ja jatkaa matkaa ansaitsemansa express-passin avulla.<\/p>\n<p class=\"article-content article-content-width !bg-background\">N\u00e4in he p\u00e4\u00e4siv\u00e4t siirtym\u00e4\u00e4n nopeasti p\u00e4iv\u00e4n kolmannen teht\u00e4v\u00e4n kimppuun, jossa vastassa odotti naisten sanojen mukaan \u201cpaskaj\u00e4rvi\u201d.<\/p>\n<p class=\"article-content article-content-width !bg-background\">\u2013\tSanoin Elsalle, ett\u00e4 katso tuota vett\u00e4. Tuonne en ainakaan halua menn\u00e4. Hyi!<\/p>\n<p class=\"article-content article-content-width !bg-background\">\u2013\tFive minutes later\u2026, Elsa jatkaa.<\/p>\n<p class=\"article-content article-content-width !bg-background\">\u2013\t\u2026siell\u00e4 me pulikoimme, Nina naurahtaa.<\/p>\n<p>                <img decoding=\"async\" src=\"https:\/\/www.europesays.com\/fi\/wp-content\/uploads\/2025\/12\/2008104.webp\" width=\"576\" height=\"322\" alt=\"Lauttateht\u00e4v\u00e4ss\u00e4 Nina ja Elsa ohittivat Maria Guzeninan ja Vilma V\u00e4h\u00e4maan. N\u00e4in he kiriv\u00e4t p\u00e4iv\u00e4n voittajapariksi.\" loading=\"lazy\" \/>            <\/p>\n<p>\n            Lauttateht\u00e4v\u00e4ss\u00e4 Nina ja Elsa ohittivat Maria Guzeninan ja Vilma V\u00e4h\u00e4maan. N\u00e4in he kiriv\u00e4t p\u00e4iv\u00e4n voittajapariksi.<br \/>\n            Maitree Khunasutirat\/Sanoma\n        <\/p>\n<p class=\"article-content article-content-width !bg-background\">Kisaparilla olisi ollut kiertotie-teht\u00e4v\u00e4ss\u00e4 mahdollisuus v\u00e4ltt\u00e4\u00e4 j\u00e4rvess\u00e4 kastautuminen suorittamalla tanssiteht\u00e4v\u00e4, mutta se oli Elsalle pahin mahdollinen haaste.<\/p>\n<p class=\"article-content article-content-width !bg-background\">\u2013\tMin\u00e4h\u00e4n tanssin suihkussa, ty\u00f6paikan tauoilla ja baarissa, mutta jos minun pit\u00e4\u00e4 opetalla jokin tanssi, se ei l\u00e4hde, Elsa sanoo.<\/p>\n<p class=\"article-content article-content-width !bg-background\">J\u00e4lkiviisaana p\u00e4\u00e4t\u00f6s harmitti, sill\u00e4 tanssiteht\u00e4v\u00e4 olisi ollut lautan rakentamista nopeampi. Lis\u00e4ksi tanssiteht\u00e4v\u00e4 muistutti enemm\u00e4n naruhyppely\u00e4 kuin tanssikoreografiaa.<\/p>\n<p>P\u00e4\u00e4sy hotelliin estettiin<\/p>\n<p class=\"article-content article-content-width !bg-background\">Kolmannen teht\u00e4v\u00e4n j\u00e4lkeen olikin aika etsi\u00e4 juontaja   temppelialueelta.<\/p>\n<p>        <a itemprop=\"url\" href=\"https:\/\/www.seiska.fi\/katso\/amazing-race-narkastytti-katsojat-nyt-kommentoi-joel-volanen\/2001733\" rel=\"nofollow noopener\" target=\"_blank\"><\/p>\n<p>\nJoel Volanen vastaa kritiikkiin\n<\/p>\n<p class=\"section-date\">\n        <strong class=\"article-section\" data-section=\"katso\"><br \/>\n            katso<br \/>\n        <\/strong><br \/>\n        25.11. 06:15\n    <\/p>\n<p>Amazing Race n\u00e4rk\u00e4stytti katsojat \u2013 nyt kommentoi Joel Volanen\n    <\/p>\n<p itemprop=\"description\" class=\"subtitle \">\n    Amazing Race Suomen kilpailija kertoo oman n\u00e4kemyksens\u00e4 somessa kuohuttavasta aiheesta.\n<\/p>\n<p>        <\/a><\/p>\n<p class=\"article-content article-content-width !bg-background\">Vaatteet m\u00e4rkin\u00e4 pyyhe pepun alla Nina ja Elsa istuivat taksiin ja hurauttivat p\u00e4\u00e4tepisteelle.<\/p>\n<p class=\"article-content article-content-width !bg-background\">\u2013\tEn tied\u00e4, miksi minulla oli ihan hirve\u00e4t paineet. A) Olemmeko oikeassa paikassa. B) Monensiako olemme. C) Saako k\u00e4ytt\u00e4\u00e4 hissi\u00e4, Elsa muistelee.<\/p>\n<p class=\"article-content article-content-width !bg-background\">\u2013\tD) Se hissimatka kesti 400 vuotta, Nina lis\u00e4\u00e4.<\/p>\n<p class=\"article-content article-content-width !bg-background\">\u2013\tSe oli maailman hitain hissi. Se oli ihan kauhea. Olin ihan kakat housussa, Elsa jatkaa.<\/p>\n<p class=\"article-content article-content-width !bg-background\">Amazing Racen s\u00e4\u00e4nn\u00f6t kuuluvat, ettei kukaan saa vied\u00e4 tai n\u00e4ytt\u00e4\u00e4 kilpailijoille teht\u00e4v\u00e4paikkoja tai p\u00e4\u00e4tepisteen sijaintia.\u00a0<\/p>\n<p class=\"article-content article-content-width !bg-background\">Ninan ja Elsan helpotukseksi paikallinen rouva l\u00e4hti heid\u00e4n mukaansa hissimatkalle ja perill\u00e4 osoitti k\u00e4dell\u00e4\u00e4n, mihin suuntaan heid\u00e4n tulisi jatkaa l\u00f6yt\u00e4\u00e4kseen Heikin. Suunnan osoittaminen on luvallista.\u00a0<\/p>\n<p class=\"article-content article-content-width !bg-background\">Peliin kuuluu, ett\u00e4 etapin p\u00e4\u00e4tepisteell\u00e4 kisaparit turisevat hetken kameroiden k\u00e4ydess\u00e4 Heikin kanssa.<\/p>\n<p class=\"article-content article-content-width !bg-background\">Nina ja Elsa kertovat, mit\u00e4 turinoiden j\u00e4lkeen tapahtuu kulisseissa.<\/p>\n<p class=\"article-content article-content-width !bg-background\">\u2013\tSiell\u00e4 joutuu aina odottelemaan, kun otetaan dronekuvia ja muuta. Olimme jo aika pitk\u00e4\u00e4n odotelleet siell\u00e4 ylh\u00e4\u00e4ll\u00e4, kun saimme luvan l\u00e4hte\u00e4 hotellille.<\/p>\n<p class=\"article-content article-content-width !bg-background\">\u2013\tSitten menimme alas ja olimme juuri menossa taksiin, kun tuli puhelu kameramiehillemme, ett\u00e4 Ninan ja Elsan pit\u00e4isikin tulla takaisin yl\u00f6s. Jokin kuva oli unohtanut.\u00a0<\/p>\n<p class=\"article-content article-content-width !bg-background\">T\u00e4ss\u00e4 v\u00e4liss\u00e4 \u201dmaailman hitaimmalle\u201d hissille oli kertynyt pitk\u00e4 jono, joten hotelliin p\u00e4\u00e4sy viiv\u00e4styi kaksikon osalta.<\/p>\n<p class=\"italic m-italic article-content article-content-width !bg-background\">Amazing Race Suomi n\u00e4hd\u00e4\u00e4n lauantaisin klo 19.30 Nelosella sek\u00e4 Ruudussa.\u00a0Seuraava jakso n\u00e4hd\u00e4\u00e4n poikkeuksellisesti perjantaina 5. joulukuuta Nelosella sek\u00e4 Ruudussa.<\/p>\n<p>        <a itemprop=\"url\" href=\"https:\/\/www.seiska.fi\/katso\/nina-tapio-sairastui-amazing-racen-kuvauksissa\/1992080\" rel=\"nofollow noopener\" target=\"_blank\"><\/p>\n<p>\nNina Tapio\n<\/p>\n<p class=\"section-date\">\n        <strong class=\"article-section\" data-section=\"katso\"><br \/>\n            katso<br \/>\n        <\/strong><br \/>\n        15.11. 06:15\n    <\/p>\n<p>Nina Tapio sairastui Amazing Racen kuvauksissa\n    <\/p>\n<p itemprop=\"description\" class=\"subtitle \">\n    Laulaja Nina Tapion tyt\u00e4r Elsa Forsberg kehuu \u00e4iti\u00e4\u00e4n t\u00e4m\u00e4n lannistumattomuudesta.\n<\/p>\n<p>        <\/a><\/p>\n<p><script async src=\"\/\/www.instagram.com\/embed.js\"><\/script><\/p>\n","protected":false},"excerpt":{"rendered":"20251027, Helsinki. Amazing Race Suomi 2025 pressi. Kuvassa Nina Tapio ja Elsa Forsberg. Timo Korhonen Amazing Race Suomen&hellip;\n","protected":false},"author":2,"featured_media":105473,"comment_status":"","ping_status":"","sticky":false,"template":"","format":"standard","meta":{"footnotes":""},"categories":[133],"tags":[16075,3177,16093,137,33,31,30,18116,1478,4809,1758,8156,19892,2158,32,206,2911,156,109],"class_list":{"0":"post-105472","1":"post","2":"type-post","3":"status-publish","4":"format-standard","5":"has-post-thumbnail","7":"category-televisiot","8":"tag-3-kausi","9":"tag-amazing-race-suomi","10":"tag-elsa-forsberg","11":"tag-entertainment","12":"tag-fi","13":"tag-finland","14":"tag-finnish","15":"tag-kilpailureality","16":"tag-matkailu","17":"tag-moka","18":"tag-nelonen","19":"tag-nina-tapio","20":"tag-paatepiste","21":"tag-ruutu","22":"tag-suomi","23":"tag-televisiot","24":"tag-thaimaa","25":"tag-tv","26":"tag-viihde"},"share_on_mastodon":{"url":"https:\/\/pubeurope.com\/@fi\/115648604839935841","error":""},"_links":{"self":[{"href":"https:\/\/www.europesays.com\/fi\/wp-json\/wp\/v2\/posts\/105472","targetHints":{"allow":["GET"]}}],"collection":[{"href":"https:\/\/www.europesays.com\/fi\/wp-json\/wp\/v2\/posts"}],"about":[{"href":"https:\/\/www.europesays.com\/fi\/wp-json\/wp\/v2\/types\/post"}],"author":[{"embeddable":true,"href":"https:\/\/www.europesays.com\/fi\/wp-json\/wp\/v2\/users\/2"}],"replies":[{"embeddable":true,"href":"https:\/\/www.europesays.com\/fi\/wp-json\/wp\/v2\/comments?post=105472"}],"version-history":[{"count":0,"href":"https:\/\/www.europesays.com\/fi\/wp-json\/wp\/v2\/posts\/105472\/revisions"}],"wp:featuredmedia":[{"embeddable":true,"href":"https:\/\/www.europesays.com\/fi\/wp-json\/wp\/v2\/media\/105473"}],"wp:attachment":[{"href":"https:\/\/www.europesays.com\/fi\/wp-json\/wp\/v2\/media?parent=105472"}],"wp:term":[{"taxonomy":"category","embeddable":true,"href":"https:\/\/www.europesays.com\/fi\/wp-json\/wp\/v2\/categories?post=105472"},{"taxonomy":"post_tag","embeddable":true,"href":"https:\/\/www.europesays.com\/fi\/wp-json\/wp\/v2\/tags?post=105472"}],"curies":[{"name":"wp","href":"https:\/\/api.w.org\/{rel}","templated":true}]}}