{"id":105476,"date":"2025-12-02T06:47:08","date_gmt":"2025-12-02T06:47:08","guid":{"rendered":"https:\/\/www.europesays.com\/fi\/105476\/"},"modified":"2025-12-02T06:47:08","modified_gmt":"2025-12-02T06:47:08","slug":"nelipyora-on-nyt-tampereella-s-etukortilla-bonusta-autoilijan-palveluista","status":"publish","type":"post","link":"https:\/\/www.europesays.com\/fi\/105476\/","title":{"rendered":"Nelipy\u00f6r\u00e4 on nyt Tampereella \u2013 S-Etukortilla Bonusta autoilijan palveluista"},"content":{"rendered":"<p><strong><\/p>\n<p>Nelipy\u00f6r\u00e4 avaa uuden toimipaikan Tampereelle tiistaina 2. joulukuuta. Autoliike sijaitsee Lielahdessa osoitteessa Taninkatu 3.<\/p>\n<p><\/strong><\/p>\n<p>Nelipy\u00f6r\u00e4 Tampereen uusien autojen merkkiedustukset ovat Kia ja Mitsubishi. Lis\u00e4ksi Nelipy\u00f6r\u00e4st\u00e4 saa Kian, Mitsubishin, Opelin, Citro\u00ebnin ja Peugeotin t\u00e4yden palvelun huollot, varaosat sek\u00e4 kaikkien merkkien tuulilasikorjaukset, korikorjaukset ja renkaat. Liikkeess\u00e4 on my\u00f6s laaja valikoima vaihtoautoja.<\/p>\n<p>Nelipy\u00f6r\u00e4n liikkeiss\u00e4 asioivat asiakasomistajat saavat Bonusta auton ostosta. Bonuksen piiriin kuuluvat my\u00f6s kaikki huollon palvelut, kuten varaosat, renkaat ja kolarikorjauksen omavastuu.<\/p>\n<p>\u201dTampereella saa nyt ensimm\u00e4ist\u00e4 kertaa S-Etukortilla Bonusta auton ostosta ja kaikista huollon palveluista. Asiakasomistajien kannattaa tuoda autonsa laadukkaaseen huoltoon meille ja asioida muillakin autoasioilla Tampereen Nelipy\u00f6r\u00e4ss\u00e4\u201d, kannustaa Nelipy\u00f6r\u00e4n toimitusjohtaja\u00a0<strong>Johan Lillbro\u00e4nda<\/strong>.<\/p>\n<p>Nelipy\u00f6r\u00e4 on laajentanut t\u00e4n\u00e4 vuonna my\u00f6s Lappeenrantaan ja Sein\u00e4joelle. Nelipy\u00f6r\u00e4n tavoitteena on jatkaa kasvua valtakunnallisena autokauppana.<\/p>\n<p>Nelipy\u00f6r\u00e4 on Osuuskauppa H\u00e4meenmaan ja Kymen Seudun Osuuskaupan omistama autokauppa, joka toimii kahdeksalla paikkakunnalla: Lahdessa, H\u00e4meenlinnassa, Kotkassa, Kouvolassa, Hyvink\u00e4\u00e4ll\u00e4, Lappeenrannassa, Sein\u00e4joella ja Tampereella.<\/p>\n","protected":false},"excerpt":{"rendered":"Nelipy\u00f6r\u00e4 avaa uuden toimipaikan Tampereelle tiistaina 2. joulukuuta. Autoliike sijaitsee Lielahdessa osoitteessa Taninkatu 3. Nelipy\u00f6r\u00e4 Tampereen uusien autojen&hellip;\n","protected":false},"author":2,"featured_media":105477,"comment_status":"","ping_status":"","sticky":false,"template":"","format":"standard","meta":{"footnotes":""},"categories":[76],"tags":[79,77,33,31,30,32,78],"class_list":{"0":"post-105476","1":"post","2":"type-post","3":"status-publish","4":"format-standard","5":"has-post-thumbnail","7":"category-talous","8":"tag-business","9":"tag-economy","10":"tag-fi","11":"tag-finland","12":"tag-finnish","13":"tag-suomi","14":"tag-talous"},"share_on_mastodon":{"url":"https:\/\/pubeurope.com\/@fi\/115648636197844822","error":""},"_links":{"self":[{"href":"https:\/\/www.europesays.com\/fi\/wp-json\/wp\/v2\/posts\/105476","targetHints":{"allow":["GET"]}}],"collection":[{"href":"https:\/\/www.europesays.com\/fi\/wp-json\/wp\/v2\/posts"}],"about":[{"href":"https:\/\/www.europesays.com\/fi\/wp-json\/wp\/v2\/types\/post"}],"author":[{"embeddable":true,"href":"https:\/\/www.europesays.com\/fi\/wp-json\/wp\/v2\/users\/2"}],"replies":[{"embeddable":true,"href":"https:\/\/www.europesays.com\/fi\/wp-json\/wp\/v2\/comments?post=105476"}],"version-history":[{"count":0,"href":"https:\/\/www.europesays.com\/fi\/wp-json\/wp\/v2\/posts\/105476\/revisions"}],"wp:featuredmedia":[{"embeddable":true,"href":"https:\/\/www.europesays.com\/fi\/wp-json\/wp\/v2\/media\/105477"}],"wp:attachment":[{"href":"https:\/\/www.europesays.com\/fi\/wp-json\/wp\/v2\/media?parent=105476"}],"wp:term":[{"taxonomy":"category","embeddable":true,"href":"https:\/\/www.europesays.com\/fi\/wp-json\/wp\/v2\/categories?post=105476"},{"taxonomy":"post_tag","embeddable":true,"href":"https:\/\/www.europesays.com\/fi\/wp-json\/wp\/v2\/tags?post=105476"}],"curies":[{"name":"wp","href":"https:\/\/api.w.org\/{rel}","templated":true}]}}