{"id":105478,"date":"2025-12-02T06:48:07","date_gmt":"2025-12-02T06:48:07","guid":{"rendered":"https:\/\/www.europesays.com\/fi\/105478\/"},"modified":"2025-12-02T06:48:07","modified_gmt":"2025-12-02T06:48:07","slug":"aasian-tulvissa-liki-1-200-kuollutta-yle","status":"publish","type":"post","link":"https:\/\/www.europesays.com\/fi\/105478\/","title":{"rendered":"Aasian tulvissa liki 1 200 kuollutta &#8211; Yle"},"content":{"rendered":"<ol>\n<li><a href=\"https:\/\/news.google.com\/rss\/articles\/CBMiQkFVX3lxTFB5M0xhUkxGRmx3c1FoQ01XSlhNTHpxbnRUZE14Y183S0RGNzNoRHR1NHZJeWQ3SGp2Zkd4TG1BVlhsdw?oc=5\" target=\"_blank\" rel=\"nofollow noopener\">Aasian tulvissa liki 1 200 kuollutta<\/a>&nbsp;&nbsp;Yle<\/li>\n<li><a href=\"https:\/\/news.google.com\/rss\/articles\/CBMiXkFVX3lxTFA0d2NwcEszaHlHaEtDX1ZHMVloejg4U1E4RUNyblhKQXVha2tPQXZBdnVUYTN0bmQ5LTJsNVl2ekxQYzRmNFJOTGwzTTNfWXRpWEZ2N0lCWGIweWFJMXc?oc=5\" target=\"_blank\" rel=\"nofollow noopener\">Yli 1 000 kuollut Aasian tulvissa \u2013 kuvat paljastavat tuhot<\/a>&nbsp;&nbsp;Ilta-Sanomat<\/li>\n<li><a href=\"https:\/\/news.google.com\/rss\/articles\/CBMiXEFVX3lxTE5Welp2eUZ1eDhoUGJNRWhNUVRIU3FHS09WSHJ5eEk4dnV0VGU2cVVqeGVQN1lvTTlfdm9ZbUlWZVZsUGV6YmJZQ0l1NmptUnpPcm5jM1UzLTFsT3U0?oc=5\" target=\"_blank\" rel=\"nofollow noopener\">Kuvakooste | Kaakkois-Aasian ennenn\u00e4kem\u00e4tt\u00f6m\u00e4t rankkasateet ja tulvat koettelevat miljoonia<\/a>&nbsp;&nbsp;HS.fi<\/li>\n<li><a href=\"https:\/\/news.google.com\/rss\/articles\/CBMiuAFBVV95cUxQYW9GOEtqT3RGVUxlMkhpTC1fTGJENGlQTHlCc1FBamdYbm5lb3BwMkxKUjQ1RmQ1bDhfYkxYcFJmT3pnZ3M2Q2Q0RDZzQ2dfRmlLaDRkNjhveF9EeDcyTEdlWVh4T2ZSbTB1NEFDUGJIbVlIZG9kTFVFbHVaa21yRHhGWWd5YllDSzB0RzRJbC1IWUJ6NlY0NnRndjdrZ1ItVzBTY0lWTWJDTng5TVpRLVA4a3NIeUFp?oc=5\" target=\"_blank\" rel=\"nofollow noopener\">Kaakkois-Aasiassa karmeita tulvia \u2013 Pekka Poudan mukaan pahempaa on luvassa<\/a>&nbsp;&nbsp;mtvuutiset.fi<\/li>\n<li><a href=\"https:\/\/news.google.com\/rss\/articles\/CBMiVkFVX3lxTFBKakhWaUI5Mm5pU0otbEZzYnhHYTVkZm9HcjZBRm1zYXFQU1JIYUdobjBqSGR0R1ZzX3gxaldaVGlvMUFTLVhtbDhTOHlibEU5XzlkMmp3?oc=5\" target=\"_blank\" rel=\"nofollow noopener\">Sri Lankassa suuria osia maasta on joutunut tulvavesien alle \u2013 satoja kuolleita my\u00f6s Thaimaassa ja Indonesiassa<\/a>&nbsp;&nbsp;Etel\u00e4-Suomen Sanomat<\/li>\n<\/ol>\n","protected":false},"excerpt":{"rendered":"Aasian tulvissa liki 1 200 kuollutta&nbsp;&nbsp;Yle Yli 1 000 kuollut Aasian tulvissa \u2013 kuvat paljastavat tuhot&nbsp;&nbsp;Ilta-Sanomat Kuvakooste |&hellip;\n","protected":false},"author":2,"featured_media":74,"comment_status":"","ping_status":"","sticky":false,"template":"","format":"standard","meta":{"footnotes":""},"categories":[14],"tags":[22,23,26,27,33,31,30,17,4034,4036,24,25,28,29,3281,15,837,18,21,19893,32,2911,19,20,2524,56,16,59,60,61],"class_list":{"0":"post-105478","1":"post","2":"type-post","3":"status-publish","4":"format-standard","5":"has-post-thumbnail","7":"category-ulkomaat","8":"tag-breaking-news","9":"tag-breakingnews","10":"tag-featured-news","11":"tag-featurednews","12":"tag-fi","13":"tag-finland","14":"tag-finnish","15":"tag-headlines","16":"tag-indonesia","17":"tag-kaakkois-aasia","18":"tag-latest-news","19":"tag-latestnews","20":"tag-main-news","21":"tag-mainnews","22":"tag-malesia","23":"tag-news","24":"tag-onnettomuudet","25":"tag-otsikot","26":"tag-paauutiset","27":"tag-sri-lanka","28":"tag-suomi","29":"tag-thaimaa","30":"tag-top-stories","31":"tag-topstories","32":"tag-tulvat","33":"tag-ulkomaat","34":"tag-uutiset","35":"tag-world","36":"tag-world-news","37":"tag-worldnews"},"share_on_mastodon":{"url":"https:\/\/pubeurope.com\/@fi\/115648640166302812","error":""},"_links":{"self":[{"href":"https:\/\/www.europesays.com\/fi\/wp-json\/wp\/v2\/posts\/105478","targetHints":{"allow":["GET"]}}],"collection":[{"href":"https:\/\/www.europesays.com\/fi\/wp-json\/wp\/v2\/posts"}],"about":[{"href":"https:\/\/www.europesays.com\/fi\/wp-json\/wp\/v2\/types\/post"}],"author":[{"embeddable":true,"href":"https:\/\/www.europesays.com\/fi\/wp-json\/wp\/v2\/users\/2"}],"replies":[{"embeddable":true,"href":"https:\/\/www.europesays.com\/fi\/wp-json\/wp\/v2\/comments?post=105478"}],"version-history":[{"count":0,"href":"https:\/\/www.europesays.com\/fi\/wp-json\/wp\/v2\/posts\/105478\/revisions"}],"wp:featuredmedia":[{"embeddable":true,"href":"https:\/\/www.europesays.com\/fi\/wp-json\/wp\/v2\/media\/74"}],"wp:attachment":[{"href":"https:\/\/www.europesays.com\/fi\/wp-json\/wp\/v2\/media?parent=105478"}],"wp:term":[{"taxonomy":"category","embeddable":true,"href":"https:\/\/www.europesays.com\/fi\/wp-json\/wp\/v2\/categories?post=105478"},{"taxonomy":"post_tag","embeddable":true,"href":"https:\/\/www.europesays.com\/fi\/wp-json\/wp\/v2\/tags?post=105478"}],"curies":[{"name":"wp","href":"https:\/\/api.w.org\/{rel}","templated":true}]}}