{"id":105479,"date":"2025-12-02T06:49:09","date_gmt":"2025-12-02T06:49:09","guid":{"rendered":"https:\/\/www.europesays.com\/fi\/105479\/"},"modified":"2025-12-02T06:49:09","modified_gmt":"2025-12-02T06:49:09","slug":"hs-helsinki-priden-sisalla-velloo-riita","status":"publish","type":"post","link":"https:\/\/www.europesays.com\/fi\/105479\/","title":{"rendered":"HS: Helsinki Priden sis\u00e4ll\u00e4 velloo riita"},"content":{"rendered":"<p>HS:n l\u00e4hteet kuvailevat j\u00e4rjest\u00f6n johtamistyyli\u00e4 ep\u00e4asialliseksi ja autorit\u00e4\u00e4riseksi. Johto kiist\u00e4\u00e4 v\u00e4itteet.<\/p>\n<p class=\"article-body mb-nof-24 px-nof-16\">Ihmisoikeusj\u00e4rjest\u00f6 Helsinki Priden ty\u00f6ntekij\u00e4t ovat ajautuneet riitoihin, kertoo <a class=\"article-genericlink\" href=\"https:\/\/www.hs.fi\/suomi\/art-2000011455080.html\" rel=\"nofollow noopener\" target=\"_blank\">Helsingin Sanomat<\/a>.<\/p>\n<p class=\"article-body mb-nof-24 px-nof-16\">HS:n l\u00e4hteet kritisoivat toiminnanjohtaja <a class=\"article-personlink\" href=\"https:\/\/www.is.fi\/haku\/?query=Annu%20Kemppaisen\" rel=\"nofollow noopener\" target=\"_blank\">Annu Kemppaisen<\/a> ja puheenjohtaja <a class=\"article-personlink\" href=\"https:\/\/www.is.fi\/haku\/?query=Senni%20Moilasen\" rel=\"nofollow noopener\" target=\"_blank\">Senni Moilasen<\/a> johtamistapaa \u201dep\u00e4asialliseksi ja autorit\u00e4\u00e4riseksi\u201d. L\u00e4hteet kritisoivat my\u00f6s rahank\u00e4ytt\u00f6\u00e4, kun yrityskumppaneilta saatuja rahoja ei l\u00e4hteen mukaan k\u00e4ytetty juurikaan j\u00e4rjest\u00f6n sosiaali- tai nuorisoty\u00f6h\u00f6n.<\/p>\n<p class=\"article-body mb-nof-24 px-nof-16\">HS:n jutussa entinen j\u00e4rjest\u00f6n ty\u00f6ntekij\u00e4 <a class=\"article-personlink\" href=\"https:\/\/www.is.fi\/haku\/?query=Mikaela%20Leuschel\" rel=\"nofollow noopener\" target=\"_blank\">Mikaela Leuschel<\/a> kertoo, kuinka ty\u00f6skentely j\u00e4rjest\u00f6ss\u00e4 oli stressaavaa ja j\u00e4rjest\u00f6 oli muotoutunut eriarvoiseksi. H\u00e4nen mukaansa j\u00e4rjest\u00f6ss\u00e4 keskityttiin liikaa Helsinki Pride -tapahtuman j\u00e4rjest\u00e4miseen ja h\u00e4n kuvailee ty\u00f6paikan tuntuneen tapahtumatoimistolta ihmisoikeusj\u00e4rjest\u00f6n sijaan.<\/p>\n<p class=\"article-body mb-nof-24 px-nof-16\">J\u00e4rjest\u00f6n puheenjohtaja Senni Moilainen kertoi eroavansa teht\u00e4v\u00e4st\u00e4\u00e4n HS:n jutunteon aikana. Jutussa h\u00e4n kertoo, ettei tunnista puheita j\u00e4rjest\u00f6n huonosta ilmapiirist\u00e4 tai johtamisesta. Moilasen ja Kemppaisen mukaan heihin kohdistuvissa syyt\u00f6ksiss\u00e4 on naisvihan piirteit\u00e4.<\/p>\n<p class=\"article-body mb-nof-24 px-nof-16\">Helsinki Pride on tunnettu vuosittain j\u00e4rjestett\u00e4v\u00e4st\u00e4 Pride-kulkueesta ja suurtapahtumasta Helsingin keskustassa. T\u00e4n\u00e4 vuonna hein\u00e4kuussa Helsingiss\u00e4 j\u00e4rjestettyyn tapahtumaan osallistui arviolta 100\u202f000 ihmist\u00e4.<\/p>\n<p class=\"article-body mb-nof-24 px-nof-16\">Viime vuoden tapahtuma ker\u00e4si osakseen my\u00f6s <a class=\"article-genericlink\" href=\"https:\/\/www.is.fi\/kotimaa\/art-2000011348571.html\" rel=\"nofollow noopener\" target=\"_blank\">kritiikki\u00e4<\/a>. Osa osallistujista koki, ett\u00e4 esimerkiksi esteett\u00f6mi\u00e4 kulkuneuvoja oli tapahtumassa liian v\u00e4h\u00e4n. J\u00e4rjest\u00f6 pyysi j\u00e4senilt\u00e4\u00e4n anteeksi ja pahoitteli puutteellista esteett\u00f6myytt\u00e4.<\/p>\n<p class=\"article-body mb-nof-24 px-nof-16\">Jokavuotisen tapahtuman lis\u00e4ksi Helsinki Pride tarjoaa muun muassa nuorisoty\u00f6t\u00e4 ja tukea sateenkaarinuorille sek\u00e4 seksuaali- ja sukupuoliv\u00e4hemmist\u00f6ihin kuuluville turvapaikanhakijoille.<\/p>\n","protected":false},"excerpt":{"rendered":"HS:n l\u00e4hteet kuvailevat j\u00e4rjest\u00f6n johtamistyyli\u00e4 ep\u00e4asialliseksi ja autorit\u00e4\u00e4riseksi. Johto kiist\u00e4\u00e4 v\u00e4itteet. Ihmisoikeusj\u00e4rjest\u00f6 Helsinki Priden ty\u00f6ntekij\u00e4t ovat ajautuneet riitoihin,&hellip;\n","protected":false},"author":2,"featured_media":105480,"comment_status":"","ping_status":"","sticky":false,"template":"","format":"standard","meta":{"footnotes":""},"categories":[12],"tags":[22,23,26,27,33,31,30,17,34,24,25,28,29,15,18,21,32,19,20,16],"class_list":{"0":"post-105479","1":"post","2":"type-post","3":"status-publish","4":"format-standard","5":"has-post-thumbnail","7":"category-suomi","8":"tag-breaking-news","9":"tag-breakingnews","10":"tag-featured-news","11":"tag-featurednews","12":"tag-fi","13":"tag-finland","14":"tag-finnish","15":"tag-headlines","16":"tag-ilta-sanomat","17":"tag-latest-news","18":"tag-latestnews","19":"tag-main-news","20":"tag-mainnews","21":"tag-news","22":"tag-otsikot","23":"tag-paauutiset","24":"tag-suomi","25":"tag-top-stories","26":"tag-topstories","27":"tag-uutiset"},"share_on_mastodon":{"url":"https:\/\/pubeurope.com\/@fi\/115648643974982986","error":""},"_links":{"self":[{"href":"https:\/\/www.europesays.com\/fi\/wp-json\/wp\/v2\/posts\/105479","targetHints":{"allow":["GET"]}}],"collection":[{"href":"https:\/\/www.europesays.com\/fi\/wp-json\/wp\/v2\/posts"}],"about":[{"href":"https:\/\/www.europesays.com\/fi\/wp-json\/wp\/v2\/types\/post"}],"author":[{"embeddable":true,"href":"https:\/\/www.europesays.com\/fi\/wp-json\/wp\/v2\/users\/2"}],"replies":[{"embeddable":true,"href":"https:\/\/www.europesays.com\/fi\/wp-json\/wp\/v2\/comments?post=105479"}],"version-history":[{"count":0,"href":"https:\/\/www.europesays.com\/fi\/wp-json\/wp\/v2\/posts\/105479\/revisions"}],"wp:featuredmedia":[{"embeddable":true,"href":"https:\/\/www.europesays.com\/fi\/wp-json\/wp\/v2\/media\/105480"}],"wp:attachment":[{"href":"https:\/\/www.europesays.com\/fi\/wp-json\/wp\/v2\/media?parent=105479"}],"wp:term":[{"taxonomy":"category","embeddable":true,"href":"https:\/\/www.europesays.com\/fi\/wp-json\/wp\/v2\/categories?post=105479"},{"taxonomy":"post_tag","embeddable":true,"href":"https:\/\/www.europesays.com\/fi\/wp-json\/wp\/v2\/tags?post=105479"}],"curies":[{"name":"wp","href":"https:\/\/api.w.org\/{rel}","templated":true}]}}