{"id":105483,"date":"2025-12-02T07:02:08","date_gmt":"2025-12-02T07:02:08","guid":{"rendered":"https:\/\/www.europesays.com\/fi\/105483\/"},"modified":"2025-12-02T07:02:08","modified_gmt":"2025-12-02T07:02:08","slug":"media-miika-takkula-jattaa-ilveksen","status":"publish","type":"post","link":"https:\/\/www.europesays.com\/fi\/105483\/","title":{"rendered":"Media: Miika Takkula j\u00e4tt\u00e4\u00e4 Ilveksen"},"content":{"rendered":"<p>AIK kaappaa urheilujohtajan Tampereelta.<\/p>\n<p class=\"article-body mb-nof-24 px-nof-16\">Ruotsin suurseuroihin lukeutuva AIK on palkannut Ilveksen urheilujohtajan <a class=\"article-personlink\" href=\"https:\/\/www.is.fi\/haku\/?query=Miika%20Takkulan\" rel=\"nofollow noopener\" target=\"_blank\">Miika Takkulan<\/a>, uutisoi <a class=\"article-genericlink\" href=\"https:\/\/www.expressen.se\/sport\/fotboll\/allsvenskan\/aik-overens-med-ilves-tamperes-sportchef-miika-takkula\/\" rel=\"nofollow noopener\" target=\"_blank\">Expressen<\/a>.<\/p>\n<p class=\"article-body mb-nof-24 px-nof-16\">Takkula siirtyy lehden l\u00e4hteiden mukaan AIK:n uudeksi pelaajahankintap\u00e4\u00e4llik\u00f6ksi. Seura on etsinyt jo tovin seuraajaa pestin j\u00e4tt\u00e4neelle <a class=\"article-personlink\" href=\"https:\/\/www.is.fi\/haku\/?query=Fredrik%20Wisur%20Hansenille\" rel=\"nofollow noopener\" target=\"_blank\">Fredrik Wisur Hansenille<\/a>. Ellei mit\u00e4\u00e4n odottamatonta tapahdu, AIK julkistaa Takkulan siirron pian.<\/p>\n<p class=\"article-body mb-nof-24 px-nof-16\">42-vuotias Takkula siirtyi Ilvekseen HJK:n urheilujohtajan paikalta vuonna 2023. H\u00e4nen aikanaan tamperelaisseura on pelannut hy\u00f6kk\u00e4\u00e4v\u00e4\u00e4 jalkapalloa ja taistellut Veikkausliigan k\u00e4rkisijoista.<\/p>\n<p class=\"article-body mb-nof-24 px-nof-16\">Takkulan l\u00e4ht\u00f6 on Ilvekselle jo toinen avaintekij\u00e4n poistuminen lyhyen ajan sis\u00e4ll\u00e4. Seuran p\u00e4\u00e4valmentaja <a class=\"article-personlink\" href=\"https:\/\/www.is.fi\/haku\/?query=Joonas%20Rantanen\" rel=\"nofollow noopener\" target=\"_blank\">Joonas Rantanen<\/a> siirtyi hiljattain HJK:n luotsiksi.<\/p>\n<p class=\"article-body mb-nof-24 px-nof-16\">Ilves sai Rantasen siirrosta tuhdin siirtokorvauksen.<\/p>\n","protected":false},"excerpt":{"rendered":"AIK kaappaa urheilujohtajan Tampereelta. Ruotsin suurseuroihin lukeutuva AIK on palkannut Ilveksen urheilujohtajan Miika Takkulan, uutisoi Expressen. Takkula siirtyy&hellip;\n","protected":false},"author":2,"featured_media":105484,"comment_status":"","ping_status":"","sticky":false,"template":"","format":"standard","meta":{"footnotes":""},"categories":[136],"tags":[407,137,33,31,30,34,408,32,109],"class_list":{"0":"post-105483","1":"post","2":"type-post","3":"status-publish","4":"format-standard","5":"has-post-thumbnail","7":"category-julkkikset","8":"tag-celebrities","9":"tag-entertainment","10":"tag-fi","11":"tag-finland","12":"tag-finnish","13":"tag-ilta-sanomat","14":"tag-julkkikset","15":"tag-suomi","16":"tag-viihde"},"share_on_mastodon":{"url":"https:\/\/pubeurope.com\/@fi\/115648695081746846","error":""},"_links":{"self":[{"href":"https:\/\/www.europesays.com\/fi\/wp-json\/wp\/v2\/posts\/105483","targetHints":{"allow":["GET"]}}],"collection":[{"href":"https:\/\/www.europesays.com\/fi\/wp-json\/wp\/v2\/posts"}],"about":[{"href":"https:\/\/www.europesays.com\/fi\/wp-json\/wp\/v2\/types\/post"}],"author":[{"embeddable":true,"href":"https:\/\/www.europesays.com\/fi\/wp-json\/wp\/v2\/users\/2"}],"replies":[{"embeddable":true,"href":"https:\/\/www.europesays.com\/fi\/wp-json\/wp\/v2\/comments?post=105483"}],"version-history":[{"count":0,"href":"https:\/\/www.europesays.com\/fi\/wp-json\/wp\/v2\/posts\/105483\/revisions"}],"wp:featuredmedia":[{"embeddable":true,"href":"https:\/\/www.europesays.com\/fi\/wp-json\/wp\/v2\/media\/105484"}],"wp:attachment":[{"href":"https:\/\/www.europesays.com\/fi\/wp-json\/wp\/v2\/media?parent=105483"}],"wp:term":[{"taxonomy":"category","embeddable":true,"href":"https:\/\/www.europesays.com\/fi\/wp-json\/wp\/v2\/categories?post=105483"},{"taxonomy":"post_tag","embeddable":true,"href":"https:\/\/www.europesays.com\/fi\/wp-json\/wp\/v2\/tags?post=105483"}],"curies":[{"name":"wp","href":"https:\/\/api.w.org\/{rel}","templated":true}]}}