{"id":105494,"date":"2025-12-02T07:13:10","date_gmt":"2025-12-02T07:13:10","guid":{"rendered":"https:\/\/www.europesays.com\/fi\/105494\/"},"modified":"2025-12-02T07:13:10","modified_gmt":"2025-12-02T07:13:10","slug":"eihan-tassa-nain-pitanyt-kayda-suomen-tamakin-vuosi-on-pilalla","status":"publish","type":"post","link":"https:\/\/www.europesays.com\/fi\/105494\/","title":{"rendered":"Eih\u00e4n t\u00e4ss\u00e4 n\u00e4in pit\u00e4nyt k\u00e4yd\u00e4 \u2013 Suomen t\u00e4m\u00e4kin vuosi on pilalla"},"content":{"rendered":"<p><a href=\"https:\/\/www.iltalehti.fi\/kirjoittajat\/Mika Koskinen\" class=\"article-description-pov-author\" rel=\"nofollow noopener\" target=\"_blank\"><\/p>\n<p>Mika Koskinen<\/p>\n<p><img decoding=\"async\" class=\"author-image\" src=\"https:\/\/www.europesays.com\/fi\/wp-content\/uploads\/2025\/08\/488e1083960d2fcf6f64b1b599dd90ef32dbfe63beb2d184e03324336299eaa1.png\" alt=\"\"\/><\/a><\/p>\n<p>Suomen talous voi hyvinkin supistua t\u00e4n\u00e4 vuonna, kirjoittaa Iltalehden politiikan ja talouden toimittaja Mika Koskinen.<\/p>\n<p>T\u00e4n\u00e4\u00e4n klo 9:05<\/p>\n<p><img decoding=\"async\" class=\"image image-show image-preview\" src=\"https:\/\/www.europesays.com\/fi\/wp-content\/uploads\/2025\/12\/abee6941ed19e1aa82b45cc3e720c834faae30f8ff58a4b0a88df44825ba00c3.jpg\" alt=\"\"\/><img decoding=\"async\" class=\"image image-show\" src=\"https:\/\/www.europesays.com\/fi\/wp-content\/uploads\/2025\/12\/1764659590_349_abee6941ed19e1aa82b45cc3e720c834faae30f8ff58a4b0a88df44825ba00c3.jpg\" alt=\"\"\/><\/p>\n<p>Kuvituskuva. J\u00e4\u00e4tyneet ty\u00f6rukkaset ty\u00f6maa-aidalla. Anu Kivist\u00f6<\/p>\n<p class=\"paragraph\">Suomen talous saattaa hyvinkin painua miinukselle t\u00e4n\u00e4 vuonna.<\/p>\n<p class=\"paragraph\">Se on kylm\u00e4 fakta keskell\u00e4 marraskuun pimeytt\u00e4.<\/p>\n<p class=\"paragraph\">Tilastokeskus julkisti viime viikolla Suomen kansantalouden 3. vuosinelj\u00e4nneksen luvut. Niiden mukaan Suomen bruttokansantuotteen (bkt) volyymin muutos oli tammi\u2013syyskuussa +0,018 % eli k\u00e4yt\u00e4nn\u00f6ss\u00e4 puhdas nolla.<\/p>\n<p class=\"paragraph\">Kun p\u00e4\u00e4lle lis\u00e4t\u00e4\u00e4n lokakuun luvut, etumerkki vaihtuu, ollaan 0,01 % miinuksella. Sekin on k\u00e4yt\u00e4nn\u00f6ss\u00e4 on nolla, mutta etumerkill\u00e4 on v\u00e4li\u00e4. Jos ei muuta, niin miinus on jonkin sortin kansallisen h\u00e4pe\u00e4n aihe. Viimeksi taloutemme supistui 2023.<\/p>\n<p class=\"paragraph\">Bkt:n tulisi kasvaa marras- ja joulukuussa aivan hitusen vuodentakaisista tasoistaan, jotta koko vuoden bkt pysyisi juuri ja juuri plussan puolella.<\/p>\n<p class=\"paragraph\">Valitettavasti talouden yleinen tunnelma huokuu sellaista yleist\u00e4 ja todenn\u00e4k\u00f6isesti liioiteltua pessimismi\u00e4 ja ankeutta, ett\u00e4 tuo mikroskooppinenkin kasvu voi olla liikaa toivottu.<\/p>\n<p class=\"paragraph\">Viime vuonna Suomen bkt kasvoi 0,4 prosenttia. Ei siin\u00e4k\u00e4\u00e4n ole hurraamista.<\/p>\n<p class=\"paragraph\">Eih\u00e4n t\u00e4ss\u00e4 n\u00e4in pit\u00e4nyt k\u00e4yd\u00e4.<\/p>\n<p class=\"paragraph\">Vuoden 2025 piti olla talouskasvun ja elpymisen vuosi.<\/p>\n<p class=\"paragraph\">Valtiovarainministeri\u00f6n (VM) virkamiehet ennustivat viel\u00e4 syyskuussa t\u00e4lle vuodelle 1,0 %:n talouskasvua ja ensi vuodelle 1,4 %:n kasvua.<\/p>\n<p class=\"paragraph\">N\u00e4iden lukujen pohjalle <strong>Petteri Orpon<\/strong> (kok) hallitus rakensi ensi vuoden budjettiesityksens\u00e4. Sen pohja petti jo marraskuussa, hyviss\u00e4 ajoin ennen kuin eduskunta hyv\u00e4ksyy hallituksen budjettiesityksen joulun alla.<\/p>\n<p class=\"paragraph\">Paljon paremmin ei mennyt pankkiekonomisteillakaan. Suomen suurin finanssiryhm\u00e4 OP ennusti lokakuun puoliv\u00e4liss\u00e4 VM:n tapaan 1,0 %n kasvua. Danske Bank p\u00e4\u00e4tyi syyskuun alussa 0,9 %:iin.<\/p>\n<p class=\"paragraph\">Pankeista paras arvaus tuli Nordeasta. Se ennusti syyskuun alussa 0,5 %:n kasvua.<\/p>\n<p class=\"paragraph\">L\u00e4himm\u00e4ksi totuutta p\u00e4\u00e4siv\u00e4t Suomen Pankki (SP) ja Pellervon taloudellinen tutkimuslaitos (PTT). Molemmat ennustivat syyskuun puoliv\u00e4lin tienoilla 0,3 %:n kasvua kuluvalle vuodelle.<\/p>\n<p class=\"paragraph\">Suomen talouden pohjavirroissa on jo pitk\u00e4\u00e4n ollut jotain, jota talousviisaat eiv\u00e4t ymm\u00e4rr\u00e4 tai halua n\u00e4hd\u00e4, ja se on pelko.<\/p>\n<p class=\"paragraph\">Tavalliset suomalaiset pelk\u00e4\u00e4v\u00e4t. He pelk\u00e4\u00e4v\u00e4t sotaa ja sen laajenemista. He pelk\u00e4\u00e4v\u00e4t, ett\u00e4 ty\u00f6tt\u00f6myys voi osua my\u00f6s omalle kohdalle. He pelk\u00e4\u00e4v\u00e4t, ett\u00e4 julkiset sote-palvelut eiv\u00e4t toimi.<\/p>\n<p class=\"paragraph\">Talous on psykologiaa ja pelko sen pahinta myrkky\u00e4. Kun ihmiset pelk\u00e4\u00e4v\u00e4t, he eiv\u00e4t kuluta. He s\u00e4\u00e4st\u00e4v\u00e4t.<\/p>\n<p class=\"paragraph\">Yksityinen kulutus on kansantalouden t\u00e4rkein tekij\u00e4. Se muodostaa noin puolet kansantaloudesta. Kohtalaisessa vedossa olevat vienti ja investoinnit eiv\u00e4t riit\u00e4 nostamaan taloutta, kun kansa on koomassa.<\/p>\n","protected":false},"excerpt":{"rendered":"Mika Koskinen Suomen talous voi hyvinkin supistua t\u00e4n\u00e4 vuonna, kirjoittaa Iltalehden politiikan ja talouden toimittaja Mika Koskinen. T\u00e4n\u00e4\u00e4n&hellip;\n","protected":false},"author":2,"featured_media":105495,"comment_status":"","ping_status":"","sticky":false,"template":"","format":"standard","meta":{"footnotes":""},"categories":[76],"tags":[35,79,77,33,31,30,2346,19894,2619,637,32,78,7915],"class_list":{"0":"post-105494","1":"post","2":"type-post","3":"status-publish","4":"format-standard","5":"has-post-thumbnail","7":"category-talous","8":"tag-24h","9":"tag-business","10":"tag-economy","11":"tag-fi","12":"tag-finland","13":"tag-finnish","14":"tag-hallituksen-talouspolitiikka","15":"tag-laskusuhdanne-lama","16":"tag-makrotalous-ja-talouspolitiikka","17":"tag-politiikka","18":"tag-suomi","19":"tag-talous","20":"tag-taloussuhdanteet"},"share_on_mastodon":{"url":"https:\/\/pubeurope.com\/@fi\/115648738683876239","error":""},"_links":{"self":[{"href":"https:\/\/www.europesays.com\/fi\/wp-json\/wp\/v2\/posts\/105494","targetHints":{"allow":["GET"]}}],"collection":[{"href":"https:\/\/www.europesays.com\/fi\/wp-json\/wp\/v2\/posts"}],"about":[{"href":"https:\/\/www.europesays.com\/fi\/wp-json\/wp\/v2\/types\/post"}],"author":[{"embeddable":true,"href":"https:\/\/www.europesays.com\/fi\/wp-json\/wp\/v2\/users\/2"}],"replies":[{"embeddable":true,"href":"https:\/\/www.europesays.com\/fi\/wp-json\/wp\/v2\/comments?post=105494"}],"version-history":[{"count":0,"href":"https:\/\/www.europesays.com\/fi\/wp-json\/wp\/v2\/posts\/105494\/revisions"}],"wp:featuredmedia":[{"embeddable":true,"href":"https:\/\/www.europesays.com\/fi\/wp-json\/wp\/v2\/media\/105495"}],"wp:attachment":[{"href":"https:\/\/www.europesays.com\/fi\/wp-json\/wp\/v2\/media?parent=105494"}],"wp:term":[{"taxonomy":"category","embeddable":true,"href":"https:\/\/www.europesays.com\/fi\/wp-json\/wp\/v2\/categories?post=105494"},{"taxonomy":"post_tag","embeddable":true,"href":"https:\/\/www.europesays.com\/fi\/wp-json\/wp\/v2\/tags?post=105494"}],"curies":[{"name":"wp","href":"https:\/\/api.w.org\/{rel}","templated":true}]}}