{"id":105496,"date":"2025-12-02T07:14:10","date_gmt":"2025-12-02T07:14:10","guid":{"rendered":"https:\/\/www.europesays.com\/fi\/105496\/"},"modified":"2025-12-02T07:14:10","modified_gmt":"2025-12-02T07:14:10","slug":"ft-euroopan-keskuspankki-kieltaytyy-ukraina-lainan-takaamisesta-uutisia-lyhyesti","status":"publish","type":"post","link":"https:\/\/www.europesays.com\/fi\/105496\/","title":{"rendered":"FT: Euroopan keskuspankki kielt\u00e4ytyy Ukraina-lainan takaamisesta | Uutisia lyhyesti"},"content":{"rendered":"<p class=\"aw-1gybjub aw-5vja16 kEtdKx kmuxyA yle__article__paragraph\">EU tekee t\u00f6it\u00e4, jotta Belgia hyv\u00e4ksyisi Ven\u00e4j\u00e4n j\u00e4\u00e4dytettyjen varojen hy\u00f6dynt\u00e4misen Ukrainan tukemiseen.<\/p>\n<p><img decoding=\"async\" alt=\"Euroopan keskuspankin p\u00e4\u00e4johtaja Christine Lagarde elehtii puhuessaan molemmat k\u00e4det pystyss\u00e4.\" src=\"https:\/\/www.europesays.com\/fi\/wp-content\/uploads\/2025\/12\/39-1562631692e846b4581c.jpeg\" class=\"aw-1l9m598 hKVVvP\"\/><\/p>\n<p>Avaa kuvien katselu<\/p>\n<p>Euroopan keskuspankin p\u00e4\u00e4johtaja Christine Lagarde. Kuva: Olivier Matthys \/ EPA<\/p>\n<p class=\"aw-1gybjub aw-1p7kakr kEtdKx cEmitX yle__article__paragraph\">Euroopan keskuspankki (EKP) on kielt\u00e4ytynyt tukemasta 140 miljardin euron maksua Ukrainalle, kertoo brittilehti <a class=\"aw-iao6s4 iHOxEa yle__article__link\" href=\"https:\/\/www.ft.com\/content\/616c79ee-34de-425a-865e-e94ba10be788\" role=\"link\" rel=\"nofollow noopener\" target=\"_blank\">Financial Times.<\/a><\/p>\n<p class=\"aw-1gybjub aw-1p7kakr kEtdKx cEmitX yle__article__paragraph\">T\u00e4m\u00e4 heikent\u00e4\u00e4 EU:n suunnitelmaa nostaa ns. korvauslaina, jonka vakuutena ovat j\u00e4\u00e4dytetyt ven\u00e4l\u00e4iset varat, lehti kertoo tiistaina.<\/p>\n<p class=\"aw-1gybjub aw-1p7kakr kEtdKx cEmitX yle__article__paragraph\">Uutistoimisto Reuters ei pystynyt v\u00e4litt\u00f6m\u00e4sti vahvistamaan tietoja.<\/p>\n<p class=\"aw-1gybjub aw-1p7kakr kEtdKx cEmitX yle__article__paragraph\">EU tekee t\u00f6it\u00e4, jotta Belgia hyv\u00e4ksyisi Ven\u00e4j\u00e4n j\u00e4\u00e4dytettyjen varojen hy\u00f6dynt\u00e4misen Ukrainan tukemiseen.<\/p>\n<p class=\"aw-1gybjub aw-1p7kakr kEtdKx cEmitX yle__article__paragraph\">Esill\u00e4 on ollut useita vaihtoehtoja, kuinka varat saataisiin k\u00e4ytt\u00f6\u00f6n.<\/p>\n<p class=\"aw-1gybjub aw-1p7kakr kEtdKx cEmitX yle__article__paragraph\">Yhdess\u00e4 mallissa EU-komissio lainaa ven\u00e4l\u00e4iset rahat ja v\u00e4litt\u00e4\u00e4 lainan Ukrainalle. Komissio antaa Eurocleariin vastineeksi velkakirjan. Lis\u00e4ksi tarvitaan takaukset j\u00e4senmailta.<\/p>\n<p class=\"aw-1gybjub aw-1p7kakr kEtdKx cEmitX yle__article__paragraph\">Belgia hallinnoi suurta osaa j\u00e4\u00e4dytetyist\u00e4 varoista Euroclear-rahoituslaitoksessaan.<\/p>\n<p class=\"aw-1gybjub aw-1p7kakr kEtdKx cEmitX yle__article__paragraph\">Reuters<\/p>\n","protected":false},"excerpt":{"rendered":"EU tekee t\u00f6it\u00e4, jotta Belgia hyv\u00e4ksyisi Ven\u00e4j\u00e4n j\u00e4\u00e4dytettyjen varojen hy\u00f6dynt\u00e4misen Ukrainan tukemiseen. Avaa kuvien katselu Euroopan keskuspankin p\u00e4\u00e4johtaja&hellip;\n","protected":false},"author":2,"featured_media":105497,"comment_status":"","ping_status":"","sticky":false,"template":"","format":"standard","meta":{"footnotes":""},"categories":[14],"tags":[22,23,7519,26,27,33,31,30,17,24,25,28,29,15,18,21,32,19,20,1303,56,16,987,59,60,61],"class_list":{"0":"post-105496","1":"post","2":"type-post","3":"status-publish","4":"format-standard","5":"has-post-thumbnail","7":"category-ulkomaat","8":"tag-breaking-news","9":"tag-breakingnews","10":"tag-euroopan-keskuspankki","11":"tag-featured-news","12":"tag-featurednews","13":"tag-fi","14":"tag-finland","15":"tag-finnish","16":"tag-headlines","17":"tag-latest-news","18":"tag-latestnews","19":"tag-main-news","20":"tag-mainnews","21":"tag-news","22":"tag-otsikot","23":"tag-paauutiset","24":"tag-suomi","25":"tag-top-stories","26":"tag-topstories","27":"tag-ukraina","28":"tag-ulkomaat","29":"tag-uutiset","30":"tag-venajan-hyokkays","31":"tag-world","32":"tag-world-news","33":"tag-worldnews"},"share_on_mastodon":{"url":"https:\/\/pubeurope.com\/@fi\/115648742315235155","error":""},"_links":{"self":[{"href":"https:\/\/www.europesays.com\/fi\/wp-json\/wp\/v2\/posts\/105496","targetHints":{"allow":["GET"]}}],"collection":[{"href":"https:\/\/www.europesays.com\/fi\/wp-json\/wp\/v2\/posts"}],"about":[{"href":"https:\/\/www.europesays.com\/fi\/wp-json\/wp\/v2\/types\/post"}],"author":[{"embeddable":true,"href":"https:\/\/www.europesays.com\/fi\/wp-json\/wp\/v2\/users\/2"}],"replies":[{"embeddable":true,"href":"https:\/\/www.europesays.com\/fi\/wp-json\/wp\/v2\/comments?post=105496"}],"version-history":[{"count":0,"href":"https:\/\/www.europesays.com\/fi\/wp-json\/wp\/v2\/posts\/105496\/revisions"}],"wp:featuredmedia":[{"embeddable":true,"href":"https:\/\/www.europesays.com\/fi\/wp-json\/wp\/v2\/media\/105497"}],"wp:attachment":[{"href":"https:\/\/www.europesays.com\/fi\/wp-json\/wp\/v2\/media?parent=105496"}],"wp:term":[{"taxonomy":"category","embeddable":true,"href":"https:\/\/www.europesays.com\/fi\/wp-json\/wp\/v2\/categories?post=105496"},{"taxonomy":"post_tag","embeddable":true,"href":"https:\/\/www.europesays.com\/fi\/wp-json\/wp\/v2\/tags?post=105496"}],"curies":[{"name":"wp","href":"https:\/\/api.w.org\/{rel}","templated":true}]}}