{"id":105500,"date":"2025-12-02T07:28:10","date_gmt":"2025-12-02T07:28:10","guid":{"rendered":"https:\/\/www.europesays.com\/fi\/105500\/"},"modified":"2025-12-02T07:28:10","modified_gmt":"2025-12-02T07:28:10","slug":"bruce-willis-muutti-hoitokotiin","status":"publish","type":"post","link":"https:\/\/www.europesays.com\/fi\/105500\/","title":{"rendered":"Bruce Willis muutti hoitokotiin"},"content":{"rendered":"<p>Bruce Willisin Emma-vaimo kertoo p\u00e4\u00e4t\u00f6ksen olleen vaikea.<\/p>\n<p><img decoding=\"async\" class=\"image image-show image-preview\" src=\"https:\/\/www.europesays.com\/fi\/wp-content\/uploads\/2025\/08\/ab68700f72f78f1f09c77580105cd6f9ee1fe9a6fb54c6197824ad8888edc684.jpg\" alt=\"\"\/><img decoding=\"async\" class=\"image image-show\" src=\"https:\/\/www.europesays.com\/fi\/wp-content\/uploads\/2025\/08\/1756310828_274_ab68700f72f78f1f09c77580105cd6f9ee1fe9a6fb54c6197824ad8888edc684.jpg\" alt=\"\"\/><\/p>\n<p>Bruce Willis sairastui dementiaan muutama vuosi sitten. AOP<\/p>\n<p class=\"paragraph\">N\u00e4yttelij\u00e4 <a href=\"https:\/\/www.iltalehti.fi\/henkilot\/Bruce Willis\" class=\"article-link-person-page\" rel=\"nofollow noopener\" target=\"_blank\">Bruce Willis<\/a> on muuttanut hoitokotiin elokuussa, kertoo <a href=\"https:\/\/www.mirror.co.uk\/3am\/celebrity-news\/bruce-willis-wife-tears-after-36333625\" rel=\"noopener nofollow\" target=\"_blank\">Mirror<\/a>.<\/p>\n<p class=\"paragraph\">Asiasta kertoo Willisin vaimo <a href=\"https:\/\/www.iltalehti.fi\/henkilot\/Emma Heming\" class=\"article-link-person-page\" rel=\"nofollow noopener\" target=\"_blank\">Emma Heming Willis<\/a>. Hoitokoti sijaitsee Willisin perheen p\u00e4\u00e4asuntoa, jotta hoitajat voivat pit\u00e4\u00e4 h\u00e4nest\u00e4 huolta vuorokauden ymp\u00e4ri.<\/p>\n<p class=\"paragraph\">Emma puhui aiheesta Mirrorin mukaan End Well 2025 -tapahtumassa. H\u00e4n murtui kyyneliin kertoessaan, kuinka on saanut p\u00e4\u00e4t\u00f6ksen my\u00f6t\u00e4 my\u00f6s kritiikki\u00e4.<\/p>\n<p class=\"paragraph\">\u2013 N\u00e4m\u00e4 ovat mahdottomia p\u00e4\u00e4t\u00f6ksi\u00e4. En kuvitellut el\u00e4m\u00e4\u00e4mme n\u00e4in, Emma puhui tapahtumassa.<\/p>\n<p class=\"paragraph\">\u2013 Minun t\u00e4ytyi tehd\u00e4 paras ja turvallisin p\u00e4\u00e4t\u00f6s perheellemme ja tiesin, ett\u00e4 olemalla rehellinen ja avoin siit\u00e4 saa paljon kritiikki\u00e4. Kiinnostavaa on, ett\u00e4 kritiikki tulee ulkopuolelta, se ei tule perheest\u00e4mme.<\/p>\n<p class=\"paragraph\">T\u00e4m\u00e4nhetkisest\u00e4 tilanteesta Emma toteaa, ett\u00e4 p\u00e4\u00e4t\u00f6s oli paras ja turvallisin perheelle. Nyt esimerkiksi pariskunnan yhteiset lapset voivat leikki\u00e4 ja j\u00e4rjest\u00e4\u00e4 y\u00f6kyl\u00e4ilyj\u00e4 kotonaan.<\/p>\n<p class=\"paragraph\">\u2013 Heid\u00e4n maailmansa on t\u00e4ysin avautunut, samoin kuin mieheni.<\/p>\n<p class=\"paragraph\">Willisin perhe kertoi vuonna 2023, ett\u00e4 h\u00e4nelle diagnosoitiin frontotemporaalinen dementia. Perhe on <a href=\"https:\/\/www.iltalehti.fi\/viihdeuutiset\/77e4e823-2cdd-47b9-a615-4e9e70ddd661\" rel=\"nofollow noopener\" target=\"_blank\">aiemmin kertonut<\/a>, miten sairaus on vaikuttanut esimerkiksi Willisin kykyyn kommunikoida sek\u00e4 h\u00e4nen kognitiivisiin taitoihin.<\/p>\n","protected":false},"excerpt":{"rendered":"Bruce Willisin Emma-vaimo kertoo p\u00e4\u00e4t\u00f6ksen olleen vaikea. Bruce Willis sairastui dementiaan muutama vuosi sitten. AOP N\u00e4yttelij\u00e4 Bruce Willis&hellip;\n","protected":false},"author":2,"featured_media":17937,"comment_status":"","ping_status":"","sticky":false,"template":"","format":"standard","meta":{"footnotes":""},"categories":[136],"tags":[35,153,407,155,137,33,31,30,408,718,154,32,485,140,156,109],"class_list":{"0":"post-105500","1":"post","2":"type-post","3":"status-publish","4":"format-standard","5":"has-post-thumbnail","7":"category-julkkikset","8":"tag-24h","9":"tag-audiovisuaalinen-media","10":"tag-celebrities","11":"tag-elokuvat","12":"tag-entertainment","13":"tag-fi","14":"tag-finland","15":"tag-finnish","16":"tag-julkkikset","17":"tag-nayttamotaide","18":"tag-nayttelijat-teatteri","19":"tag-suomi","20":"tag-taide-yleista","21":"tag-tv-ja-elokuvat","22":"tag-tv","23":"tag-viihde"},"share_on_mastodon":{"url":"https:\/\/pubeurope.com\/@fi\/115648797611588611","error":""},"_links":{"self":[{"href":"https:\/\/www.europesays.com\/fi\/wp-json\/wp\/v2\/posts\/105500","targetHints":{"allow":["GET"]}}],"collection":[{"href":"https:\/\/www.europesays.com\/fi\/wp-json\/wp\/v2\/posts"}],"about":[{"href":"https:\/\/www.europesays.com\/fi\/wp-json\/wp\/v2\/types\/post"}],"author":[{"embeddable":true,"href":"https:\/\/www.europesays.com\/fi\/wp-json\/wp\/v2\/users\/2"}],"replies":[{"embeddable":true,"href":"https:\/\/www.europesays.com\/fi\/wp-json\/wp\/v2\/comments?post=105500"}],"version-history":[{"count":0,"href":"https:\/\/www.europesays.com\/fi\/wp-json\/wp\/v2\/posts\/105500\/revisions"}],"wp:featuredmedia":[{"embeddable":true,"href":"https:\/\/www.europesays.com\/fi\/wp-json\/wp\/v2\/media\/17937"}],"wp:attachment":[{"href":"https:\/\/www.europesays.com\/fi\/wp-json\/wp\/v2\/media?parent=105500"}],"wp:term":[{"taxonomy":"category","embeddable":true,"href":"https:\/\/www.europesays.com\/fi\/wp-json\/wp\/v2\/categories?post=105500"},{"taxonomy":"post_tag","embeddable":true,"href":"https:\/\/www.europesays.com\/fi\/wp-json\/wp\/v2\/tags?post=105500"}],"curies":[{"name":"wp","href":"https:\/\/api.w.org\/{rel}","templated":true}]}}