{"id":105505,"date":"2025-12-02T07:39:08","date_gmt":"2025-12-02T07:39:08","guid":{"rendered":"https:\/\/www.europesays.com\/fi\/105505\/"},"modified":"2025-12-02T07:39:08","modified_gmt":"2025-12-02T07:39:08","slug":"saksan-liittokansleri-vaatii-2035-polttomoottorikiellon-loiventamista","status":"publish","type":"post","link":"https:\/\/www.europesays.com\/fi\/105505\/","title":{"rendered":"Saksan liittokansleri vaatii 2035 polttomoottorikiellon loiventamista"},"content":{"rendered":"<p class=\"single__excerpt\">Ymp\u00e4rist\u00f6n ja talouden tasapainottelu on avainasemassa Euroopan autoteollisuuden tulevaisuutta m\u00e4\u00e4ritelt\u00e4ess\u00e4.<\/p>\n<p>Saksan liittokansleri <strong>Friedrich Merz<\/strong> kertoi l\u00e4hett\u00e4v\u00e4ns\u00e4 kirjeen Euroopan komissiolle, jossa h\u00e4n vaatii loivennusta vuodelle 2035 suunniteltuun polttomoottorikieltoon.<\/p>\n<p>Nykyisell\u00e4\u00e4n 2035 olisi astumassa voimaan teknologiaan perustuva rajaus, joka karsisi polttomoottorit pois autokaupasta. Merz ja h\u00e4nen sosiaalidemokraattinen puolueensa haluavat, ett\u00e4 vuosien 2030 ja 2035 p\u00e4\u00e4st\u00f6tavoitteista teht\u00e4isiin teknologianeutraalit, jotta lataushybridit, sarjahybridit (s\u00e4hk\u00f6auto, jossa toimintamatkaa voidaan pident\u00e4\u00e4 polttomoottorigeneraattorilla) ja jopa &#8221;eritt\u00e4in energiatehokkaat&#8221; polttomoottoriautot saisivat olla myynniss\u00e4 2035 j\u00e4lkeen.<\/p>\n<p>\u2013 T\u00e4ss\u00e4 on kyse ennen kaikkea kilpailukyvyn ja ilmastonsuojelulle asettamiemme vaatimusten yhteensovittamisesta, Merz kertoi hallituksen lehdist\u00f6tilaisuudessa.<\/p>\n<p>Euroopan komission odotetaan kertovan 10. joulukuuta uusista autoalan s\u00e4\u00e4d\u00f6ksist\u00e4, joilla eurooppalaisia autovalmistajia koitetaan auttaa nihke\u00e4n s\u00e4hk\u00f6autokaupan, Yhdysvaltain tariffien ja Kiinan kilpailun ristipaineessa. Erityisesti odotetaan <a href=\"https:\/\/moottori.fi\/uutinen\/opelin-toimitusjohtaja-florian-huettl-olemme-vakuuttuneita-etta-tama-on-oikea-suunta\/\" rel=\"nofollow noopener\" target=\"_blank\">uusia s\u00e4\u00e4d\u00f6ksi\u00e4 A-segmentin &#8221;pikkuautoille&#8221;<\/a>, jotta l\u00e4hes markkinoilta l\u00e4hes kadonnut kompaktiautoluokka saisi helpotusta turva- ja p\u00e4\u00e4st\u00f6varusteiden osalta autojen pieneen ajom\u00e4\u00e4r\u00e4\u00e4n perustuen. <\/p>\n<p>Komission oletetaan ottavan kantaa my\u00f6s p\u00e4\u00e4st\u00f6tiekarttaan vuosien 2030 ja 2035 tavoitteiden osalta. Aiemmin t\u00e4n\u00e4 vuonna autovalmistajat saivat nihke\u00e4st\u00e4 s\u00e4hk\u00f6automarkkinasta johtuen helpotusta vuoden p\u00e4\u00e4st\u00f6tavoitteisiin, jotka lasketaan nyt keskiarvona vuosilta 2025\u20132027. <\/p>\n<p>Ranska ja Espanja eiv\u00e4t kuitenkaan jaa Merzin n\u00e4kemyst\u00e4, vaan vaativat, ett\u00e4 polttomoottorikielto pysyy ohjelmassa vuodelle 2035. Maat ehdottavat teknologiapehmennyksen sijaan muita huojennuksia eurooppalaisille autotehtaille, kuten auton eurooppalaista sis\u00e4lt\u00f6\u00e4 painottavia &#8221;superkrediittej\u00e4&#8221;. <\/p>\n<p>Italian <strong>Giorgia Meloni<\/strong> puolestaan piti polttomoottorikieltoa &#8221;itsetuhoisena&#8221; tavoitteena. Samoin Euroopan autovalmistajien yhdistys, ACEA, ja sen puheenjohtaja Mercedes-Benzin p\u00e4\u00e4johtaja <strong>Ola K\u00e4llenius<\/strong> vaativat pehme\u00e4mpi\u00e4 s\u00e4\u00e4d\u00f6ksi\u00e4 eurooppalaismerkkien &#8221;kotimarkkinoille&#8221;. <\/p>\n<p>Merzin sanojen takaa l\u00f6ytyy tilanne, jossa Saksan ylpeydenaiheena oleva autoteollisuus on vaikeuksissa. \u00c4\u00e4rioikeaistolainen AfD-puolue on hy\u00f6dynt\u00e4nyt pelonsekaista tilannetta vastustaakseen s\u00e4hk\u00f6autoja, mik\u00e4 on ollut osaltaan auttanut puoluetta haastamaan valtapuolueita gallup-menestyksess\u00e4.<\/p>\n<p>L\u00e4hde: <a href=\"https:\/\/www.autonews.com\/manufacturing\/automakers\/ane-germany-emissions-merz-1128\/\" rel=\"nofollow noopener\" target=\"_blank\">Automotive News<\/a><\/p>\n<p class=\"ad-spot__text ad-spot__text--before-content\">Mainos (teksti jatkuu alla)<\/p>\n<p class=\"ad-spot__text ad-spot__text--after-content\">Mainos p\u00e4\u00e4ttyy<\/p>\n","protected":false},"excerpt":{"rendered":"Ymp\u00e4rist\u00f6n ja talouden tasapainottelu on avainasemassa Euroopan autoteollisuuden tulevaisuutta m\u00e4\u00e4ritelt\u00e4ess\u00e4. Saksan liittokansleri Friedrich Merz kertoi l\u00e4hett\u00e4v\u00e4ns\u00e4 kirjeen Euroopan&hellip;\n","protected":false},"author":2,"featured_media":105506,"comment_status":"","ping_status":"","sticky":false,"template":"","format":"standard","meta":{"footnotes":""},"categories":[76],"tags":[79,77,33,31,30,32,78],"class_list":{"0":"post-105505","1":"post","2":"type-post","3":"status-publish","4":"format-standard","5":"has-post-thumbnail","7":"category-talous","8":"tag-business","9":"tag-economy","10":"tag-fi","11":"tag-finland","12":"tag-finnish","13":"tag-suomi","14":"tag-talous"},"share_on_mastodon":{"url":"https:\/\/pubeurope.com\/@fi\/115648840666444599","error":""},"_links":{"self":[{"href":"https:\/\/www.europesays.com\/fi\/wp-json\/wp\/v2\/posts\/105505","targetHints":{"allow":["GET"]}}],"collection":[{"href":"https:\/\/www.europesays.com\/fi\/wp-json\/wp\/v2\/posts"}],"about":[{"href":"https:\/\/www.europesays.com\/fi\/wp-json\/wp\/v2\/types\/post"}],"author":[{"embeddable":true,"href":"https:\/\/www.europesays.com\/fi\/wp-json\/wp\/v2\/users\/2"}],"replies":[{"embeddable":true,"href":"https:\/\/www.europesays.com\/fi\/wp-json\/wp\/v2\/comments?post=105505"}],"version-history":[{"count":0,"href":"https:\/\/www.europesays.com\/fi\/wp-json\/wp\/v2\/posts\/105505\/revisions"}],"wp:featuredmedia":[{"embeddable":true,"href":"https:\/\/www.europesays.com\/fi\/wp-json\/wp\/v2\/media\/105506"}],"wp:attachment":[{"href":"https:\/\/www.europesays.com\/fi\/wp-json\/wp\/v2\/media?parent=105505"}],"wp:term":[{"taxonomy":"category","embeddable":true,"href":"https:\/\/www.europesays.com\/fi\/wp-json\/wp\/v2\/categories?post=105505"},{"taxonomy":"post_tag","embeddable":true,"href":"https:\/\/www.europesays.com\/fi\/wp-json\/wp\/v2\/tags?post=105505"}],"curies":[{"name":"wp","href":"https:\/\/api.w.org\/{rel}","templated":true}]}}