{"id":105507,"date":"2025-12-02T07:40:09","date_gmt":"2025-12-02T07:40:09","guid":{"rendered":"https:\/\/www.europesays.com\/fi\/105507\/"},"modified":"2025-12-02T07:40:09","modified_gmt":"2025-12-02T07:40:09","slug":"valkoinen-talo-julkaisi-donald-trumpille-tehdyn-magneettikuvauksen-tuloksia","status":"publish","type":"post","link":"https:\/\/www.europesays.com\/fi\/105507\/","title":{"rendered":"Valkoinen talo julkaisi Donald Trumpille tehdyn magneettikuvauksen tuloksia"},"content":{"rendered":"<p>Valkoisen talon aiempi hiljaisuus tutkimuksen tuloksista on her\u00e4tt\u00e4nyt kysymyksi\u00e4 siit\u00e4, tiedotetaanko presidentin terveydentilasta avoimesti.<\/p>\n<p class=\"article-body mb-nof-24 px-nof-16\">Valkoinen talo kertoi maanantaina julkisuuteen presidentti <a class=\"article-personlink\" href=\"https:\/\/www.is.fi\/haku\/?query=Donald%20Trumpille\" rel=\"nofollow noopener\" target=\"_blank\">Donald Trumpille<\/a> lokakuussa tehdyn magneettikuvauksen tuloksista. Tulosten per\u00e4\u00e4n on kyselty Yhdysvalloissa, sill\u00e4 hallinto ei ole tiedottanut presidentille lokakuun \u201drutiinitarkastuksessa\u201d tehdyst\u00e4 tutkimuksesta eik\u00e4 sen syyst\u00e4.<\/p>\n<p class=\"article-body mb-nof-24 px-nof-16\">Reutersin mukaan Valkoisen talon lehdist\u00f6sihteeri <a class=\"article-personlink\" href=\"https:\/\/www.is.fi\/haku\/?query=Karoline%20Leavitt\" rel=\"nofollow noopener\" target=\"_blank\">Karoline Leavitt<\/a> kuvaili maanantaina Trumpille, 79, tehty\u00e4 magneettikuvausta \u201dennaltaehk\u00e4isev\u00e4ksi\u201d. Trumpin tutkineen l\u00e4\u00e4k\u00e4rin <a class=\"article-personlink\" href=\"https:\/\/www.is.fi\/haku\/?query=Sean%20Barbabellan\" rel=\"nofollow noopener\" target=\"_blank\">Sean Barbabellan<\/a> lausuntoa siteeranneen Leavittin mukaan presidentin syd\u00e4n ja verisuonet ovat hyv\u00e4ss\u00e4 kunnossa.<\/p>\n<p class=\"article-body mb-nof-24 px-nof-16\">\u2013 Presidentti Trumpin syd\u00e4n- ja verisuonikuvaus oli t\u00e4ysin normaali, eik\u00e4 ilmi tullut todisteita valtimotaudista, verenkiertoh\u00e4iri\u00f6st\u00e4 tai poikkeamista syd\u00e4mess\u00e4 tai isoissa verisuonissa, Leavitt kuvaili.<\/p>\n<p class=\"article-body mb-nof-24 px-nof-16\">\u2013 Syd\u00e4men kammiot ovat normaalikokoiset. Verisuonten sein\u00e4m\u00e4t vaikuttavat tasaisilta ja terveilt\u00e4, eik\u00e4 merkkej\u00e4 n\u00e4y tulehduksista tai tukkeumista. H\u00e4nen syd\u00e4n- ja verisuonij\u00e4rjestelm\u00e4ns\u00e4 osoittautui erinomaiseksi. Vatsan alueelle tehty kuvaus oli my\u00f6s t\u00e4ysin normaali, Leavitt jatkoi.<\/p>\n<p class=\"article-body mb-nof-24 px-nof-16\">H\u00e4nen mukaansa Trumpin ik\u00e4iset miehet hy\u00f6tyv\u00e4t ennaltaehk\u00e4isevist\u00e4 magneettikuvauksista. Leavitt korosti lehdist\u00f6tilaisuudessa hallinnon l\u00e4pin\u00e4kyvyytt\u00e4 Trumpin terveyteen liittyen.<\/p>\n<p class=\"article-body mb-nof-24 px-nof-16\">Lue lis\u00e4\u00e4: <a class=\"article-genericlink\" href=\"https:\/\/www.is.fi\/viihde\/art-2000011653434.html\" rel=\"nofollow noopener\" target=\"_blank\">Lehti: Trump on v\u00e4synyt \u2013 presidentti raivostui totaalisesti<\/a><\/p>\n<p><img decoding=\"async\" src=\"https:\/\/www.europesays.com\/fi\/wp-content\/uploads\/2025\/12\/1764661208_840_468.jpg\" alt=\"Karoline Leavitt siteerasi maanantain lehdist\u00f6tilaisuudessa Trumpin l\u00e4\u00e4k\u00e4rin Sean Barbarellan kirjoittamaa muistiota.\" class=\"_Img_1rerz_1\" style=\"aspect-ratio:1.5011727912431587\" loading=\"eager\"\/><\/p>\n<p class=\"article-picture-caption\">Karoline Leavitt siteerasi maanantain lehdist\u00f6tilaisuudessa Trumpin l\u00e4\u00e4k\u00e4rin Sean Barbarellan kirjoittamaa muistiota. Kuva:\u00a0Mehmet Eser \/ ZUMA \/ MVPhotos<\/p>\n<p class=\"article-body mb-nof-24 px-nof-16\">Magneettikuvaus ei tavallisesti ole osa rutiiniterveystarkastuksia. Trumpille tehtyyn tutkimukseen liittyv\u00e4 hiljaisuus on her\u00e4tt\u00e4nyt kysymyksi\u00e4 siit\u00e4, tiedottaako Valkoinen talo avoimesti presidentin terveydentilasta.<\/p>\n<p class=\"article-body mb-nof-24 px-nof-16\">Viime p\u00e4ivin\u00e4 Trumpia on patistanut magneettikuvauksen tulosten julkaisemiseen muun muassa Minnesotan kuvern\u00f6\u00f6ri <a class=\"article-personlink\" href=\"https:\/\/www.is.fi\/haku\/?query=Tim%20Walz\" rel=\"nofollow noopener\" target=\"_blank\">Tim Walz<\/a>.<\/p>\n<p class=\"article-body mb-nof-24 px-nof-16\">\u2013 Onko kukaan aiemmin maailmanhistoriassa k\u00e4ynyt h\u00e4nelle m\u00e4\u00e4r\u00e4tyss\u00e4 magneettikuvauksessa, eik\u00e4 h\u00e4nell\u00e4 ole ollut hajuakaan siit\u00e4, mit\u00e4 varten se tehtiin, kuten h\u00e4n sanoo? Walz kysyi <a class=\"article-genericlink\" href=\"https:\/\/www.cnbc.com\/2025\/12\/01\/trump-mri-results-white-house-walter-reed.html\" rel=\"nofollow noopener\" target=\"_blank\">NBC<\/a>-kanavan keskusteluohjelmassa maanantaina.<\/p>\n<p class=\"article-body mb-nof-24 px-nof-16\">Walzin kommentti liittyy Trumpin sunnuntaina antamaan lupaukseen julkaista magneettikuvauksensa tulokset. Sen yhteydess\u00e4 Trump my\u00f6nsi, ettei h\u00e4nell\u00e4 ole k\u00e4sityst\u00e4 siit\u00e4, mik\u00e4 h\u00e4nen ruumiinosistaan kuvattiin.<\/p>\n<p class=\"article-body mb-nof-24 px-nof-16\">\u2013 Se oli vain magneettikuvaus. Mik\u00e4 ruumiinosa? Se ei ollut aivot, koska tein kognitiivisen testin ja suoritin sen ensiluokkaisesti, Trump sanoi muun muassa <a class=\"article-genericlink\" href=\"https:\/\/www.pbs.org\/newshour\/politics\/trump-says-hell-release-mri-results-but-doesnt-know-what-part-of-his-body-was-scanned\" rel=\"nofollow noopener\" target=\"_blank\">PBS:n<\/a> mukaan.<\/p>\n<p class=\"article-body mb-nof-24 px-nof-16\">My\u00f6s Trumpin mukaan h\u00e4nen tuloksensa olivat \u201dt\u00e4ydelliset\u201d.<\/p>\n<p><img decoding=\"async\" src=\"https:\/\/www.europesays.com\/fi\/wp-content\/uploads\/2025\/12\/1764661209_410_468.jpg\" alt=\"Trump poistui nyrkki pystyss\u00e4 Walter Reed -sairaalassa tehdyst\u00e4 terveystarkastuksesta lokakuussa.\" class=\"_Img_1rerz_1\" style=\"aspect-ratio:1.5011727912431587\" loading=\"eager\"\/><\/p>\n<p class=\"article-picture-caption\">Trump poistui nyrkki pystyss\u00e4 Walter Reed -sairaalassa tehdyst\u00e4 terveystarkastuksesta lokakuussa. Kuva:\u00a0Kent Nishimura \/ Reuters<\/p>\n<p class=\"article-body mb-nof-24 px-nof-16\">Trumpille tehtiin vuotuinen terveystarkastus jo huhtikuussa Walter Reed -sotilassairaalassa. My\u00f6s lokakuussa tehty\u00e4 tarkastusta Valkoinen talo kuvaili \u201dvuotuiseksi rutiinitarkastukseksi\u201d.<\/p>\n<p class=\"article-body mb-nof-24 px-nof-16\"><a class=\"article-genericlink\" href=\"https:\/\/www.bbc.com\/news\/articles\/cn5lx240greo\" rel=\"nofollow noopener\" target=\"_blank\">BBC:n<\/a> haastattelemien l\u00e4\u00e4k\u00e4reiden mukaan magneettikuvauksia ei tyypillisesti tehd\u00e4 ennaltaehk\u00e4isev\u00e4ss\u00e4 tarkoituksessa, vaikkakin jotkut l\u00e4\u00e4k\u00e4rit puhuvat t\u00e4llaisten tarkastusten puolesta.<\/p>\n<p class=\"article-body mb-nof-24 px-nof-16\">Northwestern-yliopiston sis\u00e4tautien tutkimuksen johtajan <a class=\"article-personlink\" href=\"https:\/\/www.is.fi\/haku\/?query=Jeffrey%20A.%20Linderin\" rel=\"nofollow noopener\" target=\"_blank\">Jeffrey A. Linderin<\/a> mukaan Trumpin l\u00e4\u00e4k\u00e4rin julkaisemasta muistiosta ei selvi\u00e4 tarkalleen, mit\u00e4 t\u00e4lle tehtiin. Magneettikuvauksia ei h\u00e4nen mukaansa kuitenkaan tavallisesti suositella oireettomille potilaille, sill\u00e4 mahdolliset riskit voivat kasvaa hy\u00f6tyj\u00e4 suuremmiksi.<\/p>\n<p class=\"article-body mb-nof-24 px-nof-16\">Linder huomautti my\u00f6s, ett\u00e4 on ep\u00e4tavallista, ett\u00e4 magneettikuvat ovat \u201dt\u00e4ysin normaaleja\u201d, eik\u00e4 niiss\u00e4 n\u00e4y mink\u00e4\u00e4nlaisia merkkej\u00e4 esimerkiksi verisuonten kalkkeutumisesta.<\/p>\n<p class=\"article-body mb-nof-24 px-nof-16\">Trump on k\u00e4rsinyt viime aikoina my\u00f6s nilkkojensa turpoamisesta ja h\u00e4nen oikean k\u00e4tens\u00e4 selk\u00e4myksess\u00e4 on n\u00e4hty toistuvasti mustelmia. Hein\u00e4kuussa Valkoinen talo my\u00f6nsi presidentin saaneen diagnoosin kroonisesta laskimoiden vajaatoiminnasta, joka voi ilmet\u00e4 muun muassa jalkojen turvotuksena.<\/p>\n<p class=\"article-body mb-nof-24 px-nof-16\">Trumpin terveydentila on muutenkin her\u00e4tt\u00e4nyt spekulaatiota pitkin h\u00e4nen presidenttivuottaan.<\/p>\n<p class=\"article-body mb-nof-24 px-nof-16\">Aiemmin syksyll\u00e4 sosiaalisessa mediassa pantiin merkille, ettei Trumpia ollut n\u00e4kynyt julkisuudessa useaan p\u00e4iv\u00e4\u00e4n. Spekulaatioita kiihdyttiv\u00e4t lis\u00e4\u00e4 Trumpin k\u00e4mmensel\u00e4ss\u00e4 n\u00e4hdyt mustelmat ja varapresidentti J.D. Vancen outona pidetty lausunto, jossa t\u00e4m\u00e4 sanoi nykyisen roolinsa varapresidenttin\u00e4 \u201dvalmistaneen h\u00e4nt\u00e4 ottamaan vastaan \u200b\u200bmaan korkeimman viran\u201d.<\/p>\n<p class=\"article-body mb-nof-24 px-nof-16\">Pian sen j\u00e4lkeen Trumpin puoliso Melania Trump olisi huhujen mukaan n\u00e4hty Walter Reed -sairaalalla, joka sijaitsee Washingtonin l\u00e4hell\u00e4 Bethesadassa.<\/p>\n<p class=\"article-body mb-nof-24 px-nof-16\">Tuolloin Trump kuittasi huhut p\u00e4ivityksell\u00e4 omalla Truth Social -alustallaan.<\/p>\n<p class=\"article-body mb-nof-24 px-nof-16\">\u2013 EN OLE KOSKAAN EL\u00c4M\u00c4SS\u00c4NI VOINUT PAREMMIN, Trump kirjoitti tuttuun tyyliins\u00e4 isoilla kirjaimilla.<\/p>\n","protected":false},"excerpt":{"rendered":"Valkoisen talon aiempi hiljaisuus tutkimuksen tuloksista on her\u00e4tt\u00e4nyt kysymyksi\u00e4 siit\u00e4, tiedotetaanko presidentin terveydentilasta avoimesti. Valkoinen talo kertoi maanantaina&hellip;\n","protected":false},"author":2,"featured_media":105508,"comment_status":"","ping_status":"","sticky":false,"template":"","format":"standard","meta":{"footnotes":""},"categories":[14],"tags":[22,23,26,27,33,31,30,17,34,24,25,28,29,15,18,21,32,19,20,56,16,59,60,61],"class_list":{"0":"post-105507","1":"post","2":"type-post","3":"status-publish","4":"format-standard","5":"has-post-thumbnail","7":"category-ulkomaat","8":"tag-breaking-news","9":"tag-breakingnews","10":"tag-featured-news","11":"tag-featurednews","12":"tag-fi","13":"tag-finland","14":"tag-finnish","15":"tag-headlines","16":"tag-ilta-sanomat","17":"tag-latest-news","18":"tag-latestnews","19":"tag-main-news","20":"tag-mainnews","21":"tag-news","22":"tag-otsikot","23":"tag-paauutiset","24":"tag-suomi","25":"tag-top-stories","26":"tag-topstories","27":"tag-ulkomaat","28":"tag-uutiset","29":"tag-world","30":"tag-world-news","31":"tag-worldnews"},"share_on_mastodon":{"url":"https:\/\/pubeurope.com\/@fi\/115648844659655065","error":""},"_links":{"self":[{"href":"https:\/\/www.europesays.com\/fi\/wp-json\/wp\/v2\/posts\/105507","targetHints":{"allow":["GET"]}}],"collection":[{"href":"https:\/\/www.europesays.com\/fi\/wp-json\/wp\/v2\/posts"}],"about":[{"href":"https:\/\/www.europesays.com\/fi\/wp-json\/wp\/v2\/types\/post"}],"author":[{"embeddable":true,"href":"https:\/\/www.europesays.com\/fi\/wp-json\/wp\/v2\/users\/2"}],"replies":[{"embeddable":true,"href":"https:\/\/www.europesays.com\/fi\/wp-json\/wp\/v2\/comments?post=105507"}],"version-history":[{"count":0,"href":"https:\/\/www.europesays.com\/fi\/wp-json\/wp\/v2\/posts\/105507\/revisions"}],"wp:featuredmedia":[{"embeddable":true,"href":"https:\/\/www.europesays.com\/fi\/wp-json\/wp\/v2\/media\/105508"}],"wp:attachment":[{"href":"https:\/\/www.europesays.com\/fi\/wp-json\/wp\/v2\/media?parent=105507"}],"wp:term":[{"taxonomy":"category","embeddable":true,"href":"https:\/\/www.europesays.com\/fi\/wp-json\/wp\/v2\/categories?post=105507"},{"taxonomy":"post_tag","embeddable":true,"href":"https:\/\/www.europesays.com\/fi\/wp-json\/wp\/v2\/tags?post=105507"}],"curies":[{"name":"wp","href":"https:\/\/api.w.org\/{rel}","templated":true}]}}