{"id":105509,"date":"2025-12-02T07:41:10","date_gmt":"2025-12-02T07:41:10","guid":{"rendered":"https:\/\/www.europesays.com\/fi\/105509\/"},"modified":"2025-12-02T07:41:10","modified_gmt":"2025-12-02T07:41:10","slug":"ukrainan-kohtalo-vaakalaudalla-mita-sanovat-orpo-ja-kristersson-suora-lahetys-kaynnissa","status":"publish","type":"post","link":"https:\/\/www.europesays.com\/fi\/105509\/","title":{"rendered":"Ukrainan kohtalo vaakalaudalla \u2013 Mit\u00e4 sanovat Orpo ja Kristersson? Suora l\u00e4hetys k\u00e4ynniss\u00e4"},"content":{"rendered":"<p>P\u00e4\u00e4ministeri Petteri Orpo ja Ruotsin p\u00e4\u00e4ministeri Ulf Kristersson pit\u00e4v\u00e4t tiedotustilaisuuden.<\/p>\n<p class=\"paragraph\">P\u00e4\u00e4ministeri <strong>Petteri Orpo<\/strong> (kok) pit\u00e4\u00e4 tiedotustilaisuuden Hanasaaressa tiistaina yhdess\u00e4 ruotsalaisen kollegansa <strong>Ulf Kristerssonin<\/strong> kanssa. P\u00e4\u00e4ministerit kohtasivat eilen kahdenv\u00e4lisess\u00e4 tapaamisessa ja jatkavat tiistaina ruotsalais-suomalaisen kulttuurikeskuksen tilaisuuteen.<\/p>\n<p class=\"paragraph\">Ajankohtaisin kansainv\u00e4lisen politiikan asia Pohjoismaille ja Euroopalle on yh\u00e4 Ukrainan tilanne. Kristersson sanoi eilen, ett\u00e4 elet\u00e4\u00e4n \u201dh-hetke\u00e4\u201d, jonka aikana on osoitettava sanat teoiksi, jotta Ukrainan mahdollisuudet puolustautua paranevat ennen mahdollista tulitaukoa. Orpo jakoi Kristerssonin n\u00e4kemykset.<\/p>\n<p class=\"paragraph\">Yhdysvallat ja Ven\u00e4j\u00e4 neuvottelevat edelleen parhaillaan Ven\u00e4j\u00e4n laittoman hy\u00f6kk \u00e4yssodan ratkaisemisesta. Yhdysvaltain erityisl\u00e4hettil\u00e4s <strong>Steve Witkoff<\/strong> on Moskovassa. Yhdysvaltain presidentti <strong>Donald Trump<\/strong> on kertonut antavansa jonkin ilmoituksen my\u00f6hemmin t\u00e4n\u00e4\u00e4n, mutta ilmoituksen aihe ei ole tiedossa.<\/p>\n<p class=\"paragraph\">Iltalehti l\u00e4hett\u00e4\u00e4 kello 9.45 alkavan mediatilaisuuden suorana l\u00e4hetyksen\u00e4 t\u00e4ss\u00e4 jutussa. L\u00e4hetys alkaa noin kello 9.35. Paikan p\u00e4\u00e4ll\u00e4 tilannetta seuraa politiikan toimittaja <strong>Lauri Nurmi<\/strong>. Tekstiseurantaa p\u00e4ivitt\u00e4\u00e4 politiikan toimittaja <strong>Jari Hanska<\/strong>.<\/p>\n<p>Ei vanhempia p\u00e4ivityksi\u00e4<\/p>\n<p><img decoding=\"async\" class=\"image image-show image-preview\" src=\"https:\/\/www.europesays.com\/fi\/wp-content\/uploads\/2025\/12\/7a80ba8a139948aac2fc06f75145b47a8a61e241fd72f5ec15bc39b3ed97986e.jpg\" alt=\"\"\/><img decoding=\"async\" class=\"image image-show\" src=\"https:\/\/www.europesays.com\/fi\/wp-content\/uploads\/2025\/12\/1764661270_686_7a80ba8a139948aac2fc06f75145b47a8a61e241fd72f5ec15bc39b3ed97986e.jpg\" alt=\"\"\/><\/p>\n<p>P\u00e4\u00e4ministerit k\u00e4tteliv\u00e4t Kes\u00e4rannassa, ja Orpo kutsui Kristerssonin saunaan virallisen osuuden j\u00e4lkeen. Atte Kajova<\/p>\n","protected":false},"excerpt":{"rendered":"P\u00e4\u00e4ministeri Petteri Orpo ja Ruotsin p\u00e4\u00e4ministeri Ulf Kristersson pit\u00e4v\u00e4t tiedotustilaisuuden. P\u00e4\u00e4ministeri Petteri Orpo (kok) pit\u00e4\u00e4 tiedotustilaisuuden Hanasaaressa tiistaina&hellip;\n","protected":false},"author":2,"featured_media":105510,"comment_status":"","ping_status":"","sticky":false,"template":"","format":"standard","meta":{"footnotes":""},"categories":[12],"tags":[35,22,23,26,27,33,31,30,17,24,25,28,29,15,18,21,142,637,144,886,32,19,20,16,638],"class_list":{"0":"post-105509","1":"post","2":"type-post","3":"status-publish","4":"format-standard","5":"has-post-thumbnail","7":"category-suomi","8":"tag-24h","9":"tag-breaking-news","10":"tag-breakingnews","11":"tag-featured-news","12":"tag-featurednews","13":"tag-fi","14":"tag-finland","15":"tag-finnish","16":"tag-headlines","17":"tag-latest-news","18":"tag-latestnews","19":"tag-main-news","20":"tag-mainnews","21":"tag-news","22":"tag-otsikot","23":"tag-paauutiset","24":"tag-poliitikot","25":"tag-politiikka","26":"tag-presidentti","27":"tag-puolueet","28":"tag-suomi","29":"tag-top-stories","30":"tag-topstories","31":"tag-uutiset","32":"tag-valtiovalta"},"share_on_mastodon":{"url":"https:\/\/pubeurope.com\/@fi\/115648848585244252","error":""},"_links":{"self":[{"href":"https:\/\/www.europesays.com\/fi\/wp-json\/wp\/v2\/posts\/105509","targetHints":{"allow":["GET"]}}],"collection":[{"href":"https:\/\/www.europesays.com\/fi\/wp-json\/wp\/v2\/posts"}],"about":[{"href":"https:\/\/www.europesays.com\/fi\/wp-json\/wp\/v2\/types\/post"}],"author":[{"embeddable":true,"href":"https:\/\/www.europesays.com\/fi\/wp-json\/wp\/v2\/users\/2"}],"replies":[{"embeddable":true,"href":"https:\/\/www.europesays.com\/fi\/wp-json\/wp\/v2\/comments?post=105509"}],"version-history":[{"count":0,"href":"https:\/\/www.europesays.com\/fi\/wp-json\/wp\/v2\/posts\/105509\/revisions"}],"wp:featuredmedia":[{"embeddable":true,"href":"https:\/\/www.europesays.com\/fi\/wp-json\/wp\/v2\/media\/105510"}],"wp:attachment":[{"href":"https:\/\/www.europesays.com\/fi\/wp-json\/wp\/v2\/media?parent=105509"}],"wp:term":[{"taxonomy":"category","embeddable":true,"href":"https:\/\/www.europesays.com\/fi\/wp-json\/wp\/v2\/categories?post=105509"},{"taxonomy":"post_tag","embeddable":true,"href":"https:\/\/www.europesays.com\/fi\/wp-json\/wp\/v2\/tags?post=105509"}],"curies":[{"name":"wp","href":"https:\/\/api.w.org\/{rel}","templated":true}]}}