{"id":105511,"date":"2025-12-02T07:42:08","date_gmt":"2025-12-02T07:42:08","guid":{"rendered":"https:\/\/www.europesays.com\/fi\/105511\/"},"modified":"2025-12-02T07:42:08","modified_gmt":"2025-12-02T07:42:08","slug":"sotilaiden-epailty-sikailu-jarkytti-rovaniemelaista-jyrkia-nain-vastaa-esikunta","status":"publish","type":"post","link":"https:\/\/www.europesays.com\/fi\/105511\/","title":{"rendered":"Sotilaiden ep\u00e4ilty sikailu j\u00e4rkytti rovaniemel\u00e4ist\u00e4 Jyrki\u00e4 \u2013 N\u00e4in vastaa esikunta"},"content":{"rendered":"<p>Lapin lennoston esikuntap\u00e4\u00e4llik\u00f6n mukaan \u201don mahdollista, ett\u00e4 roskat ovat varusmiesten tai reservil\u00e4isten\u201d. Lennosto l\u00e4htee siivoamaan roskia heti t\u00e4n\u00e4\u00e4n.<\/p>\n<p><img decoding=\"async\" class=\"image image-show image-preview\" src=\"https:\/\/www.europesays.com\/fi\/wp-content\/uploads\/2025\/12\/e4225bb35e685f2373d6b05ff98001862f9e109504c82e9df0724d12242aac0e.jpg\" alt=\"\"\/><img decoding=\"async\" class=\"image image-show\" src=\"https:\/\/www.europesays.com\/fi\/wp-content\/uploads\/2025\/12\/1764661328_377_e4225bb35e685f2373d6b05ff98001862f9e109504c82e9df0724d12242aac0e.jpg\" alt=\"\"\/><\/p>\n<p>Rovaniemell\u00e4 j\u00e4rjestettiin marraskuun lopussa Ilmavoimien joukkokoulutuskauden p\u00e4\u00e4tt\u00f6harjoitus. Rovaniemel\u00e4isen Jyrkin l\u00e4himets\u00e4ss\u00e4 n\u00e4ytti harjoituksen p\u00e4\u00e4tteeksi t\u00e4lt\u00e4.  Lukijan kuva<\/p>\n<p class=\"paragraph\">Rovaniemel\u00e4inen <strong>Jyrki<\/strong> j\u00e4rkyttyi, kun Ilmavoimien harjoituksen j\u00e4ljilt\u00e4 kodin l\u00e4hell\u00e4 oleva mets\u00e4 oli varsin karussa kunnossa: lumihangella lojui esimerkiksi tyhji\u00e4 karkki- ja sipsipusseja, ev\u00e4spatukoiden k\u00e4\u00e4reit\u00e4 ja s\u00e4ilykeruokat\u00f6lkkej\u00e4.<\/p>\n<p class=\"paragraph\">Jyrki ep\u00e4ilee, ett\u00e4 roskat ovat j\u00e4\u00e4neet mets\u00e4\u00e4n armeijan harjoitusten j\u00e4ljilt\u00e4. H\u00e4n asuu mets\u00e4n vieress\u00e4 ja sanoo Puolustusvoimien sulkeneen teit\u00e4 alueella kuluneella viikolla.<\/p>\n<p class=\"paragraph\">\u2013 On mahdollista, ett\u00e4 roskat ovat varusmiesten tai reservil\u00e4isten j\u00e4tt\u00e4mi\u00e4, Lapin lennoston esikuntap\u00e4\u00e4llikk\u00f6 ja everstiluutnantti <strong>Petteri Puusa<\/strong> kertoo Iltalehdelle s\u00e4hk\u00f6postitse.<\/p>\n<p class=\"paragraph\">Puusan mukaan lennoston \u201dsiivouspartio\u201d l\u00e4hti siivoamaan roskat maastosta \u201dheti maanantaina 1. joulukuuta.\u201d<\/p>\n<p class=\"paragraph\">Puolustusvoimille tulee yleisesti ottaen joskus palautetta harjoitusalueiden siistimisest\u00e4, mutta Puusan mukaan Lapin lennosto ei ole \u201dmiesmuistiin t\u00e4llaista palautetta saanut\u201d.<\/p>\n<p class=\"paragraph\">Lapin lennosto pahoittelee tapahtunutta, h\u00e4n jatkaa.<\/p>\n<p>Ker\u00e4\u00e4misest\u00e4 muistutetaan<\/p>\n<p class=\"paragraph\">Puolustusvoimien ohjeistuksen mukaan roskia ei j\u00e4tet\u00e4 maastoon.<\/p>\n<p class=\"paragraph\">\u2013 Harjoituksen lopussa harjoitusalue k\u00e4skettiin siivota, mink\u00e4 j\u00e4lkeen sen tarkastivat toimivat johtajat, Puusa sanoo s\u00e4hk\u00f6postissaan.<\/p>\n<p class=\"paragraph\">Harjoitusalue oli kuitenkin hyvin laaja, joten tarkastukset eiv\u00e4t voineet ulottua aivan kaikkiin maastonkohtiin, joissa itsen\u00e4isesti toimineet joukot ovat voineet liikkua, h\u00e4n kertoo.<\/p>\n<p>Mets\u00e4\u00e4n oli j\u00e4tetty runsaasti erilaisia ev\u00e4s- ja muonak\u00e4\u00e4reit\u00e4.  Lukijan kuva<\/p>\n<p class=\"paragraph\">Puusan mukaan harjoitukseen osallistui yli 1000 henke\u00e4, joista valtaosa majoittui maastossa. Kyseess\u00e4 oli Ilmavoimien joukkokoulutuskauden p\u00e4\u00e4tt\u00f6harjoitus (JPH225). Harjoitustoimintaan k\u00e4ytett\u00e4v\u00e4 alue ulottui my\u00f6s Norvaj\u00e4rvelle, joka sijaitsee noin 14 kilometrin p\u00e4\u00e4ss\u00e4 Rovaniemen lentoasemalta.<\/p>\n<p class=\"paragraph\">\u2013 T\u00e4m\u00e4n tapauksen perusteella roskien ker\u00e4\u00e4misest\u00e4 on erityisesti syyt\u00e4 muistuttaa niit\u00e4 varusmies- ja reservil\u00e4isjoukkoja, jotka teht\u00e4v\u00e4ns\u00e4 vuoksi liikkuvat omatoimisesti maastossa ilman henkil\u00f6kunnan valvontaa.<\/p>\n<p>Ep\u00e4sotilaallista k\u00e4yt\u00f6st\u00e4<\/p>\n<p class=\"paragraph\">Jyrkilt\u00e4 ei heru ymm\u00e4rryst\u00e4 mets\u00e4\u00e4 sotkeneille.<\/p>\n<p class=\"paragraph\">\u2013 Eih\u00e4n sotilaiden nyt noin kuuluisi k\u00e4ytt\u00e4yty\u00e4, h\u00e4n sanoo.<\/p>\n<p class=\"paragraph\">\u2013 Kun itse k\u00e4vin armeijan nuoruudessani, me huolehdimme mets\u00e4n puhtaaksi, ett\u00e4 sinne ei j\u00e4\u00e4nyt roskia. Kantahenkil\u00f6st\u00f6 yleens\u00e4 viel\u00e4 tarkisti leiripaikat, joissa olimme olleet, ettei sinne oikeasti j\u00e4\u00e4nyt mit\u00e4\u00e4n.<\/p>\n<p class=\"paragraph\">Jyrki pohtii, kuinka paljon roskaa muualla harjoitusalueella mahdollisesti on, kun harjoituksessa on kuitenkin ollut osallistujia satam\u00e4\u00e4rin.<\/p>\n<p class=\"paragraph\">\u2013 Aika sikamaista se on, h\u00e4n sanoo.<\/p>\n<p class=\"paragraph\">\u2013 Ei kukaan halua omiin l\u00e4himetsiins\u00e4 tuommoisia j\u00e4lki\u00e4, vaikka se valtion mets\u00e4 toki on.<\/p>\n","protected":false},"excerpt":{"rendered":"Lapin lennoston esikuntap\u00e4\u00e4llik\u00f6n mukaan \u201don mahdollista, ett\u00e4 roskat ovat varusmiesten tai reservil\u00e4isten\u201d. Lennosto l\u00e4htee siivoamaan roskia heti t\u00e4n\u00e4\u00e4n.&hellip;\n","protected":false},"author":2,"featured_media":105512,"comment_status":"","ping_status":"","sticky":false,"template":"","format":"standard","meta":{"footnotes":""},"categories":[5],"tags":[35,802,1695,22,23,26,27,33,31,30,17,24,25,803,28,29,15,18,21,878,2535,32,19,20,16],"class_list":{"0":"post-105511","1":"post","2":"type-post","3":"status-publish","4":"format-standard","5":"has-post-thumbnail","7":"category-otsikot","8":"tag-24h","9":"tag-armeijat-ja-aseelliset-joukot","10":"tag-asevelvollisuus","11":"tag-breaking-news","12":"tag-breakingnews","13":"tag-featured-news","14":"tag-featurednews","15":"tag-fi","16":"tag-finland","17":"tag-finnish","18":"tag-headlines","19":"tag-latest-news","20":"tag-latestnews","21":"tag-levottomuudet-ja-sodat","22":"tag-main-news","23":"tag-mainnews","24":"tag-news","25":"tag-otsikot","26":"tag-paauutiset","27":"tag-puolustus-ja-rajavalvonta-maanpuolustus","28":"tag-puolustuspolitiikka","29":"tag-suomi","30":"tag-top-stories","31":"tag-topstories","32":"tag-uutiset"},"share_on_mastodon":{"url":"https:\/\/pubeurope.com\/@fi\/115648852381104497","error":""},"_links":{"self":[{"href":"https:\/\/www.europesays.com\/fi\/wp-json\/wp\/v2\/posts\/105511","targetHints":{"allow":["GET"]}}],"collection":[{"href":"https:\/\/www.europesays.com\/fi\/wp-json\/wp\/v2\/posts"}],"about":[{"href":"https:\/\/www.europesays.com\/fi\/wp-json\/wp\/v2\/types\/post"}],"author":[{"embeddable":true,"href":"https:\/\/www.europesays.com\/fi\/wp-json\/wp\/v2\/users\/2"}],"replies":[{"embeddable":true,"href":"https:\/\/www.europesays.com\/fi\/wp-json\/wp\/v2\/comments?post=105511"}],"version-history":[{"count":0,"href":"https:\/\/www.europesays.com\/fi\/wp-json\/wp\/v2\/posts\/105511\/revisions"}],"wp:featuredmedia":[{"embeddable":true,"href":"https:\/\/www.europesays.com\/fi\/wp-json\/wp\/v2\/media\/105512"}],"wp:attachment":[{"href":"https:\/\/www.europesays.com\/fi\/wp-json\/wp\/v2\/media?parent=105511"}],"wp:term":[{"taxonomy":"category","embeddable":true,"href":"https:\/\/www.europesays.com\/fi\/wp-json\/wp\/v2\/categories?post=105511"},{"taxonomy":"post_tag","embeddable":true,"href":"https:\/\/www.europesays.com\/fi\/wp-json\/wp\/v2\/tags?post=105511"}],"curies":[{"name":"wp","href":"https:\/\/api.w.org\/{rel}","templated":true}]}}