{"id":105513,"date":"2025-12-02T07:54:08","date_gmt":"2025-12-02T07:54:08","guid":{"rendered":"https:\/\/www.europesays.com\/fi\/105513\/"},"modified":"2025-12-02T07:54:08","modified_gmt":"2025-12-02T07:54:08","slug":"mmiisas-palaa-someen-surun-jalkeen-miisa-grekov-jakaa-tunteikkaan-viestin","status":"publish","type":"post","link":"https:\/\/www.europesays.com\/fi\/105513\/","title":{"rendered":"Mmiisas palaa someen surun j\u00e4lkeen \u2013 Miisa Grekov jakaa tunteikkaan viestin"},"content":{"rendered":"<p>            Timo Korhonen\n        <\/p>\n<p class=\"subtitle \">Miisa Grekov on yh\u00e4 vasta toipumassa, mutta pieni hymykin jo l\u00f6ytyy.<\/p>\n<p class=\"article-content article-content-width !bg-background\">Tubettaja, muotisuunnittelija ja mediapersoona , Tube-nimelt\u00e4\u00e4n , julkaisi kahden kuukauden sometauon j\u00e4lkeen Instagram-sis\u00e4lt\u00f6\u00e4. H\u00e4n on surusta voipunut ja yh\u00e4 murheellinen.\u00a0<\/p>\n<p class=\"font-weight-bold m-font-weight-bold article-content article-content-width !bg-background\">Arkistovideo: Miisa n\u00e4htiin viime vuonna Muodin huipulle -juontajana ja -tuomarina.<\/p>\n<p class=\"article-content article-content-width !bg-background\">T\u00e4t\u00e4 ennen edellinen Miisan Instagram-julkaisu oli lokakuun 6. p\u00e4iv\u00e4n\u00e4. Tuolloin h\u00e4nt\u00e4 ja perhett\u00e4 koetteli yll\u00e4tt\u00e4v\u00e4 ja suuri murhe.<\/p>\n<p class=\"article-content article-content-width !bg-background\">\u2013 Pohjaton suru ja shokki on kohdannut perheemme. Rakas siskoni  menehtyi yll\u00e4tt\u00e4en perjantaina 3. lokakuuta, Miisa kirjoitti lokakuisessa suruviestiss\u00e4\u00e4n.<\/p>\n<p>        <a itemprop=\"url\" href=\"https:\/\/www.seiska.fi\/kotimaa\/huippusuosittu-tubettaja-miisa-grekov-pohjaton-suru\/1953226\" rel=\"nofollow noopener\" target=\"_blank\"><\/p>\n<p>\nPohjaton suru\n<\/p>\n<p class=\"section-date\">\n        <strong class=\"article-section\" data-section=\"kotimaa\"><br \/>\n            kotimaa<br \/>\n        <\/strong><br \/>\n        6.10. 16:00\n    <\/p>\n<p>Huippusuosittu tubettaja Miisa Grekov: &#8221;Pohjaton suru&#8221;\n    <\/p>\n<p itemprop=\"description\" class=\"subtitle \">\n    Sis\u00e4ll\u00f6ntuottaja jarkoi j\u00e4rkytt\u00e4v\u00e4n suru-uutisen.\n<\/p>\n<p>        <\/a><\/p>\n<p class=\"no_italic m-no_italic article-content article-content-width !bg-background\">H\u00e4n julkaisi h\u00e4ist\u00e4\u00e4n  kanssa otetun perhekuvan. Kuvassa ovat Meri, perheen \u00e4iti, Tomas, Miisa ja is\u00e4.<\/p>\n<p class=\"no_italic m-no_italic article-content article-content-width !bg-background\">\u2013\u00a0Multa ei l\u00f6ydy t\u00e4ss\u00e4 vaiheessa enemp\u00e4\u00e4 sanoja. Toivon teilt\u00e4 aikaa ja ymm\u00e4rryst\u00e4, sill\u00e4 en tied\u00e4, milloin pystymme palaamaan ty\u00f6mme pariin. Meri-rakas, ik\u00e4v\u00e4 on mittaamattoman suuri, Miisa kirjoitti.<\/p>\n<p class=\"article-content article-content-width !bg-background\">Sitten Instagram-tili vaikeni.<\/p>\n<p>Suru painaa yh\u00e4<\/p>\n<p class=\"article-content article-content-width !bg-background\">Maanantaina, joulukuun ensimm\u00e4isen\u00e4 p\u00e4iv\u00e4n\u00e4 Miisa kuitenkin jaksoi j\u00e4lleen julkaista kuvan ja teksti\u00e4 someen. Instagram-tilill\u00e4\u00e4n julkaisemallaan kelalla h\u00e4n k\u00e4velee vakavana, mutta aivan hyvinvoivan oloisena.<\/p>\n<p class=\"article-content article-content-width !bg-background\">Teksti, videon leikkaus, taustalla soiva kitara sek\u00e4 englanniksi luettu teksti, ne kaikki kuitenkin kertovat muuta.<\/p>\n<p class=\"article-content article-content-width !bg-background\">\u2013\u00a0Yrit\u00e4n saada pikkuhiljaa el\u00e4m\u00e4n nurkasta kiinni, Miisa kirjoittaa.<\/p>\n<p class=\"article-content article-content-width !bg-background\">Viel\u00e4 h\u00e4n ei ole entisell\u00e4\u00e4n<\/p>\n<p class=\"article-content article-content-width !bg-background\">Videon kuvastona on kultaisena laskeva aurinko talvimaisemissa. Mukana vilahtaa my\u00f6s aurinkoisia hetki\u00e4 surun keskell\u00e4: kissan silittely\u00e4 ja iloisesti tervehtiv\u00e4n koiran pusuttelua.<\/p>\n<p>Kaiken keskell\u00e4 my\u00f6s hymy\u00e4<\/p>\n<p class=\"article-content article-content-width !bg-background\">Taustalla luettu teksti lohduttaa, miten surusta huolima el\u00e4m\u00e4n kipin\u00e4 kyll\u00e4 palaa, ja voi olla oma itsens\u00e4.<\/p>\n<p class=\"article-content article-content-width !bg-background\">Videollaan Miisa jopa hymyilee tunnelmallisessa ja rauhallisessa kuvastossa.<\/p>\n<p>        <a itemprop=\"url\" href=\"https:\/\/www.seiska.fi\/terveys\/miisa-grekov-avoimena-paniikkihairiostaan-moni-asia-olisi-voinut-menna-pieleen\/1447780\" rel=\"nofollow noopener\" target=\"_blank\"><\/p>\n<p class=\"section-date\">\n        <strong class=\"article-section\" data-section=\"terveys\"><br \/>\n            terveys<br \/>\n        <\/strong><br \/>\n        2.9.2024 16:00\n    <\/p>\n<p>Miisa Grekov avoimena paniikkih\u00e4iri\u00f6st\u00e4\u00e4n: &#8221;Moni asia olisi voinut menn\u00e4 pieleen&#8221;\n    <\/p>\n<p itemprop=\"description\" class=\"subtitle \">\n    Miisa on kertonut k\u00e4rsineens\u00e4 joskus niin pahasta paniikkih\u00e4iri\u00f6st\u00e4, ett\u00e4 ruokakaupassa k\u00e4yminen ahdisti h\u00e4nt\u00e4.\n<\/p>\n<p>        <\/a><\/p>\n<p class=\"article-content article-content-width !bg-background\">H\u00e4n my\u00f6s kiitt\u00e4\u00e4 saamastaan tuesta.<\/p>\n<p class=\"article-content article-content-width !bg-background\">\u2013\u00a0Hetki ja hengitys kerrallaan. Kiitos valtavasti kaikista osanotoista ja rakkauden t\u00e4yteisist\u00e4 viesteist\u00e4.<\/p>\n<p class=\"article-content article-content-width !bg-background\">Emojeiksi h\u00e4n on lis\u00e4nnyt viestiins\u00e4 syd\u00e4men ja laastarin.<\/p>\n<p>        <a itemprop=\"url\" href=\"https:\/\/www.seiska.fi\/terveys\/tubettaja-mmiisasin-avunhuuto-hakeutui-neurologille-laakehoito-aloitetaan\/1244191\" rel=\"nofollow noopener\" target=\"_blank\"><\/p>\n<p class=\"section-date\">\n        <strong class=\"article-section\" data-section=\"terveys\"><br \/>\n            terveys<br \/>\n        <\/strong><br \/>\n        16.1.2024 14:43\n    <\/p>\n<p>Tubettaja Mmiisasin avunhuuto: hakeutui neurologille \u2013 l\u00e4\u00e4kehoito aloitetaan\n    <\/p>\n<p itemprop=\"description\" class=\"subtitle \">\n    Miisa toivoo, ett\u00e4 sel\u00e4tt\u00e4isi terveysongelmansa t\u00e4n\u00e4 vuonna.\n<\/p>\n<p>        <\/a><\/p>\n","protected":false},"excerpt":{"rendered":"Timo Korhonen Miisa Grekov on yh\u00e4 vasta toipumassa, mutta pieni hymykin jo l\u00f6ytyy. Tubettaja, muotisuunnittelija ja mediapersoona ,&hellip;\n","protected":false},"author":2,"featured_media":105514,"comment_status":"","ping_status":"","sticky":false,"template":"","format":"standard","meta":{"footnotes":""},"categories":[136],"tags":[407,137,33,31,30,9863,408,683,8160,19900,1346,19899,19898,98,19897,13518,12565,32,2086,19896,19895,2176,1464,15992,15993,109],"class_list":{"0":"post-105513","1":"post","2":"type-post","3":"status-publish","4":"format-standard","5":"has-post-thumbnail","7":"category-julkkikset","8":"tag-celebrities","9":"tag-entertainment","10":"tag-fi","11":"tag-finland","12":"tag-finnish","13":"tag-jaksaminen","14":"tag-julkkikset","15":"tag-kuolema","16":"tag-laheisen-kuolema","17":"tag-meri","18":"tag-mielenterveys","19":"tag-miisa-grekov","20":"tag-mmiisas","21":"tag-perhe","22":"tag-sairausloma","23":"tag-sisko","24":"tag-siskokset","25":"tag-suomi","26":"tag-suru","27":"tag-surullinen","28":"tag-surut","29":"tag-surutyo","30":"tag-suuri-suru","31":"tag-toipilas","32":"tag-toipuminen","33":"tag-viihde"},"share_on_mastodon":{"url":"https:\/\/pubeurope.com\/@fi\/115648899702394566","error":""},"_links":{"self":[{"href":"https:\/\/www.europesays.com\/fi\/wp-json\/wp\/v2\/posts\/105513","targetHints":{"allow":["GET"]}}],"collection":[{"href":"https:\/\/www.europesays.com\/fi\/wp-json\/wp\/v2\/posts"}],"about":[{"href":"https:\/\/www.europesays.com\/fi\/wp-json\/wp\/v2\/types\/post"}],"author":[{"embeddable":true,"href":"https:\/\/www.europesays.com\/fi\/wp-json\/wp\/v2\/users\/2"}],"replies":[{"embeddable":true,"href":"https:\/\/www.europesays.com\/fi\/wp-json\/wp\/v2\/comments?post=105513"}],"version-history":[{"count":0,"href":"https:\/\/www.europesays.com\/fi\/wp-json\/wp\/v2\/posts\/105513\/revisions"}],"wp:featuredmedia":[{"embeddable":true,"href":"https:\/\/www.europesays.com\/fi\/wp-json\/wp\/v2\/media\/105514"}],"wp:attachment":[{"href":"https:\/\/www.europesays.com\/fi\/wp-json\/wp\/v2\/media?parent=105513"}],"wp:term":[{"taxonomy":"category","embeddable":true,"href":"https:\/\/www.europesays.com\/fi\/wp-json\/wp\/v2\/categories?post=105513"},{"taxonomy":"post_tag","embeddable":true,"href":"https:\/\/www.europesays.com\/fi\/wp-json\/wp\/v2\/tags?post=105513"}],"curies":[{"name":"wp","href":"https:\/\/api.w.org\/{rel}","templated":true}]}}