{"id":105515,"date":"2025-12-02T07:55:13","date_gmt":"2025-12-02T07:55:13","guid":{"rendered":"https:\/\/www.europesays.com\/fi\/105515\/"},"modified":"2025-12-02T07:55:13","modified_gmt":"2025-12-02T07:55:13","slug":"liedossa-arkkitehdit-saivat-tehtavan-jollaista-ei-ole-tehty-suomessa-sataan-vuoteen","status":"publish","type":"post","link":"https:\/\/www.europesays.com\/fi\/105515\/","title":{"rendered":"Liedossa arkkitehdit saivat teht\u00e4v\u00e4n, jollaista ei ole tehty Suomessa sataan vuoteen"},"content":{"rendered":"<p class=\"is-style-ingress\">Uudistettu ja laajennettu Liedon keskiaikainen kivikirkko koettelee rakennusperint\u00f6ajattelun j\u00e4rk\u00e4ht\u00e4m\u00e4tt\u00f6mimpi\u00e4 perustuskivi\u00e4, kirjoittaa Panu Savolainen.<\/p>\n<p><img loading=\"lazy\" decoding=\"async\" data-lazyloaded=\"1\" width=\"2560\" height=\"1856\" src=\"https:\/\/www.europesays.com\/fi\/wp-content\/uploads\/2025\/12\/noan_liedon_kirkko_16_photo_antti-partanen-scaled.jpg\" alt=\"\" class=\"wp-image-87022\"\/>Liedon keskiaikaisen kivikirkon koilliskulmaan tehty uudisosa, Leip\u00e4huone, mukailee vieress\u00e4 olevan alkuper\u00e4isen sakariston ulkohahmoa. Patinoitu kuparipellitys saa sen maastoutumaan kirkkorakennuksen ulkoarkkitehtuuriin. Kuva: Antti Partanen<\/p>\n<p><strong>Liedon kirkon peruskorjaus ja laajennus<\/strong><br \/><strong>Arkkitehtitoimisto NOAN<\/strong> \/\u00a0Lassi Viitanen, Caspar \u00c5kerblom<br \/><strong>Sijainti<\/strong>\u00a0Kirkkotie 14, Lieto<br \/><strong>Laajuus<\/strong>\u00a0615 m2<br \/><strong>Valmistuminen<\/strong>\u00a02024<br \/><strong>Vanha rakennus<\/strong>\u00a0n. 1470<\/p>\n<p>Haluaisitko lukea jutun?<\/p>\n<p class=\"paywall-description\">Tilaajana saat rajattoman p\u00e4\u00e4syn verkkosivuillemme ja n\u00e4k\u00f6islehden.<\/p>\n<p class=\"lala-author-info\">Panu Savolainen (FT, arkkitehti) toimii Aalto-yliopiston arkkitehtuurin historian ja restauroinnin professorina.<\/p>\n<p class=\"content-title-pre content-title-pre-background lala-cols-meta lala-published-info\" aria-describedby=\"content-title-pre-col\"><a href=\"https:\/\/www.ark.fi\/fi\/2025\/05\/\" rel=\"nofollow noopener\" target=\"_blank\">Julkaistu lehdess\u00e4 5 \u2013 2025 &#8211; Uudet visiot<\/a><\/p>\n","protected":false},"excerpt":{"rendered":"Uudistettu ja laajennettu Liedon keskiaikainen kivikirkko koettelee rakennusperint\u00f6ajattelun j\u00e4rk\u00e4ht\u00e4m\u00e4tt\u00f6mimpi\u00e4 perustuskivi\u00e4, kirjoittaa Panu Savolainen. Liedon keskiaikaisen kivikirkon koilliskulmaan tehty&hellip;\n","protected":false},"author":2,"featured_media":105516,"comment_status":"","ping_status":"","sticky":false,"template":"","format":"standard","meta":{"footnotes":""},"categories":[135],"tags":[389,387,388,390,137,33,31,30,32,394,393,391,392,109],"class_list":{"0":"post-105515","1":"post","2":"type-post","3":"status-publish","4":"format-standard","5":"has-post-thumbnail","7":"category-taiteet-ja-suunnittelu","8":"tag-arts","9":"tag-arts-and-design","10":"tag-artsanddesign","11":"tag-design","12":"tag-entertainment","13":"tag-fi","14":"tag-finland","15":"tag-finnish","16":"tag-suomi","17":"tag-suunnittelu","18":"tag-taiteet","19":"tag-taiteet-ja-suunnittelu","20":"tag-taiteetsuunnittelu","21":"tag-viihde"},"share_on_mastodon":{"url":"https:\/\/pubeurope.com\/@fi\/115648903611363236","error":""},"_links":{"self":[{"href":"https:\/\/www.europesays.com\/fi\/wp-json\/wp\/v2\/posts\/105515","targetHints":{"allow":["GET"]}}],"collection":[{"href":"https:\/\/www.europesays.com\/fi\/wp-json\/wp\/v2\/posts"}],"about":[{"href":"https:\/\/www.europesays.com\/fi\/wp-json\/wp\/v2\/types\/post"}],"author":[{"embeddable":true,"href":"https:\/\/www.europesays.com\/fi\/wp-json\/wp\/v2\/users\/2"}],"replies":[{"embeddable":true,"href":"https:\/\/www.europesays.com\/fi\/wp-json\/wp\/v2\/comments?post=105515"}],"version-history":[{"count":0,"href":"https:\/\/www.europesays.com\/fi\/wp-json\/wp\/v2\/posts\/105515\/revisions"}],"wp:featuredmedia":[{"embeddable":true,"href":"https:\/\/www.europesays.com\/fi\/wp-json\/wp\/v2\/media\/105516"}],"wp:attachment":[{"href":"https:\/\/www.europesays.com\/fi\/wp-json\/wp\/v2\/media?parent=105515"}],"wp:term":[{"taxonomy":"category","embeddable":true,"href":"https:\/\/www.europesays.com\/fi\/wp-json\/wp\/v2\/categories?post=105515"},{"taxonomy":"post_tag","embeddable":true,"href":"https:\/\/www.europesays.com\/fi\/wp-json\/wp\/v2\/tags?post=105515"}],"curies":[{"name":"wp","href":"https:\/\/api.w.org\/{rel}","templated":true}]}}