{"id":105517,"date":"2025-12-02T08:01:09","date_gmt":"2025-12-02T08:01:09","guid":{"rendered":"https:\/\/www.europesays.com\/fi\/105517\/"},"modified":"2025-12-02T08:01:09","modified_gmt":"2025-12-02T08:01:09","slug":"mtv-jokerit-kasaa-hurjaa-jengia-liigaan","status":"publish","type":"post","link":"https:\/\/www.europesays.com\/fi\/105517\/","title":{"rendered":"MTV: Jokerit kasaa hurjaa jengi\u00e4 Liigaan!"},"content":{"rendered":"<p>Helsingin Jokerit l\u00e4htee taistelemaan k\u00e4rkisijoista heti ensimm\u00e4isell\u00e4 Liiga-kaudellaan.<\/p>\n<p>Jokerien hallituksen puheenjohtaja <strong>Mikko Saarni<\/strong> paljasti <a href=\"https:\/\/www.mtvuutiset.fi\/artikkeli\/jokereilta-hurjaa-puhetta-miljoonia-poytaan-sm-liigassa\/9263888\" target=\"_blank\" rel=\"noreferrer noopener nofollow\">Hockey Night Maanantai -ohjelmassa<\/a>, ett\u00e4 helsikil\u00e4isseura ensi kauden pelaajabudjetti tulee olemaan merkitt\u00e4v\u00e4.<\/p>\n<p>\u2013 Pit\u00e4\u00e4 v\u00e4h\u00e4n tehd\u00e4 lis\u00e4laskelmia, ett\u00e4 ei viel\u00e4 ly\u00f6d\u00e4 ihan lopullisia lukuja p\u00f6yt\u00e4\u00e4n, mutta kyll\u00e4 me l\u00e4hdemme kilpailullisella budjetilla. Ehk\u00e4 arviolukuina 3\u20133,5 miljoonaa t\u00e4ll\u00e4 hetkell\u00e4 k\u00e4yt\u00f6ss\u00e4, Saarni sanoo.<\/p>\n<p>Pelaajabudjetti on kunnianhimoinen, sill\u00e4 t\u00e4ll\u00e4 kaudella vain Tappara, Ilves, K\u00e4rp\u00e4t, HIFK ja Lukko ilmoittivat pelaajabudjettinsa olevan t\u00e4t\u00e4 luokkaa.<\/p>\n<p>My\u00f6s Jokerien liikevaihto tulee tuplaantumaan Mestis-vuosista.<\/p>\n<p>\u2013 Varmaan siell\u00e4 5,5\u20136 miljoonan haminoissa tullaan olemaan kulupuolella, mik\u00e4 on tietysti tosi iso summa Mestikseen. Sitten ensi vuonna Liigassa 12\u201315 miljoonan luokkaa varmasti, Saarni arvioi.<\/p>\n<p>Liigassa t\u00e4ll\u00e4 kaudella HIFK:n kulubudjetti on 11,7 miljoonaa euroa. Liigan k\u00e4rke\u00e4 ovat Tappara 15,4 miljoonan euron ja Ilves 14,8 miljoonan euron budjetilla.<\/p>\n<p>Jokereille avautui ovi Liigaan, kun SM-liiga Oy p\u00e4\u00e4tti marraskuun lopussa j\u00e4rjestetyss\u00e4 yhti\u00f6kokouksessa siirtymisen 14+10 joukkueen sarjamalliin kaudesta 2027-28 alkaen.<\/p>\n<p>T\u00e4t\u00e4 ennen pelataan niin sanottu superkausi, johon Mestiksen viime vuoden mestarilla ja t\u00e4m\u00e4n vuoden mestarilla on mahdollisuus hakea paikkaa. Jokerien kohdalla voidaan pit\u00e4\u00e4 l\u00e4hes varmana, ett\u00e4 helsinkil\u00e4isseura t\u00e4ytt\u00e4\u00e4 Liiga-lisenssiin vaadittavat kriteerit.<\/p>\n<p>\t\t\t\t\t\tLUE MY\u00d6S:\t\t\t\t<\/p>\n","protected":false},"excerpt":{"rendered":"Helsingin Jokerit l\u00e4htee taistelemaan k\u00e4rkisijoista heti ensimm\u00e4isell\u00e4 Liiga-kaudellaan. Jokerien hallituksen puheenjohtaja Mikko Saarni paljasti Hockey Night Maanantai -ohjelmassa,&hellip;\n","protected":false},"author":2,"featured_media":105518,"comment_status":"","ping_status":"","sticky":false,"template":"","format":"standard","meta":{"footnotes":""},"categories":[158],"tags":[33,31,30,159,32,160],"class_list":{"0":"post-105517","1":"post","2":"type-post","3":"status-publish","4":"format-standard","5":"has-post-thumbnail","7":"category-urheilu","8":"tag-fi","9":"tag-finland","10":"tag-finnish","11":"tag-sports","12":"tag-suomi","13":"tag-urheilu"},"share_on_mastodon":{"url":"https:\/\/pubeurope.com\/@fi\/115648927103407364","error":""},"_links":{"self":[{"href":"https:\/\/www.europesays.com\/fi\/wp-json\/wp\/v2\/posts\/105517","targetHints":{"allow":["GET"]}}],"collection":[{"href":"https:\/\/www.europesays.com\/fi\/wp-json\/wp\/v2\/posts"}],"about":[{"href":"https:\/\/www.europesays.com\/fi\/wp-json\/wp\/v2\/types\/post"}],"author":[{"embeddable":true,"href":"https:\/\/www.europesays.com\/fi\/wp-json\/wp\/v2\/users\/2"}],"replies":[{"embeddable":true,"href":"https:\/\/www.europesays.com\/fi\/wp-json\/wp\/v2\/comments?post=105517"}],"version-history":[{"count":0,"href":"https:\/\/www.europesays.com\/fi\/wp-json\/wp\/v2\/posts\/105517\/revisions"}],"wp:featuredmedia":[{"embeddable":true,"href":"https:\/\/www.europesays.com\/fi\/wp-json\/wp\/v2\/media\/105518"}],"wp:attachment":[{"href":"https:\/\/www.europesays.com\/fi\/wp-json\/wp\/v2\/media?parent=105517"}],"wp:term":[{"taxonomy":"category","embeddable":true,"href":"https:\/\/www.europesays.com\/fi\/wp-json\/wp\/v2\/categories?post=105517"},{"taxonomy":"post_tag","embeddable":true,"href":"https:\/\/www.europesays.com\/fi\/wp-json\/wp\/v2\/tags?post=105517"}],"curies":[{"name":"wp","href":"https:\/\/api.w.org\/{rel}","templated":true}]}}