{"id":105523,"date":"2025-12-02T08:06:07","date_gmt":"2025-12-02T08:06:07","guid":{"rendered":"https:\/\/www.europesays.com\/fi\/105523\/"},"modified":"2025-12-02T08:06:07","modified_gmt":"2025-12-02T08:06:07","slug":"reuters-trumpin-pakotarjous-diktaattorille-umpeutui-yhdysvallat-keskittaa-sotavoimiaan","status":"publish","type":"post","link":"https:\/\/www.europesays.com\/fi\/105523\/","title":{"rendered":"Reuters: Trumpin pakotarjous diktaattorille umpeutui, Yhdysvallat keskitt\u00e4\u00e4 sotavoimiaan"},"content":{"rendered":"<p>Venezuela|Puhelinkeskustelussa Trumpin kanssa Maduro pyysi t\u00e4ytt\u00e4 armahdusta itselleen ja perheelleen sek\u00e4 pakotteiden poistamista yli sadalta venezuelalaisviranomaiselta. Suurin osa h\u00e4nen pyynn\u00f6ist\u00e4\u00e4n hyl\u00e4ttiin.<\/p>\n<p>Lue tiivistelm\u00e4<\/p>\n<p>Tiivistelm\u00e4 on teko\u00e4lyn tekem\u00e4 ja ihmisen tarkistama.<\/p>\n<p class=\"article-body mb-nof-24 px-nof-16 sndp-summary-bullet-point-font\">Yhdysvaltain presidentti Donald Trump vaati Venezuelan presidentti\u00e4 Nicol\u00e1s Maduroa poistumaan maasta viikon kuluessa puhelinkeskustelussa 21. marraskuuta, kertoo uutistoimisto Reuters.<\/p>\n<p class=\"article-body mb-nof-24 px-nof-16 sndp-summary-bullet-point-font\">Maduro pyysi puhelussa t\u00e4ytt\u00e4 armahdusta itselleen ja perheelleen sek\u00e4 pakotteiden poistamista yli sadalta venezuelalaisviranomaiselta.<\/p>\n<p class=\"article-body mb-nof-24 px-nof-16 sndp-summary-bullet-point-font\">Trump hylk\u00e4si suurimman osan pyynn\u00f6ist\u00e4, ja viikon takaraja umpeutui viime perjantaina.<\/p>\n<p class=\"article-body mb-nof-24 px-nof-16\">Yhdysvaltain presidentti <a class=\"article-personlink\" href=\"https:\/\/www.hs.fi\/haku\/?query=Donald%20Trump\" rel=\"nofollow noopener\" target=\"_blank\">Donald Trump<\/a> vaati 21. marraskuuta k\u00e4ydyss\u00e4 puhelinkeskustelussa Venezuelan presidentti\u00e4 <a class=\"article-personlink\" href=\"https:\/\/www.hs.fi\/haku\/?query=Nicol%C3%A1s%20Maduroa\" rel=\"nofollow noopener\" target=\"_blank\">Nicol\u00e1s Maduroa<\/a> v\u00e4istym\u00e4\u00e4n vallasta ja j\u00e4tt\u00e4m\u00e4\u00e4n maan viikon kuluessa.<\/p>\n<p class=\"article-body mb-nof-24 px-nof-16\">M\u00e4\u00e4r\u00e4aika umpeutui viime perjantaina. Asiasta kertoi uutistoimisto Reuters omiin l\u00e4hteisiins\u00e4 viitaten. Sanomalehti Miami Herald oli aiemmin uutisoinut puhelun sis\u00e4ll\u00f6st\u00e4 mutta ei takarajasta.<\/p>\n<p class=\"article-body mb-nof-24 px-nof-16\">Trump vahvisti jo aiemmin keskustelleensa Maduron kanssa, mutta ei kertonut yksityiskohtia.<\/p>\n<p class=\"article-body mb-nof-24 px-nof-16\">Reutersin mukaan puhelu kesti alle 15 minuuttia. Sen aikana Maduro pyysi Trumpilta t\u00e4ytt\u00e4 armahdusta itselleen ja perheenj\u00e4senilleen. H\u00e4n halusi kaikkien Yhdysvaltain pakotteiden poistamista ja luopumista Kansainv\u00e4lisen rikostuomioistuimen syytteist\u00e4.<\/p>\n<p class=\"article-body mb-nof-24 px-nof-16\">Maduro pyysi my\u00f6s pakotteiden poistamista yli sadalta Venezuelan hallinnon virkamiehelt\u00e4. Yhdysvallat syytt\u00e4\u00e4 monia heist\u00e4 ihmisoikeusloukkauksista, huumekaupasta tai korruptiosta.<\/p>\n<p class=\"article-body mb-nof-24 px-nof-16\">Lis\u00e4ksi Maduro ehdotti, ett\u00e4 varapresidentti <a class=\"article-personlink\" href=\"https:\/\/www.hs.fi\/haku\/?query=Delcy%20Rodr%C3%ADguez\" rel=\"nofollow noopener\" target=\"_blank\">Delcy Rodr\u00edguez<\/a> johtaisi v\u00e4liaikaishallitusta ennen uusia vaaleja.<\/p>\n<p class=\"article-body mb-nof-24 px-nof-16\">Trump hylk\u00e4si suurimman osan Maduron pyynn\u00f6ist\u00e4. H\u00e4n kuitenkin tarjosi Madurolle viikon aikaa l\u00e4hte\u00e4 Venezuelasta perheens\u00e4 kanssa valitsemaansa kohteeseen turvallisesti. Reutersin mukaan tarjous on nyt menett\u00e4nyt voimansa.<\/p>\n<p class=\"article-body mb-nof-24 px-nof-16\">Tasan viikko puhelinkeskustelun j\u00e4lkeen, 29. marraskuuta, Trump kehotti sulkemaan Venezuelan ilmatilan. T\u00e4m\u00e4 tulkittiin merkiksi siit\u00e4, ett\u00e4 Yhdysvallat saattaa pian aloittaa sotilaallisen operaation Venezuelaa vastaan.<\/p>\n<p class=\"article-body mb-nof-24 px-nof-16\">Viime y\u00f6n\u00e4 Suomen aikaa Valkoisessa talossa pidettiin tapaaminen, johon osallistuivat Trump ja h\u00e4nen keskeiset turvallisuusneuvonantajansa, mukaan lukien puolustusministeri <a class=\"article-personlink\" href=\"https:\/\/www.hs.fi\/haku\/?query=Pete%20Hegseth\" rel=\"nofollow noopener\" target=\"_blank\">Pete Hegseth<\/a> ja ulkoministeri <a class=\"article-personlink\" href=\"https:\/\/www.hs.fi\/haku\/?query=Marco%20Rubio\" rel=\"nofollow noopener\" target=\"_blank\">Marco Rubio<\/a>.<\/p>\n<p class=\"article-body mb-nof-24 px-nof-16\">Valkoisen talon tiedottaja vahvisti, ett\u00e4 Venezuela oli kokouksen keskeinen aihe, mutta muita yksityiskohtia ei annettu.<\/p>\n<p class=\"article-body mb-nof-24 px-nof-16\">Yhdysvallat on keskitt\u00e4nyt sotavoimiaan Venezuelan l\u00e4hialueille Karibianmerell\u00e4. Se on iskenyt v\u00e4itettyj\u00e4 huumeveneit\u00e4 vastaan. Iskuissa on kuollut kymmeni\u00e4 ihmisi\u00e4.<\/p>\n<p class=\"article-body mb-nof-24 px-nof-16\">Trumpin hallinto on nimennyt v\u00e4itetyn Cartel de los Soles -huumekartellin terroristij\u00e4rjest\u00f6ksi. Yhdysvaltain mukaan kartellia johtavat Maduro ja muut h\u00e4nen hallintonsa j\u00e4senet.<\/p>\n<p class=\"article-body mb-nof-24 px-nof-16\">Maduron hallinto on pyyt\u00e4nyt uutta puhelua Trumpin kanssa, kolme l\u00e4hdett\u00e4 kertoi Reutersille.<\/p>\n","protected":false},"excerpt":{"rendered":"Venezuela|Puhelinkeskustelussa Trumpin kanssa Maduro pyysi t\u00e4ytt\u00e4 armahdusta itselleen ja perheelleen sek\u00e4 pakotteiden poistamista yli sadalta venezuelalaisviranomaiselta. Suurin osa&hellip;\n","protected":false},"author":2,"featured_media":105524,"comment_status":"","ping_status":"","sticky":false,"template":"","format":"standard","meta":{"footnotes":""},"categories":[14],"tags":[22,23,26,27,33,31,30,17,46,24,25,28,29,15,18,21,32,19,20,56,16,59,60,61],"class_list":{"0":"post-105523","1":"post","2":"type-post","3":"status-publish","4":"format-standard","5":"has-post-thumbnail","7":"category-ulkomaat","8":"tag-breaking-news","9":"tag-breakingnews","10":"tag-featured-news","11":"tag-featurednews","12":"tag-fi","13":"tag-finland","14":"tag-finnish","15":"tag-headlines","16":"tag-helsingin-sanomat","17":"tag-latest-news","18":"tag-latestnews","19":"tag-main-news","20":"tag-mainnews","21":"tag-news","22":"tag-otsikot","23":"tag-paauutiset","24":"tag-suomi","25":"tag-top-stories","26":"tag-topstories","27":"tag-ulkomaat","28":"tag-uutiset","29":"tag-world","30":"tag-world-news","31":"tag-worldnews"},"share_on_mastodon":{"url":"https:\/\/pubeurope.com\/@fi\/115648946717441734","error":""},"_links":{"self":[{"href":"https:\/\/www.europesays.com\/fi\/wp-json\/wp\/v2\/posts\/105523","targetHints":{"allow":["GET"]}}],"collection":[{"href":"https:\/\/www.europesays.com\/fi\/wp-json\/wp\/v2\/posts"}],"about":[{"href":"https:\/\/www.europesays.com\/fi\/wp-json\/wp\/v2\/types\/post"}],"author":[{"embeddable":true,"href":"https:\/\/www.europesays.com\/fi\/wp-json\/wp\/v2\/users\/2"}],"replies":[{"embeddable":true,"href":"https:\/\/www.europesays.com\/fi\/wp-json\/wp\/v2\/comments?post=105523"}],"version-history":[{"count":0,"href":"https:\/\/www.europesays.com\/fi\/wp-json\/wp\/v2\/posts\/105523\/revisions"}],"wp:featuredmedia":[{"embeddable":true,"href":"https:\/\/www.europesays.com\/fi\/wp-json\/wp\/v2\/media\/105524"}],"wp:attachment":[{"href":"https:\/\/www.europesays.com\/fi\/wp-json\/wp\/v2\/media?parent=105523"}],"wp:term":[{"taxonomy":"category","embeddable":true,"href":"https:\/\/www.europesays.com\/fi\/wp-json\/wp\/v2\/categories?post=105523"},{"taxonomy":"post_tag","embeddable":true,"href":"https:\/\/www.europesays.com\/fi\/wp-json\/wp\/v2\/tags?post=105523"}],"curies":[{"name":"wp","href":"https:\/\/api.w.org\/{rel}","templated":true}]}}