{"id":105525,"date":"2025-12-02T08:07:06","date_gmt":"2025-12-02T08:07:06","guid":{"rendered":"https:\/\/www.europesays.com\/fi\/105525\/"},"modified":"2025-12-02T08:07:06","modified_gmt":"2025-12-02T08:07:06","slug":"ft-eurooppalaisen-vaatejatin-tuotteet-palasivat-venajalle","status":"publish","type":"post","link":"https:\/\/www.europesays.com\/fi\/105525\/","title":{"rendered":"FT: Eurooppalaisen vaatej\u00e4tin tuotteet palasivat Ven\u00e4j\u00e4lle"},"content":{"rendered":"<p>\n\tSanteri Lampi\t2.12.2025 8:20, muokattu<br \/>\n\t2.12.2025 9:18\n<\/p>\n<p>\t\t\t\t\t\t\t\t\tUlkomaat<\/p>\n<p>Vaatemerkki Zaran tuotteita on j\u00e4lleen ilmestynyt myyntiin Ven\u00e4j\u00e4lle, vaikka Zaran omistava vaatetusalan yritys Inditex on v\u00e4itt\u00e4nyt j\u00e4tt\u00e4neens\u00e4 markkinan Ukrainan sodan takia. Asiasta kertoo The Financial Times. Maailman suurimpiin kuuluva vaatetusalan yritys Inditex omistaa muun muassa Bershkan, Massimo Duttin ja Stradivariuksen. <\/p>\n<p>FT:n mukaan Zaran tuotteita myyd\u00e4\u00e4n nyt ven\u00e4l\u00e4isen Tvoe-ketjun myym\u00e4l\u00f6iss\u00e4. Asian on k\u00e4ynyt ilmi Moskovasta k\u00e4sin toimivan j\u00e4lleenmyyj\u00e4n julkaisusta.<\/p>\n<p>Sosiaalisessa mediassa julkaistun tiedon mukaan Zaran tuotteet palasivat myyntiin syyskuussa \u2013 vain kaksi kuukautta sen j\u00e4lkeen, kun Inditexin toimitusjohtaja <strong>\u00d3scar Garc\u00eda Maceiras<\/strong> kertoi FT:n haastattelussa, ettei yrityksen tuotteita voida palauttaa Ven\u00e4j\u00e4n markkinoille nykyoloissa.<\/p>\n<p>Vaateketju Tvoen verkkosivujen mukaan Zaran vaatteita on nyt myynniss\u00e4 19 myym\u00e4l\u00e4ss\u00e4. Tvoie kertoo, ett\u00e4 vaatevalikoimaa p\u00e4ivitet\u00e4\u00e4n jatkuvasti. <\/p>\n<p>\u2013\u00a0Syy vierailla meill\u00e4 usein on siin\u00e4, etteiv\u00e4t harvinaiset tuotteet mene sivu suun, ketju hehkutti sosiaalisen median julkaisussa 20. marraskuuta.<\/p>\n<p>FT kertoo, ett\u00e4 Ven\u00e4j\u00e4ll\u00e4 myynniss\u00e4 olevat tuotteet ovat samoja kuin Inditexin edellisten mallistojen tuotteet. Lis\u00e4ksi niiss\u00e4 on Inditexin logot sek\u00e4 eurom\u00e4\u00e4r\u00e4iset hintalaput.<\/p>\n<p>Syyskuussa Tvoe julkaisi viestint\u00e4sovellus Telegramissa mainosviestin, jonka mukaan \u201dZara, Oysho, Bershka, Stradivarius ja Massimo Dutti ovat nyt meill\u00e4 myym\u00e4l\u00f6iss\u00e4.\u201d<\/p>\n<p>\u2013 \u00c4l\u00e4 kerro kenellek\u00e4\u00e4n, se on salaisuus, viesti jatkui.<\/p>\n<p>Inditex ilmoitti toiminta lopettamisesta Ven\u00e4j\u00e4ll\u00e4 vain muutama p\u00e4iv\u00e4 sen j\u00e4lkeen, kun Ven\u00e4j\u00e4 aloitti hy\u00f6kk\u00e4yssodan Ukrainaan vuonna 2022. Ennen vet\u00e4ytymist\u00e4 Ven\u00e4j\u00e4 oli Inditexin toiseksi suurin markkina.<\/p>\n","protected":false},"excerpt":{"rendered":"Santeri Lampi 2.12.2025 8:20, muokattu 2.12.2025 9:18 Ulkomaat Vaatemerkki Zaran tuotteita on j\u00e4lleen ilmestynyt myyntiin Ven\u00e4j\u00e4lle, vaikka Zaran&hellip;\n","protected":false},"author":2,"featured_media":105526,"comment_status":"","ping_status":"","sticky":false,"template":"","format":"standard","meta":{"footnotes":""},"categories":[12],"tags":[22,23,26,27,33,31,30,17,24,25,28,29,15,18,21,32,19,20,16],"class_list":{"0":"post-105525","1":"post","2":"type-post","3":"status-publish","4":"format-standard","5":"has-post-thumbnail","7":"category-suomi","8":"tag-breaking-news","9":"tag-breakingnews","10":"tag-featured-news","11":"tag-featurednews","12":"tag-fi","13":"tag-finland","14":"tag-finnish","15":"tag-headlines","16":"tag-latest-news","17":"tag-latestnews","18":"tag-main-news","19":"tag-mainnews","20":"tag-news","21":"tag-otsikot","22":"tag-paauutiset","23":"tag-suomi","24":"tag-top-stories","25":"tag-topstories","26":"tag-uutiset"},"share_on_mastodon":{"url":"https:\/\/pubeurope.com\/@fi\/115648950637952290","error":""},"_links":{"self":[{"href":"https:\/\/www.europesays.com\/fi\/wp-json\/wp\/v2\/posts\/105525","targetHints":{"allow":["GET"]}}],"collection":[{"href":"https:\/\/www.europesays.com\/fi\/wp-json\/wp\/v2\/posts"}],"about":[{"href":"https:\/\/www.europesays.com\/fi\/wp-json\/wp\/v2\/types\/post"}],"author":[{"embeddable":true,"href":"https:\/\/www.europesays.com\/fi\/wp-json\/wp\/v2\/users\/2"}],"replies":[{"embeddable":true,"href":"https:\/\/www.europesays.com\/fi\/wp-json\/wp\/v2\/comments?post=105525"}],"version-history":[{"count":0,"href":"https:\/\/www.europesays.com\/fi\/wp-json\/wp\/v2\/posts\/105525\/revisions"}],"wp:featuredmedia":[{"embeddable":true,"href":"https:\/\/www.europesays.com\/fi\/wp-json\/wp\/v2\/media\/105526"}],"wp:attachment":[{"href":"https:\/\/www.europesays.com\/fi\/wp-json\/wp\/v2\/media?parent=105525"}],"wp:term":[{"taxonomy":"category","embeddable":true,"href":"https:\/\/www.europesays.com\/fi\/wp-json\/wp\/v2\/categories?post=105525"},{"taxonomy":"post_tag","embeddable":true,"href":"https:\/\/www.europesays.com\/fi\/wp-json\/wp\/v2\/tags?post=105525"}],"curies":[{"name":"wp","href":"https:\/\/api.w.org\/{rel}","templated":true}]}}