{"id":105527,"date":"2025-12-02T08:08:08","date_gmt":"2025-12-02T08:08:08","guid":{"rendered":"https:\/\/www.europesays.com\/fi\/105527\/"},"modified":"2025-12-02T08:08:08","modified_gmt":"2025-12-02T08:08:08","slug":"vaara-ohi-etela-karjalassa-yle","status":"publish","type":"post","link":"https:\/\/www.europesays.com\/fi\/105527\/","title":{"rendered":"Vaara ohi Etel\u00e4-Karjalassa &#8211; Yle"},"content":{"rendered":"<ol>\n<li><a href=\"https:\/\/news.google.com\/rss\/articles\/CBMiQkFVX3lxTE1pN2tFaEpaY2hMRzJKYTRmNmNDNmJTc0VaSFg1NzNxa1BQUmFYVHJXSWEzRzF5cWkwMEJGRDJBMkQ5dw?oc=5\" target=\"_blank\" rel=\"nofollow noopener\">Vaara ohi Etel\u00e4-Karjalassa<\/a>&nbsp;&nbsp;Yle<\/li>\n<li><a href=\"https:\/\/news.google.com\/rss\/articles\/CBMiVEFVX3lxTFBNNXdmbHhHMFB2eUJfRWxjVTJ1cXRvRW50d2dCT2poZk1lUGtBYjFZdUtQdW1ObHotR1pkYmp2eWlkenNuY3ZSZEJWSmZwRnVKYUFtYQ?oc=5\" target=\"_blank\" rel=\"nofollow noopener\">Juuri nyt | Kaukaalla tulipalo \u2013 Vaaratiedote annettu l\u00e4hialueelle<\/a>&nbsp;&nbsp;Etel\u00e4-Saimaa<\/li>\n<li><a href=\"https:\/\/news.google.com\/rss\/articles\/CBMiQkFVX3lxTFBEMDcxVkRLcFg0d1VVSjMxbzVJSUJZOHhUQjVFRk91eVp4dTRia1JJbGxHcFFNSkphcEVqOTJtRGNNQQ?oc=5\" target=\"_blank\" rel=\"nofollow noopener\">Kaukaan m\u00e4nty\u00f6ljylaitoksen tulipalo Lappeenrannassa on hallinnassa \u2013 kansalaisia neuvotaan sulkemaan ikkunoita savun vuoksi<\/a>&nbsp;&nbsp;Yle<\/li>\n<li><a href=\"https:\/\/news.google.com\/rss\/articles\/CBMiQkFVX3lxTE1wLTEyMVVzczJzbGFMQW1GNUpnMVVsY0xTbEcxa2tnV3B2ZVlSQ1dVNDhUblVYQ0kwZXBtbG9BZU05Zw?oc=5\" target=\"_blank\" rel=\"nofollow noopener\">Vaaratiedote Etel\u00e4-Karjalaan<\/a>&nbsp;&nbsp;Yle<\/li>\n<li><a href=\"https:\/\/news.google.com\/rss\/articles\/CBMioAFBVV95cUxNUEYyWUJfOVdTQzhyRGtaOXozX1o4OGFZRWFuRHQxNUtGcHZHMG5WeEZ1REp3aDJEUHNZcGtKaHowczZrclUtQXgzZVlzc21TOWZKekx6ZG5PT2Qzd2VfdUJ0OEpnZnI4cjZ2eU5jazRaNkNlYklXZW9ldy1Ca1B3TE5vb0pRMUNMZ3c4UF84a3hFN2hZTjVDOVJtMWVnMlNj?oc=5\" target=\"_blank\" rel=\"nofollow noopener\">Lappeenrannassa UPM:n tehtaalla tulipalo, vaarallista savua ilmassa<\/a>&nbsp;&nbsp;Suomenmaa.fi<\/li>\n<\/ol>\n","protected":false},"excerpt":{"rendered":"Vaara ohi Etel\u00e4-Karjalassa&nbsp;&nbsp;Yle Juuri nyt | Kaukaalla tulipalo \u2013 Vaaratiedote annettu l\u00e4hialueelle&nbsp;&nbsp;Etel\u00e4-Saimaa Kaukaan m\u00e4nty\u00f6ljylaitoksen tulipalo Lappeenrannassa on hallinnassa&hellip;\n","protected":false},"author":2,"featured_media":74,"comment_status":"","ping_status":"","sticky":false,"template":"","format":"standard","meta":{"footnotes":""},"categories":[5],"tags":[22,23,1302,26,27,33,31,30,17,24,25,28,29,15,837,18,21,32,19,20,16,9437],"class_list":{"0":"post-105527","1":"post","2":"type-post","3":"status-publish","4":"format-standard","5":"has-post-thumbnail","7":"category-otsikot","8":"tag-breaking-news","9":"tag-breakingnews","10":"tag-etela-karjala","11":"tag-featured-news","12":"tag-featurednews","13":"tag-fi","14":"tag-finland","15":"tag-finnish","16":"tag-headlines","17":"tag-latest-news","18":"tag-latestnews","19":"tag-main-news","20":"tag-mainnews","21":"tag-news","22":"tag-onnettomuudet","23":"tag-otsikot","24":"tag-paauutiset","25":"tag-suomi","26":"tag-top-stories","27":"tag-topstories","28":"tag-uutiset","29":"tag-vaaratiedotteet"},"share_on_mastodon":{"url":"https:\/\/pubeurope.com\/@fi\/115648954566711856","error":""},"_links":{"self":[{"href":"https:\/\/www.europesays.com\/fi\/wp-json\/wp\/v2\/posts\/105527","targetHints":{"allow":["GET"]}}],"collection":[{"href":"https:\/\/www.europesays.com\/fi\/wp-json\/wp\/v2\/posts"}],"about":[{"href":"https:\/\/www.europesays.com\/fi\/wp-json\/wp\/v2\/types\/post"}],"author":[{"embeddable":true,"href":"https:\/\/www.europesays.com\/fi\/wp-json\/wp\/v2\/users\/2"}],"replies":[{"embeddable":true,"href":"https:\/\/www.europesays.com\/fi\/wp-json\/wp\/v2\/comments?post=105527"}],"version-history":[{"count":0,"href":"https:\/\/www.europesays.com\/fi\/wp-json\/wp\/v2\/posts\/105527\/revisions"}],"wp:featuredmedia":[{"embeddable":true,"href":"https:\/\/www.europesays.com\/fi\/wp-json\/wp\/v2\/media\/74"}],"wp:attachment":[{"href":"https:\/\/www.europesays.com\/fi\/wp-json\/wp\/v2\/media?parent=105527"}],"wp:term":[{"taxonomy":"category","embeddable":true,"href":"https:\/\/www.europesays.com\/fi\/wp-json\/wp\/v2\/categories?post=105527"},{"taxonomy":"post_tag","embeddable":true,"href":"https:\/\/www.europesays.com\/fi\/wp-json\/wp\/v2\/tags?post=105527"}],"curies":[{"name":"wp","href":"https:\/\/api.w.org\/{rel}","templated":true}]}}