{"id":105543,"date":"2025-12-02T08:32:08","date_gmt":"2025-12-02T08:32:08","guid":{"rendered":"https:\/\/www.europesays.com\/fi\/105543\/"},"modified":"2025-12-02T08:32:08","modified_gmt":"2025-12-02T08:32:08","slug":"valkoinen-talo-puolustelee-usan-veneiskuja-100-prosenttinen-tuki","status":"publish","type":"post","link":"https:\/\/www.europesays.com\/fi\/105543\/","title":{"rendered":"Valkoinen talo puolustelee USA:n veneiskuja: \u201d100-prosenttinen tuki\u201d"},"content":{"rendered":"<p>Yhdysvaltain armeija on iskenyt 22 veneeseen syyskuun j\u00e4lkeen, 83 ihmist\u00e4 on kuollut.<\/p>\n<p class=\"article-body mb-nof-24 px-nof-16\">Valkoinen talo on puolustanut vahvasti amiraali <a class=\"article-personlink\" href=\"https:\/\/www.is.fi\/haku\/?query=Frank%20Bradleyn\" rel=\"nofollow noopener\" target=\"_blank\">Frank Bradleyn<\/a> p\u00e4\u00e4t\u00f6st\u00e4 m\u00e4\u00e4r\u00e4t\u00e4 iskut v\u00e4itetty\u00e4 venezuelalaista huumeiden salakuljetusalusta vastaan \u200b\u200bsyyskuussa.<\/p>\n<p class=\"article-body mb-nof-24 px-nof-16\">Valkoisen talon mukaan Bradleyll\u00e4 oli iskuihin puolustusministeri <a class=\"article-personlink\" href=\"https:\/\/www.is.fi\/haku\/?query=Pete%20Hegsethin\" rel=\"nofollow noopener\" target=\"_blank\">Pete Hegsethin <\/a>valtuutus.<\/p>\n<p class=\"article-body mb-nof-24 px-nof-16\">Lue lis\u00e4\u00e4: <a class=\"article-genericlink\" href=\"https:\/\/www.is.fi\/ulkomaat\/art-2000011468784.html\" rel=\"nofollow noopener\" target=\"_blank\">Trump: Yhdysvaltojen isku Venezuelasta l\u00e4hteneeseen alukseen tappoi 11 ihmist\u00e4<\/a><\/p>\n<p class=\"article-body mb-nof-24 px-nof-16\">My\u00f6s Hegseth puolusti Bradleyt\u00e4 pikaviestipalvelu X:ss\u00e4 kutsumalla t\u00e4t\u00e4 &#8221;amerikkalaiseksi sankariksi&#8221; ja sanoi, ett\u00e4 h\u00e4nell\u00e4 on &#8221;100-prosenttinen tuki&#8221;. Hegseth sanoi seisovansa Bradleyn p\u00e4\u00e4t\u00f6ksen takana &#8221;syyskuun 2. p\u00e4iv\u00e4n teht\u00e4v\u00e4ss\u00e4 ja kaikissa muissa sen j\u00e4lkeen&#8221;.<\/p>\n<p class=\"article-body mb-nof-24 px-nof-16\">Hegseth viel\u00e4 lis\u00e4si, ett\u00e4 Yhdysvallat saa olla onnekas, ett\u00e4 on \u201dt\u00e4llainen mies puolustamassa meit\u00e4\u201d.<\/p>\n<p class=\"article-body mb-nof-24 px-nof-16\">Washington Post oli kertonut aiemmin, ett\u00e4 toinen isku m\u00e4\u00e4r\u00e4ttiin tappamaan kaksi ensimm\u00e4isest\u00e4 iskusta eloonj\u00e4\u00e4nytt\u00e4 ja noudattamaan Hegsethin m\u00e4\u00e4r\u00e4yst\u00e4 kaikkien tappamisesta.<\/p>\n<p class=\"article-body mb-nof-24 px-nof-16\">Presidentti <a class=\"article-personlink\" href=\"https:\/\/www.is.fi\/haku\/?query=Donald%20Trump\" rel=\"nofollow noopener\" target=\"_blank\">Donald Trump<\/a> sanoi sunnuntaina, ettei h\u00e4n olisi halunnut toista iskua veneeseen. Trumpin mukaan Hegseth oli kiist\u00e4nyt antaneensa t\u00e4llaisen k\u00e4skyn.<\/p>\n<p class=\"article-body mb-nof-24 px-nof-16\">Valkoisen talon tiedottaja <a class=\"article-personlink\" href=\"https:\/\/www.is.fi\/haku\/?query=Karoline%20Leavitt\" rel=\"nofollow noopener\" target=\"_blank\">Karoline Leavitt<\/a> sanoi kuitenkin maanantaina, ett\u00e4 Hegseth oli valtuuttanut Bradleyn toteuttamaan iskut 2. syyskuuta.<\/p>\n<p class=\"article-body mb-nof-24 px-nof-16\">\u2013\u2009Amiraali Bradley toimi hyvin valtuutuksensa ja lain rajoissa varmistaakseen, ett\u00e4 vene tuhottiin ja uhka Yhdysvalloille eliminoitiin, Leavitt sanoi uutistoimisto Reutersin mukaan.<\/p>\n<p class=\"article-body mb-nof-24 px-nof-16\">Leavittin mukaan isku tehtiin &#8221;itsepuolustukseksi&#8221; suojelemaan Yhdysvaltojen etuja ja se tapahtui kansainv\u00e4lisill\u00e4 vesill\u00e4.<\/p>\n<p class=\"article-body mb-nof-24 px-nof-16\">\u2013\u2009Hallinto pit\u00e4\u00e4 n\u00e4it\u00e4 huumeterroristeja ulkomaisina terroristij\u00e4rjest\u00f6in\u00e4, Leavitt sanoi.<\/p>\n<p class=\"article-body mb-nof-24 px-nof-16\">Syyskuusta alkaen Yhdysvaltain armeija on iskenyt 22:ta ep\u00e4ilty\u00e4 huumealusta vastaan \u200b\u200bKaribialla ja Etel\u00e4-Amerikassa Tyynenmeren rannikoilla. Iskuissa on kuollut 83 ihmist\u00e4.<\/p>\n<p><img decoding=\"async\" src=\"https:\/\/www.europesays.com\/fi\/wp-content\/uploads\/2025\/12\/1764664328_150_468.jpg\" alt=\"Amiraali Frank Bradley.\" class=\"_Img_1rerz_1\" style=\"aspect-ratio:1.5011727912431587\" loading=\"eager\"\/><\/p>\n<p class=\"article-picture-caption\">Amiraali Frank Bradley. Kuva:\u00a0Monique Stober \/ Reuters<\/p>\n<p class=\"article-body mb-nof-24 px-nof-16\">Kriitikot ovat kyseenalaistaneet eloonj\u00e4\u00e4neisiin kohdistuneen iskun laillisuuden. Kansainv\u00e4linen oikeus kielt\u00e4\u00e4 hy\u00f6kk\u00e4ykset puolustuskyvytt\u00f6mi\u00e4 ihmisi\u00e4 vastaan. Yhdysvaltain puolustusministeri\u00f6n oman ohjeistuksen mukaan haaksirikkoutuneita vastaan ei saa tietoisesti hy\u00f6k\u00e4t\u00e4, elleiv\u00e4t he toimi vihamielisesti tai yrit\u00e4 paeta.<\/p>\n<p class=\"article-body mb-nof-24 px-nof-16\">George Washingtonin yliopiston oikeustieteen professori <a class=\"article-personlink\" href=\"https:\/\/www.is.fi\/haku\/?query=Laura%20Dickinson\" rel=\"nofollow noopener\" target=\"_blank\">Laura Dickinson<\/a> sanoi Reutersille, ett\u00e4 useimmat oikeustieteen asiantuntijat eiv\u00e4t usko, ett\u00e4 laivaiskut t\u00e4ytt\u00e4v\u00e4t aseellisen konfliktin m\u00e4\u00e4ritelm\u00e4\u00e4, joten tappavaa voimaa saisi k\u00e4ytt\u00e4\u00e4 vain viimeisen\u00e4 keinona.<\/p>\n<p class=\"article-body mb-nof-24 px-nof-16\">\u2013\u2009Se olisi murha. Jopa sodassa eloonj\u00e4\u00e4neiden tappaminen &#8221;olisi todenn\u00e4k\u00f6isesti sotarikos&#8221;, Dickinson pohtii.<\/p>\n<p class=\"article-body mb-nof-24 px-nof-16\">Entisten sotilasjuristien ryhm\u00e4 (JAGs Working Group) kutsui k\u00e4sky\u00e4 &#8221;ilmeisen laittomaksi&#8221; ja sanoi, ett\u00e4 palveluksessa olevilla olisi ollut velvollisuus olla tottelematta k\u00e4sky\u00e4 ja ett\u00e4 jokainen, joka noudatti sit\u00e4, tulisi asettaa syytteeseen sotarikoksista.<\/p>\n","protected":false},"excerpt":{"rendered":"Yhdysvaltain armeija on iskenyt 22 veneeseen syyskuun j\u00e4lkeen, 83 ihmist\u00e4 on kuollut. Valkoinen talo on puolustanut vahvasti amiraali&hellip;\n","protected":false},"author":2,"featured_media":62355,"comment_status":"","ping_status":"","sticky":false,"template":"","format":"standard","meta":{"footnotes":""},"categories":[14],"tags":[22,23,26,27,33,31,30,17,34,24,25,28,29,15,18,21,32,19,20,56,16,59,60,61],"class_list":{"0":"post-105543","1":"post","2":"type-post","3":"status-publish","4":"format-standard","5":"has-post-thumbnail","7":"category-ulkomaat","8":"tag-breaking-news","9":"tag-breakingnews","10":"tag-featured-news","11":"tag-featurednews","12":"tag-fi","13":"tag-finland","14":"tag-finnish","15":"tag-headlines","16":"tag-ilta-sanomat","17":"tag-latest-news","18":"tag-latestnews","19":"tag-main-news","20":"tag-mainnews","21":"tag-news","22":"tag-otsikot","23":"tag-paauutiset","24":"tag-suomi","25":"tag-top-stories","26":"tag-topstories","27":"tag-ulkomaat","28":"tag-uutiset","29":"tag-world","30":"tag-world-news","31":"tag-worldnews"},"share_on_mastodon":{"url":"https:\/\/pubeurope.com\/@fi\/115649049175442922","error":""},"_links":{"self":[{"href":"https:\/\/www.europesays.com\/fi\/wp-json\/wp\/v2\/posts\/105543","targetHints":{"allow":["GET"]}}],"collection":[{"href":"https:\/\/www.europesays.com\/fi\/wp-json\/wp\/v2\/posts"}],"about":[{"href":"https:\/\/www.europesays.com\/fi\/wp-json\/wp\/v2\/types\/post"}],"author":[{"embeddable":true,"href":"https:\/\/www.europesays.com\/fi\/wp-json\/wp\/v2\/users\/2"}],"replies":[{"embeddable":true,"href":"https:\/\/www.europesays.com\/fi\/wp-json\/wp\/v2\/comments?post=105543"}],"version-history":[{"count":0,"href":"https:\/\/www.europesays.com\/fi\/wp-json\/wp\/v2\/posts\/105543\/revisions"}],"wp:featuredmedia":[{"embeddable":true,"href":"https:\/\/www.europesays.com\/fi\/wp-json\/wp\/v2\/media\/62355"}],"wp:attachment":[{"href":"https:\/\/www.europesays.com\/fi\/wp-json\/wp\/v2\/media?parent=105543"}],"wp:term":[{"taxonomy":"category","embeddable":true,"href":"https:\/\/www.europesays.com\/fi\/wp-json\/wp\/v2\/categories?post=105543"},{"taxonomy":"post_tag","embeddable":true,"href":"https:\/\/www.europesays.com\/fi\/wp-json\/wp\/v2\/tags?post=105543"}],"curies":[{"name":"wp","href":"https:\/\/api.w.org\/{rel}","templated":true}]}}