{"id":105549,"date":"2025-12-02T08:46:13","date_gmt":"2025-12-02T08:46:13","guid":{"rendered":"https:\/\/www.europesays.com\/fi\/105549\/"},"modified":"2025-12-02T08:46:13","modified_gmt":"2025-12-02T08:46:13","slug":"sara-sieppi-murtuu-kyyneliin-pahimman-pelkonsa-edessa-amazing-racessa-en-pysty","status":"publish","type":"post","link":"https:\/\/www.europesays.com\/fi\/105549\/","title":{"rendered":"Sara Sieppi murtuu kyyneliin pahimman pelkonsa edess\u00e4 Amazing Racessa: \u201dEn pysty\u201d"},"content":{"rendered":"<p class=\"article-ingress--medium\">Sara Sieppi joutuu Amazing Race Suomessa pahimman pelkonsa eteen, kun kilpailijoiden teht\u00e4v\u00e4n\u00e4 on etsi\u00e4 kuvan n\u00e4ytt\u00e4m\u00e4 k\u00e4\u00e4rme ja kuljettaa se terraariosta toiseen. \u201dKauhein teht\u00e4v\u00e4. Mill\u00e4 tuurilla tulee minulle\u201d, Sieppi voivottelee teht\u00e4v\u00e4n j\u00e4lkeen.<\/p>\n<p><a href=\"https:\/\/www.is.fi\/haku\/?query=Alisa+Lahtinen\" rel=\"nofollow noopener\" target=\"_blank\"><\/p>\n<p>Alisa Lahtinen<\/p>\n<p><\/a><\/p>\n<p>10:18<\/p>\n<p class=\"article-body nof-ui-body-medium mb-nof-24 px-nof-16\">Amazing Race Suomi Ruudussa ja Nelosella lauantaisin klo 19.30. T\u00e4ll\u00e4 viikolla jakso poikkeuksellisesti jo perjantaina 5.12. klo 19.30.<\/p>\n<p class=\"article-body nof-ui-body-medium mb-nof-24 px-nof-16\">Ilta-Sanomat ja Nelonen kuuluvat samaan Sanoma-konserniin.<\/p>\n","protected":false},"excerpt":{"rendered":"Sara Sieppi joutuu Amazing Race Suomessa pahimman pelkonsa eteen, kun kilpailijoiden teht\u00e4v\u00e4n\u00e4 on etsi\u00e4 kuvan n\u00e4ytt\u00e4m\u00e4 k\u00e4\u00e4rme ja&hellip;\n","protected":false},"author":2,"featured_media":105550,"comment_status":"","ping_status":"","sticky":false,"template":"","format":"standard","meta":{"footnotes":""},"categories":[136],"tags":[407,137,33,31,30,34,408,32,109],"class_list":{"0":"post-105549","1":"post","2":"type-post","3":"status-publish","4":"format-standard","5":"has-post-thumbnail","7":"category-julkkikset","8":"tag-celebrities","9":"tag-entertainment","10":"tag-fi","11":"tag-finland","12":"tag-finnish","13":"tag-ilta-sanomat","14":"tag-julkkikset","15":"tag-suomi","16":"tag-viihde"},"share_on_mastodon":{"url":"https:\/\/pubeurope.com\/@fi\/115649104008485706","error":""},"_links":{"self":[{"href":"https:\/\/www.europesays.com\/fi\/wp-json\/wp\/v2\/posts\/105549","targetHints":{"allow":["GET"]}}],"collection":[{"href":"https:\/\/www.europesays.com\/fi\/wp-json\/wp\/v2\/posts"}],"about":[{"href":"https:\/\/www.europesays.com\/fi\/wp-json\/wp\/v2\/types\/post"}],"author":[{"embeddable":true,"href":"https:\/\/www.europesays.com\/fi\/wp-json\/wp\/v2\/users\/2"}],"replies":[{"embeddable":true,"href":"https:\/\/www.europesays.com\/fi\/wp-json\/wp\/v2\/comments?post=105549"}],"version-history":[{"count":0,"href":"https:\/\/www.europesays.com\/fi\/wp-json\/wp\/v2\/posts\/105549\/revisions"}],"wp:featuredmedia":[{"embeddable":true,"href":"https:\/\/www.europesays.com\/fi\/wp-json\/wp\/v2\/media\/105550"}],"wp:attachment":[{"href":"https:\/\/www.europesays.com\/fi\/wp-json\/wp\/v2\/media?parent=105549"}],"wp:term":[{"taxonomy":"category","embeddable":true,"href":"https:\/\/www.europesays.com\/fi\/wp-json\/wp\/v2\/categories?post=105549"},{"taxonomy":"post_tag","embeddable":true,"href":"https:\/\/www.europesays.com\/fi\/wp-json\/wp\/v2\/tags?post=105549"}],"curies":[{"name":"wp","href":"https:\/\/api.w.org\/{rel}","templated":true}]}}