{"id":105561,"date":"2025-12-02T08:58:07","date_gmt":"2025-12-02T08:58:07","guid":{"rendered":"https:\/\/www.europesays.com\/fi\/105561\/"},"modified":"2025-12-02T08:58:07","modified_gmt":"2025-12-02T08:58:07","slug":"venaja-vaittaa-vallanneensa-pokrovskin-kaupungin-ita-ukrainassa-uutissuomalainen","status":"publish","type":"post","link":"https:\/\/www.europesays.com\/fi\/105561\/","title":{"rendered":"Ven\u00e4j\u00e4 v\u00e4itt\u00e4\u00e4 vallanneensa Pokrovskin kaupungin It\u00e4-Ukrainassa | Uutissuomalainen"},"content":{"rendered":"<p>Ven\u00e4j\u00e4 v\u00e4itti maanantaina vallanneensa Ukrainan it\u00e4osassa sijaitsevan Pokrovskin kaupungin. Donetskin alueella sijaitseva kaupunki on ollut ven\u00e4l\u00e4isjoukkojen kohteena viime kuukausien ajan.<\/p>\n<p>Ukraina l\u00e4hetti marraskuussa muun muassa erikoisjoukkoja puolustamaan kaupunkia. Satoja ven\u00e4l\u00e4issotilaita oli kuitenkin ehtinyt jo tunkeutunut Pokrovskiin.<\/p>\n<p>Yhdysvaltalainen ajatushautomo ISW <a href=\"https:\/\/understandingwar.org\/research\/russia-ukraine\/russian-offensive-campaign-assessment-november-30-2025\/\" rel=\"nofollow noopener\" target=\"_blank\">kertoi <\/a>viel\u00e4 sunnuntaina, ett\u00e4 ven\u00e4l\u00e4isjoukot hallinnoivat vain osaa Pokrovskista. ISW:n tietojen mukaan Ven\u00e4j\u00e4 oli edennyt hitaasti kaupungissa, muttei ollut onnistunut valtaamaan sit\u00e4 kokonaan.<\/p>\n<p>Ukrainan kansallisen turvallisuuden neuvostossa disinformaation torjumisesta vastaava <strong>Andri Kovalenko<\/strong> <a href=\"https:\/\/t.me\/akovalenko1989\/10127\" rel=\"nofollow\">varoitti<\/a> maanantaina uutiskanava <a href=\"https:\/\/edition.cnn.com\/2025\/12\/01\/europe\/russia-ukraine-pokrovsk-capture-claim-latam-intl\" rel=\"nofollow noopener\" target=\"_blank\">CNN:n<\/a> mukaan, ett\u00e4 Ven\u00e4j\u00e4 tulisi painostamaan taisteluiden etulinjaa seuraavien viikkojen aikana. Kovalenkon mukaan Ven\u00e4j\u00e4n painostuskeinoihin lukeutuisivat my\u00f6s &#8221;\u00e4\u00e4nekk\u00e4\u00e4t lausunnot&#8221;. H\u00e4nen mukaansa n\u00e4m\u00e4 lausunnot olisivat tarkoitettu nimenomaan l\u00e4nsimaiselle yleis\u00f6lle.<\/p>\n<p>Ukrainan asevoimat sanoi CNN:n mukaan aiemmin maanantaina, ett\u00e4 ukrainalaisjoukot pit\u00e4v\u00e4t yh\u00e4 Ven\u00e4j\u00e4n loitolla Pokrovskissa ja sen l\u00e4hialueilla vaikeasta tilanteesta huolimatta.<\/p>\n<p>Pokrovskissa oli noin 60\u2009000 asukasta ennen kuin Ven\u00e4j\u00e4 aloitti hy\u00f6kk\u00e4yssotansa Ukrainaan kev\u00e4\u00e4ll\u00e4 2022.<\/p>\n<p>Kreml v\u00e4itti viestipalvelu Telegramissa, ett\u00e4 ven\u00e4l\u00e4issotilaat olivat vallanneet my\u00f6s Harkovan pohjoispuolella, l\u00e4hell\u00e4 Ven\u00e4j\u00e4n vastaista rajaa sijaitsevan Vovtshanskin kaupungin.<\/p>\n","protected":false},"excerpt":{"rendered":"Ven\u00e4j\u00e4 v\u00e4itti maanantaina vallanneensa Ukrainan it\u00e4osassa sijaitsevan Pokrovskin kaupungin. Donetskin alueella sijaitseva kaupunki on ollut ven\u00e4l\u00e4isjoukkojen kohteena viime&hellip;\n","protected":false},"author":2,"featured_media":105562,"comment_status":"","ping_status":"","sticky":false,"template":"","format":"standard","meta":{"footnotes":""},"categories":[14],"tags":[802,22,23,2617,26,27,33,31,30,17,24,25,803,28,29,15,18,21,637,144,32,19,20,1303,549,56,16,59,60,61],"class_list":{"0":"post-105561","1":"post","2":"type-post","3":"status-publish","4":"format-standard","5":"has-post-thumbnail","7":"category-ulkomaat","8":"tag-armeijat-ja-aseelliset-joukot","9":"tag-breaking-news","10":"tag-breakingnews","11":"tag-cnn","12":"tag-featured-news","13":"tag-featurednews","14":"tag-fi","15":"tag-finland","16":"tag-finnish","17":"tag-headlines","18":"tag-latest-news","19":"tag-latestnews","20":"tag-levottomuudet-ja-sodat","21":"tag-main-news","22":"tag-mainnews","23":"tag-news","24":"tag-otsikot","25":"tag-paauutiset","26":"tag-politiikka","27":"tag-presidentti","28":"tag-suomi","29":"tag-top-stories","30":"tag-topstories","31":"tag-ukraina","32":"tag-ukrainan-sota","33":"tag-ulkomaat","34":"tag-uutiset","35":"tag-world","36":"tag-world-news","37":"tag-worldnews"},"share_on_mastodon":{"url":"https:\/\/pubeurope.com\/@fi\/115649151261311350","error":""},"_links":{"self":[{"href":"https:\/\/www.europesays.com\/fi\/wp-json\/wp\/v2\/posts\/105561","targetHints":{"allow":["GET"]}}],"collection":[{"href":"https:\/\/www.europesays.com\/fi\/wp-json\/wp\/v2\/posts"}],"about":[{"href":"https:\/\/www.europesays.com\/fi\/wp-json\/wp\/v2\/types\/post"}],"author":[{"embeddable":true,"href":"https:\/\/www.europesays.com\/fi\/wp-json\/wp\/v2\/users\/2"}],"replies":[{"embeddable":true,"href":"https:\/\/www.europesays.com\/fi\/wp-json\/wp\/v2\/comments?post=105561"}],"version-history":[{"count":0,"href":"https:\/\/www.europesays.com\/fi\/wp-json\/wp\/v2\/posts\/105561\/revisions"}],"wp:featuredmedia":[{"embeddable":true,"href":"https:\/\/www.europesays.com\/fi\/wp-json\/wp\/v2\/media\/105562"}],"wp:attachment":[{"href":"https:\/\/www.europesays.com\/fi\/wp-json\/wp\/v2\/media?parent=105561"}],"wp:term":[{"taxonomy":"category","embeddable":true,"href":"https:\/\/www.europesays.com\/fi\/wp-json\/wp\/v2\/categories?post=105561"},{"taxonomy":"post_tag","embeddable":true,"href":"https:\/\/www.europesays.com\/fi\/wp-json\/wp\/v2\/tags?post=105561"}],"curies":[{"name":"wp","href":"https:\/\/api.w.org\/{rel}","templated":true}]}}