{"id":105566,"date":"2025-12-02T09:01:11","date_gmt":"2025-12-02T09:01:11","guid":{"rendered":"https:\/\/www.europesays.com\/fi\/105566\/"},"modified":"2025-12-02T09:01:11","modified_gmt":"2025-12-02T09:01:11","slug":"varsinais-suomessa-luonnon-puolesta-toimineelle-panu-kuntulle-luonnonsuojelun-korkein-ansiomerkki","status":"publish","type":"post","link":"https:\/\/www.europesays.com\/fi\/105566\/","title":{"rendered":"Varsinais-Suomessa luonnon puolesta toimineelle Panu Kuntulle luonnonsuojelun korkein ansiomerkki"},"content":{"rendered":"<p class=\"teksti\">Suomen luonnonsuojeluliitto on my\u00f6nt\u00e4nyt maatalous- ja mets\u00e4tieteiden tohtori Panu Kuntulle kultaisen ansiomerkin h\u00e4nen yli 20 vuotta jatkuneesta merkitt\u00e4v\u00e4st\u00e4 luonnonsuojeluty\u00f6st\u00e4\u00e4n. Kyseess\u00e4 on luonnonsuojelun korkein ansiomerkki.<\/p>\n<p class=\"teksti\">Kunttu on toiminut vuodesta 1996 l\u00e4htien toiminut kaikissa suomalaisissa ymp\u00e4rist\u00f6j\u00e4rjest\u00f6iss\u00e4 keskittyen erityisesti metsien ja saariston suojelun edist\u00e4miseen.<\/p>\n<p class=\"teksti\">Turusta kotoisin olevan, Taalintehtaalla pitk\u00e4\u00e4n asuneen Kuntun toiminta keskittyy vahvasti Varsinais-Suomeen. H\u00e4n on toiminut muun muassa Varsinais-Suomen luonnonsuojelupiiriss\u00e4, Turun luonnonsuojeluyhdistyksess\u00e4, Turun Lintutieteellisess\u00e4 Yhdistyksess\u00e4 ja Kemi\u00f6nsaaren luonto ry:ss\u00e4.<\/p>\n<p class=\"teksti\">Kuntun toiminta luonnon puolesta on kattanut monipuolisesti suojeluty\u00f6n eri osa-alueet luontokartoituksista ymp\u00e4rist\u00f6poliittiseen vaikuttamiseen. 46-vuotias Kunttu on yksi nuorimmista Luonnonsuojeluliiton kultaisen ansiomerkin saaneista henkil\u00f6ist\u00e4.<\/p>\n<p class=\"teksti\">\u2013\u2009Luonnon monimuotoisuuden itseisarvo ja oikeudenmukaisuus muita eli\u00f6lajeja kohtaan motivoi minua suojeluty\u00f6h\u00f6n. Luontokadon est\u00e4miseksi tarvitsemme reippaasti lis\u00e4\u00e4 luonnonsuojelualueita, heikentyneiden alueiden ennallistamista ja perinneymp\u00e4rist\u00f6jen hoitoa. Erityist\u00e4 huomiota on kiinnitett\u00e4v\u00e4 saaristoomme, joka on luonnoltaan maailmanlaajuisesti ainutlaatuinen, h\u00e4n lausuu.<\/p>\n","protected":false},"excerpt":{"rendered":"Suomen luonnonsuojeluliitto on my\u00f6nt\u00e4nyt maatalous- ja mets\u00e4tieteiden tohtori Panu Kuntulle kultaisen ansiomerkin h\u00e4nen yli 20 vuotta jatkuneesta merkitt\u00e4v\u00e4st\u00e4&hellip;\n","protected":false},"author":2,"featured_media":105567,"comment_status":"","ping_status":"","sticky":false,"template":"","format":"standard","meta":{"footnotes":""},"categories":[117],"tags":[33,31,30,72,476,118,32,119,477],"class_list":{"0":"post-105566","1":"post","2":"type-post","3":"status-publish","4":"format-standard","5":"has-post-thumbnail","7":"category-luonto","8":"tag-fi","9":"tag-finland","10":"tag-finnish","11":"tag-luonto","12":"tag-nature","13":"tag-science","14":"tag-suomi","15":"tag-tiede","16":"tag-wildlife"},"share_on_mastodon":{"url":"https:\/\/pubeurope.com\/@fi\/115649162960515921","error":""},"_links":{"self":[{"href":"https:\/\/www.europesays.com\/fi\/wp-json\/wp\/v2\/posts\/105566","targetHints":{"allow":["GET"]}}],"collection":[{"href":"https:\/\/www.europesays.com\/fi\/wp-json\/wp\/v2\/posts"}],"about":[{"href":"https:\/\/www.europesays.com\/fi\/wp-json\/wp\/v2\/types\/post"}],"author":[{"embeddable":true,"href":"https:\/\/www.europesays.com\/fi\/wp-json\/wp\/v2\/users\/2"}],"replies":[{"embeddable":true,"href":"https:\/\/www.europesays.com\/fi\/wp-json\/wp\/v2\/comments?post=105566"}],"version-history":[{"count":0,"href":"https:\/\/www.europesays.com\/fi\/wp-json\/wp\/v2\/posts\/105566\/revisions"}],"wp:featuredmedia":[{"embeddable":true,"href":"https:\/\/www.europesays.com\/fi\/wp-json\/wp\/v2\/media\/105567"}],"wp:attachment":[{"href":"https:\/\/www.europesays.com\/fi\/wp-json\/wp\/v2\/media?parent=105566"}],"wp:term":[{"taxonomy":"category","embeddable":true,"href":"https:\/\/www.europesays.com\/fi\/wp-json\/wp\/v2\/categories?post=105566"},{"taxonomy":"post_tag","embeddable":true,"href":"https:\/\/www.europesays.com\/fi\/wp-json\/wp\/v2\/tags?post=105566"}],"curies":[{"name":"wp","href":"https:\/\/api.w.org\/{rel}","templated":true}]}}