{"id":105572,"date":"2025-12-02T09:20:08","date_gmt":"2025-12-02T09:20:08","guid":{"rendered":"https:\/\/www.europesays.com\/fi\/105572\/"},"modified":"2025-12-02T09:20:08","modified_gmt":"2025-12-02T09:20:08","slug":"zara-larsson-nick-cave-ja-florence-and-the-machine-flow-festivaalille","status":"publish","type":"post","link":"https:\/\/www.europesays.com\/fi\/105572\/","title":{"rendered":"Zara Larsson, Nick Cave ja Florence and the Machine Flow-festivaalille"},"content":{"rendered":"<p>Musiikki|Kes\u00e4ll\u00e4 2026 Suvilahdessa n\u00e4hd\u00e4\u00e4n tuttuja artisteja nelj\u00e4n vuoden takaa. Nick Cave ja Florence Welch olivat yhtyeineen Flow\u2019n p\u00e4\u00e4esiintyji\u00e4 my\u00f6s kes\u00e4ll\u00e4 2022.<\/p>\n<p>Lue tiivistelm\u00e4<\/p>\n<p>Tiivistelm\u00e4 on teko\u00e4lyn tekem\u00e4 ja ihmisen tarkistama.<\/p>\n<p class=\"article-body mb-nof-24 px-nof-16 sndp-summary-bullet-point-font\">Flow-festivaali on julkistanut ensimm\u00e4iset esiintyj\u00e4t kes\u00e4lle 2026.<\/p>\n<p class=\"article-body mb-nof-24 px-nof-16 sndp-summary-bullet-point-font\">Helsingin Suvilahdessa elokuussa esiintyv\u00e4t muun muassa ruotsalainen Zara Larsson, australialainen Nick Cave yhtyeineen sek\u00e4 brittilaulaja Florence Welch yhtyeineen.<\/p>\n<p class=\"article-body mb-nof-24 px-nof-16 sndp-summary-bullet-point-font\">Kotimaisista artisteista festivaalilla n\u00e4hd\u00e4\u00e4n muun muassa J. Karjalainen, Arppa ja Vesta.<\/p>\n<p class=\"article-body mb-nof-24 px-nof-16\">Flow-festivaali on julkistanut ensimm\u00e4iset esiintyj\u00e4tiedot kes\u00e4lle 2026.<\/p>\n<p class=\"article-body mb-nof-24 px-nof-16\">Helsingin Suvilahdessa n\u00e4hd\u00e4\u00e4n elokuussa tuttuja artistinimi\u00e4, kuten juuri viime viikolla loppuunmyydyll\u00e4 Veikkaus-areenalla esiintynyt ruotsalaisartisti <a class=\"article-personlink\" href=\"https:\/\/www.hs.fi\/haku\/?query=Zara%20Larsson\" rel=\"nofollow noopener\" target=\"_blank\">Zara Larsson<\/a>.<\/p>\n<p class=\"article-body mb-nof-24 px-nof-16\">Australialainen rokkari <a class=\"article-personlink\" href=\"https:\/\/www.hs.fi\/haku\/?query=Nick%20Cave\" rel=\"nofollow noopener\" target=\"_blank\">Nick Cave<\/a> palaa Nick Cave and the Bad Seeds -yhtyeens\u00e4 kanssa Flow\u2019hun nelj\u00e4n vuoden tauon j\u00e4lkeen. Yli 40 vuotta kasassa ollut yhtye julkaisee t\u00e4ll\u00e4 viikolla livelevyn Live God, jolla kuullaan yhtyeen parhaillaan meneill\u00e4\u00e4n olevan The Wild God -kiertueen materiaalia.<\/p>\n<p class=\"article-body mb-nof-24 px-nof-16\">Viimeksi Nick Cave n\u00e4htiin Suomessa viime vuonna, jolloin h\u00e4n piti Musiikkitalossa kolmen loppuunmyydyn soolokonsertin sarjan.<\/p>\n<p class=\"article-body mb-nof-24 px-nof-16\">Kes\u00e4n 2026 Flow on osittain vuoden 2022 festivaalin toisinto, sill\u00e4 Nick Caven lis\u00e4ksi nelj\u00e4n vuoden takaa saadaan toinenkin p\u00e4\u00e4esiintyj\u00e4, brittilaulaja <a class=\"article-personlink\" href=\"https:\/\/www.hs.fi\/haku\/?query=Florence%20Welch\" rel=\"nofollow noopener\" target=\"_blank\">Florence Welch<\/a> yhdess\u00e4 Florence and the Machine -yhtyeens\u00e4 kanssa.<\/p>\n<p class=\"article-body mb-nof-24 px-nof-16\">Yhtyeen edellisen Flow-vierailun aikaan kriitikko <a class=\"article-personlink\" href=\"https:\/\/www.hs.fi\/haku\/?query=Aleksi%20Kinnunen\" rel=\"nofollow noopener\" target=\"_blank\">Aleksi Kinnunen<\/a> <a class=\"article-genericlink\" href=\"https:\/\/www.hs.fi\/kulttuuri\/art-2000002845556.html\" rel=\"nofollow noopener\" target=\"_blank\">kirjoitti HS:ssa<\/a>, ett\u00e4 sunnuntaina p\u00e4\u00e4lavan viimeisem\u00e4 esiintynyt b\u00e4ndi tuntui \u201dkoko festivaalin helposti isoimmalta t\u00e4hdelt\u00e4\u201d, vaikka edell\u00e4 oli juuri esiintynyt 1990-luvun ikoni <a class=\"article-personlink\" href=\"https:\/\/www.hs.fi\/haku\/?query=Beck\" rel=\"nofollow noopener\" target=\"_blank\">Beck<\/a>.<\/p>\n<p class=\"article-body mb-nof-24 px-nof-16\">Ensi kes\u00e4n kotimaisista artistinimist\u00e4 taatusti tutuin yleis\u00f6lle on legendaarinen muusikko ja lauluntekij\u00e4 <a class=\"article-personlink\" href=\"https:\/\/www.hs.fi\/haku\/?query=J.%20Karjalainen\" rel=\"nofollow noopener\" target=\"_blank\">J. Karjalainen<\/a>.<\/p>\n<p class=\"article-body mb-nof-24 px-nof-16\">Lis\u00e4ksi Suvilahdessa n\u00e4hd\u00e4\u00e4n <a class=\"article-personlink\" href=\"https:\/\/www.hs.fi\/haku\/?query=Arppa\" rel=\"nofollow noopener\" target=\"_blank\">Arppa<\/a>, vastik\u00e4\u00e4n Vain el\u00e4m\u00e4\u00e4 -ohjelmassa erottunut <a class=\"article-personlink\" href=\"https:\/\/www.hs.fi\/haku\/?query=Vesta\" rel=\"nofollow noopener\" target=\"_blank\">Vesta<\/a>, uuden polven rap-artistit <a class=\"article-personlink\" href=\"https:\/\/www.hs.fi\/haku\/?query=Ares\" rel=\"nofollow noopener\" target=\"_blank\">Ares<\/a> ja <a class=\"article-personlink\" href=\"https:\/\/www.hs.fi\/haku\/?query=Louna0nline\" rel=\"nofollow noopener\" target=\"_blank\">Louna0nline<\/a>, elektroduo Pearly Drops, kansainv\u00e4lisen soundin nuori turkulaisartisti <a class=\"article-personlink\" href=\"https:\/\/www.hs.fi\/haku\/?query=Louie%20Blue\" rel=\"nofollow noopener\" target=\"_blank\">Louie Blue<\/a>, indie-tulokas <a class=\"article-personlink\" href=\"https:\/\/www.hs.fi\/haku\/?query=Asla%20Jo\" rel=\"nofollow noopener\" target=\"_blank\">Asla Jo<\/a> ja suomirockia uudistava <a class=\"article-personlink\" href=\"https:\/\/www.hs.fi\/haku\/?query=Jaakko%20Kulta\" rel=\"nofollow noopener\" target=\"_blank\">Jaakko Kulta<\/a>.<\/p>\n<p class=\"article-body mb-nof-24 px-nof-16\"><a class=\"article-personlink\" href=\"https:\/\/www.hs.fi\/haku\/?query=DJ%20Kridlokk\" rel=\"nofollow noopener\" target=\"_blank\">DJ Kridlokk<\/a> tuo festivaalille Hai-erityiskeikan. Vuonna 2024 julkaistu Hai voitti s\u00e4vellyksill\u00e4\u00e4n t\u00e4n\u00e4 vuonna arvokkaan Teosto-palkinnon. Palkintoperusteissa levy\u00e4 kehuttiin poikkeukselliseksi hiphop-kokonaisuudeksi, jossa inhimillisyys, taiteellinen tinkim\u00e4tt\u00f6myys ja vahva kerronta kohtaavat.<\/p>\n<p class=\"article-body mb-nof-24 px-nof-16\">Ulkomaisista artisteista ensi kes\u00e4n Flow\u2019ssa n\u00e4hd\u00e4\u00e4n my\u00f6s 2020-luvun rockin suunnann\u00e4ytt\u00e4jiin kuuluva amerikkalainen laulaja-lauluntekij\u00e4 <a class=\"article-personlink\" href=\"https:\/\/www.hs.fi\/haku\/?query=Sombr\" rel=\"nofollow noopener\" target=\"_blank\">Sombr<\/a>, brittil\u00e4inen laulaja ja tuottaja <a class=\"article-personlink\" href=\"https:\/\/www.hs.fi\/haku\/?query=PinkPantheress\" rel=\"nofollow noopener\" target=\"_blank\">PinkPantheress<\/a> sek\u00e4 veljesten muodostama rap-duo Clipse.<\/p>\n<p class=\"article-body mb-nof-24 px-nof-16\">Flow-festivaali j\u00e4rjestet\u00e4\u00e4n Helsingin Suvilahdessa 14.\u201316. elokuuta 2026.<\/p>\n","protected":false},"excerpt":{"rendered":"Musiikki|Kes\u00e4ll\u00e4 2026 Suvilahdessa n\u00e4hd\u00e4\u00e4n tuttuja artisteja nelj\u00e4n vuoden takaa. Nick Cave ja Florence Welch olivat yhtyeineen Flow\u2019n p\u00e4\u00e4esiintyji\u00e4&hellip;\n","protected":false},"author":2,"featured_media":105573,"comment_status":"","ping_status":"","sticky":false,"template":"","format":"standard","meta":{"footnotes":""},"categories":[130],"tags":[137,33,31,30,46,32,109],"class_list":{"0":"post-105572","1":"post","2":"type-post","3":"status-publish","4":"format-standard","5":"has-post-thumbnail","7":"category-viihde","8":"tag-entertainment","9":"tag-fi","10":"tag-finland","11":"tag-finnish","12":"tag-helsingin-sanomat","13":"tag-suomi","14":"tag-viihde"},"share_on_mastodon":{"url":"https:\/\/pubeurope.com\/@fi\/115649237664393564","error":""},"_links":{"self":[{"href":"https:\/\/www.europesays.com\/fi\/wp-json\/wp\/v2\/posts\/105572","targetHints":{"allow":["GET"]}}],"collection":[{"href":"https:\/\/www.europesays.com\/fi\/wp-json\/wp\/v2\/posts"}],"about":[{"href":"https:\/\/www.europesays.com\/fi\/wp-json\/wp\/v2\/types\/post"}],"author":[{"embeddable":true,"href":"https:\/\/www.europesays.com\/fi\/wp-json\/wp\/v2\/users\/2"}],"replies":[{"embeddable":true,"href":"https:\/\/www.europesays.com\/fi\/wp-json\/wp\/v2\/comments?post=105572"}],"version-history":[{"count":0,"href":"https:\/\/www.europesays.com\/fi\/wp-json\/wp\/v2\/posts\/105572\/revisions"}],"wp:featuredmedia":[{"embeddable":true,"href":"https:\/\/www.europesays.com\/fi\/wp-json\/wp\/v2\/media\/105573"}],"wp:attachment":[{"href":"https:\/\/www.europesays.com\/fi\/wp-json\/wp\/v2\/media?parent=105572"}],"wp:term":[{"taxonomy":"category","embeddable":true,"href":"https:\/\/www.europesays.com\/fi\/wp-json\/wp\/v2\/categories?post=105572"},{"taxonomy":"post_tag","embeddable":true,"href":"https:\/\/www.europesays.com\/fi\/wp-json\/wp\/v2\/tags?post=105572"}],"curies":[{"name":"wp","href":"https:\/\/api.w.org\/{rel}","templated":true}]}}