{"id":105576,"date":"2025-12-02T09:25:10","date_gmt":"2025-12-02T09:25:10","guid":{"rendered":"https:\/\/www.europesays.com\/fi\/105576\/"},"modified":"2025-12-02T09:25:10","modified_gmt":"2025-12-02T09:25:10","slug":"poliisi-oulun-asemies-kuoli","status":"publish","type":"post","link":"https:\/\/www.europesays.com\/fi\/105576\/","title":{"rendered":"Poliisi: Oulun asemies kuoli"},"content":{"rendered":"<p>Poliisi ep\u00e4ilee kolmekymppist\u00e4 miest\u00e4 kahdesta t\u00f6rke\u00e4st\u00e4 ry\u00f6st\u00f6st\u00e4. Mies on kuitenkin kuollut.<\/p>\n<p><img decoding=\"async\" class=\"image image-show image-preview\" src=\"https:\/\/www.europesays.com\/fi\/wp-content\/uploads\/2025\/12\/750b6c6227010f7dd04bacf4f107086707183da0765d6e97fb230edfb90c88e3.jpg\" alt=\"\"\/><img decoding=\"async\" class=\"image image-show\" src=\"https:\/\/www.europesays.com\/fi\/wp-content\/uploads\/2025\/12\/1764667510_101_750b6c6227010f7dd04bacf4f107086707183da0765d6e97fb230edfb90c88e3.jpg\" alt=\"\"\/><\/p>\n<p>Oulun keskustassa aseen kanssa liikkunut mies kuoli ennen kuin poliisi sai h\u00e4net kiinni. <\/p>\n<p class=\"paragraph\">Poliisi ep\u00e4ilee kolmekymppist\u00e4 asemiest\u00e4 kahdesta t\u00f6rke\u00e4st\u00e4 ry\u00f6st\u00f6st\u00e4. Mies kuoli ep\u00e4iltyjen tekojen j\u00e4lkeen.<\/p>\n<p class=\"paragraph\">Poliisin tietojen mukaan mies tilasi itselleen maanantaina taksin ja ry\u00f6sti sen ter\u00e4aseella ja ampuma-aseella uhaten. T\u00e4m\u00e4n j\u00e4lkeen mies vei samalla tavalla uhaten kaupasta oikean pistoolin ja siihen sopivia patruunoita.<\/p>\n<p class=\"paragraph\">Tekojen j\u00e4lkeen selvisi, ett\u00e4 t\u00f6rkeiss\u00e4 ry\u00f6st\u00f6iss\u00e4 k\u00e4ytetty ase ei sen sijaan ollut oikea pistooli.<\/p>\n<p class=\"paragraph\">Poliisi etsi miest\u00e4 maanantaina Oulun keskustan alueelta ja julkaisi h\u00e4nest\u00e4 my\u00f6s kuvan.<\/p>\n<p class=\"paragraph\">Virkavalta tavoitti miehen yhdeks\u00e4n aikaan illalla. Mies kuoli ennen kuin poliisi ehti ottaa h\u00e4net kiinni. Miehen kuolemaan ei ep\u00e4ill\u00e4 liittyv\u00e4n rikosta.<\/p>\n<p>Poliisi etsi<\/p>\n<p class=\"paragraph\">Poliisi tiedotti maanantai-iltana etsiv\u00e4ns\u00e4 aseistautunutta miest\u00e4 Oulussa, jota ep\u00e4ill\u00e4\u00e4n ry\u00f6st\u00f6ist\u00e4.<\/p>\n<p class=\"paragraph\">Poliisi kertoi, ett\u00e4 ep\u00e4illyt ry\u00f6st\u00f6t tapahtuivat maanantaina 1. joulukuuta 2025 kello viiden j\u00e4lkeen iltap\u00e4iv\u00e4ll\u00e4. Kello yhdeks\u00e4n j\u00e4lkeen illalla poliisi kertoi tavoittaneensa miehen.<\/p>\n<p class=\"paragraph\">Taksiyritys Otaxin toimitusjohtajan mukaan yksi ry\u00f6st\u00f6n kohteista oli heid\u00e4n taksinsa.<\/p>\n<p class=\"paragraph\">\u2013 Semmoinen k\u00e4sitys meill\u00e4 on, ett\u00e4 meid\u00e4n taksi olisi yksi, joka on ollut n\u00e4iden tekojen kohteena, Otaxin toimitusjohtaja <strong>Ville-Veikko Pohjola<\/strong> sanoo.<\/p>\n","protected":false},"excerpt":{"rendered":"Poliisi ep\u00e4ilee kolmekymppist\u00e4 miest\u00e4 kahdesta t\u00f6rke\u00e4st\u00e4 ry\u00f6st\u00f6st\u00e4. Mies on kuitenkin kuollut. Oulun keskustassa aseen kanssa liikkunut mies kuoli&hellip;\n","protected":false},"author":2,"featured_media":105577,"comment_status":"","ping_status":"","sticky":false,"template":"","format":"standard","meta":{"footnotes":""},"categories":[12],"tags":[35,22,23,26,27,33,31,30,17,55,24,25,28,29,15,18,21,122,54,52,32,19,20,546,16],"class_list":{"0":"post-105576","1":"post","2":"type-post","3":"status-publish","4":"format-standard","5":"has-post-thumbnail","7":"category-suomi","8":"tag-24h","9":"tag-breaking-news","10":"tag-breakingnews","11":"tag-featured-news","12":"tag-featurednews","13":"tag-fi","14":"tag-finland","15":"tag-finnish","16":"tag-headlines","17":"tag-lainvalvonta","18":"tag-latest-news","19":"tag-latestnews","20":"tag-main-news","21":"tag-mainnews","22":"tag-news","23":"tag-otsikot","24":"tag-paauutiset","25":"tag-pelastaminen","26":"tag-pelastuspalvelut","27":"tag-poliisi","28":"tag-suomi","29":"tag-top-stories","30":"tag-topstories","31":"tag-turvallisuus","32":"tag-uutiset"},"share_on_mastodon":{"url":"https:\/\/pubeurope.com\/@fi\/115649257776031701","error":""},"_links":{"self":[{"href":"https:\/\/www.europesays.com\/fi\/wp-json\/wp\/v2\/posts\/105576","targetHints":{"allow":["GET"]}}],"collection":[{"href":"https:\/\/www.europesays.com\/fi\/wp-json\/wp\/v2\/posts"}],"about":[{"href":"https:\/\/www.europesays.com\/fi\/wp-json\/wp\/v2\/types\/post"}],"author":[{"embeddable":true,"href":"https:\/\/www.europesays.com\/fi\/wp-json\/wp\/v2\/users\/2"}],"replies":[{"embeddable":true,"href":"https:\/\/www.europesays.com\/fi\/wp-json\/wp\/v2\/comments?post=105576"}],"version-history":[{"count":0,"href":"https:\/\/www.europesays.com\/fi\/wp-json\/wp\/v2\/posts\/105576\/revisions"}],"wp:featuredmedia":[{"embeddable":true,"href":"https:\/\/www.europesays.com\/fi\/wp-json\/wp\/v2\/media\/105577"}],"wp:attachment":[{"href":"https:\/\/www.europesays.com\/fi\/wp-json\/wp\/v2\/media?parent=105576"}],"wp:term":[{"taxonomy":"category","embeddable":true,"href":"https:\/\/www.europesays.com\/fi\/wp-json\/wp\/v2\/categories?post=105576"},{"taxonomy":"post_tag","embeddable":true,"href":"https:\/\/www.europesays.com\/fi\/wp-json\/wp\/v2\/tags?post=105576"}],"curies":[{"name":"wp","href":"https:\/\/api.w.org\/{rel}","templated":true}]}}