{"id":105578,"date":"2025-12-02T09:26:09","date_gmt":"2025-12-02T09:26:09","guid":{"rendered":"https:\/\/www.europesays.com\/fi\/105578\/"},"modified":"2025-12-02T09:26:09","modified_gmt":"2025-12-02T09:26:09","slug":"orpo-suomi-ei-ole-valmis-tarjoamaan-turvatakuita-ukrainalle","status":"publish","type":"post","link":"https:\/\/www.europesays.com\/fi\/105578\/","title":{"rendered":"Orpo: Suomi ei ole valmis tarjoamaan turvatakuita Ukrainalle"},"content":{"rendered":"<p>Ulkopolitiikka|P\u00e4\u00e4ministeri Petteri Orpo sanoo, ett\u00e4 Suomi on valmis turvaj\u00e4rjestelyihin, muttei Yhdysvaltojen v\u00e4l\u00e4ytt\u00e4miin Naton artikla viitt\u00e4 muistuttaviin takuisiin. Suomessa ei ole tietoa siit\u00e4, mink\u00e4laisia takuita Yhdysvallat on tarjoamassa Ukrainalle.<\/p>\n<p class=\"article-body mb-nof-24 px-nof-16\">P\u00e4\u00e4ministeri <a class=\"article-personlink\" href=\"https:\/\/www.hs.fi\/haku\/?query=Petteri%20Orpo\" rel=\"nofollow noopener\" target=\"_blank\">Petteri Orpo<\/a> (kok) sanoo, ett\u00e4 Suomi ei ole valmis osallistumaan artikla viitt\u00e4 muistuttaviin turvatakuisiin Ukrainalle.<\/p>\n<p class=\"article-body mb-nof-24 px-nof-16\">Yhdysvallat v\u00e4l\u00e4ytti t\u00e4llaisia takuita <a class=\"article-genericlink\" href=\"https:\/\/www.axios.com\/2025\/11\/21\/ukraine-security-guarantee-nato-article-5-trump\" rel=\"nofollow noopener\" target=\"_blank\">julkisuuteen vuotaneessa<\/a> suunnitelmaluonnoksessa mainiten Nato-maita, muun muassa Suomen.<\/p>\n<p class=\"article-body mb-nof-24 px-nof-16\">Orpo sanoo, ett\u00e4 Suomessa ei my\u00f6sk\u00e4\u00e4n ole tietoa siit\u00e4, mink\u00e4laisia tarkkoja turvatakuita Yhdysvallat on nyt Ukrainalle tarjoamassa.<\/p>\n<p class=\"article-body mb-nof-24 px-nof-16\">Neuvottelut koskien Ukrainan rauhaa ovat edenneet viime viikkoina.<\/p>\n<p class=\"article-body mb-nof-24 px-nof-16\">\u201dEmme ole n\u00e4hneet mit\u00e4\u00e4n yksityiskohtia tai tarkkaa esityst\u00e4 siit\u00e4, mink\u00e4laisista turvatakuista olisi kyse\u201d, Orpo sanoi tiistaina.<\/p>\n<p class=\"article-body mb-nof-24 px-nof-16\">Orpon mukaan varsinaiset turvatakuut voivat tulla ainoastaan suurilta mailta. Yhdysvaltojen on osallistumista tarvitaan.<\/p>\n<p class=\"article-body mb-nof-24 px-nof-16\">Orpo sanoi, ettei Suomi ole k\u00e4ynyt keskusteluja vastaavista artikla viitt\u00e4 muistuttavista takuista. Jo aiemmin julkisuuteen kerrottiin, ett\u00e4 Suomen mainitseminen luonnoksena tuli yll\u00e4tyksen\u00e4.<\/p>\n<p class=\"article-body mb-nof-24 px-nof-16\">\u201dOn ymm\u00e4rrett\u00e4v\u00e4, ett\u00e4 turvatakuut ovat jotakin hyvin vakavaa ja me emme ole valmiita antamaan turvatakuita mutta voimme auttaa turvallisuusj\u00e4rjestelyiss\u00e4. N\u00e4iden ero on valtava\u201d, Orpo sanoi.<\/p>\n<p class=\"article-body mb-nof-24 px-nof-16\">P\u00e4\u00e4ministeri piti yhteisen tiedotustilaisuuden Ruotsin p\u00e4\u00e4ministerin <a class=\"article-personlink\" href=\"https:\/\/www.hs.fi\/haku\/?query=Ulf%20Kristerssonin\" rel=\"nofollow noopener\" target=\"_blank\">Ulf Kristerssonin<\/a> kanssa Espoon Hanasaaressa.<\/p>\n<p class=\"article-body mb-nof-24 px-nof-16\">Kristersson ei ottanut suoraa kantaa turvatakuukysymykseen.<\/p>\n<p class=\"article-body mb-nof-24 px-nof-16\">H\u00e4n sanoi, ett\u00e4 t\u00e4rke\u00e4\u00e4 olisi, ett\u00e4 olisi j\u00e4rjestelyt, joiden my\u00f6t\u00e4 Ven\u00e4j\u00e4 ei edes ajattelisi uudelleenaseistautumista ja uutta hy\u00f6kk\u00e4yst\u00e4.<\/p>\n<p><img decoding=\"async\" src=\"https:\/\/www.europesays.com\/fi\/wp-content\/uploads\/2025\/12\/1764667569_218_468.jpg\" alt=\"P\u00e4\u00e4ministeri Orpo piti yhteisen tiedotustilaisuuden Ruotsin p\u00e4\u00e4ministerin Ulf Kristerssonin kanssa Espoon Hanasaaressa.\" class=\"_Img_1rerz_1\" style=\"aspect-ratio:0.75\" loading=\"eager\"\/><\/p>\n<p class=\"article-picture-caption\">P\u00e4\u00e4ministeri Orpo piti yhteisen tiedotustilaisuuden Ruotsin p\u00e4\u00e4ministerin Ulf Kristerssonin kanssa Espoon Hanasaaressa. Kuva:\u00a0Ville-Veikko Kaakinen \/ HS<\/p>\n<p class=\"article-body mb-nof-24 px-nof-16\">Yhdysvaltojen rauhansopimusluonnoksessa esiin nostama turvatakuu on eri asia kuin se, mit\u00e4 Euroopassa on t\u00e4h\u00e4n saakka valmisteltu niin sanotun halukkaiden koalition puitteissa.<\/p>\n<p class=\"article-body mb-nof-24 px-nof-16\">Halukkaiden koalitiossa on valmisteltu joukkoja, jotka voisivat turvata kriittisi\u00e4 kohteita Ukrainassa muttei etulinjassa. Koalition toimintaan voisi osallistua monella tavalla.<\/p>\n<p class=\"article-body mb-nof-24 px-nof-16\">Suomi on puhunut t\u00e4h\u00e4n saakka esimerkiksi siit\u00e4, ett\u00e4 Ukrainalle jo annettavaa koulutus- tai materiaalitukea voitaisiin tehostaa. Tarkkoja linjauksia ei julkisuuteen ole viel\u00e4 tuotu.<\/p>\n<p class=\"article-body mb-nof-24 px-nof-16\">Yhdysvaltain v\u00e4l\u00e4ytt\u00e4m\u00e4ss\u00e4 turvatakuussa sen sijaan oli julkisuuteen tulleen luonnoksen mukaan kyse Naton artikla viitt\u00e4 muistuttavasta takuusta eli yksinkertaistaen siit\u00e4, ett\u00e4 Yhdysvallat ja mahdolliset muut maat olisivat valmiudessa puolustamaan Ukrainaa, jos Ven\u00e4j\u00e4 hy\u00f6kk\u00e4\u00e4.<\/p>\n<p class=\"article-body mb-nof-24 px-nof-16\">Orpo ja Kristersson kommentoivat my\u00f6s Ven\u00e4j\u00e4n ja Yhdysvaltojen tapaamista tiistaina Moskovassa. Yhdysvaltojen presidentin <a class=\"article-personlink\" href=\"https:\/\/www.hs.fi\/haku\/?query=Donald%20Trumpin\" rel=\"nofollow noopener\" target=\"_blank\">Donald Trumpin<\/a> erityisl\u00e4hettil\u00e4\u00e4n <a class=\"article-personlink\" href=\"https:\/\/www.hs.fi\/haku\/?query=Steve%20Witkoffin\" rel=\"nofollow noopener\" target=\"_blank\">Steve Witkoffin<\/a> on m\u00e4\u00e4r\u00e4 tavata Ven\u00e4j\u00e4n presidentti <a class=\"article-personlink\" href=\"https:\/\/www.hs.fi\/haku\/?query=Vladimir%20Putin\" rel=\"nofollow noopener\" target=\"_blank\">Vladimir Putin<\/a> Moskovassa.<\/p>\n<p class=\"article-body mb-nof-24 px-nof-16\">Kristersson sanoi, ettei toistaiseksi ole n\u00e4hty mit\u00e4\u00e4n merkki\u00e4 siit\u00e4, ett\u00e4 Ven\u00e4j\u00e4 olisi valmis tulitaukoon tai rauhaan, mutta on odotettava p\u00e4iv\u00e4n neuvotteluiden tulosta.<\/p>\n<p class=\"article-body mb-nof-24 px-nof-16\">Orpo sanoi, ett\u00e4 tiistain tapaaminen t\u00e4rke\u00e4, mutta sen tuloksilla ei kannata spekuloida. Kysymys on h\u00e4nenkin mukaansa siit\u00e4, onko Ven\u00e4j\u00e4 tosissaan.<\/p>\n<p class=\"article-body mb-nof-24 px-nof-16\">Ruotsin Kristerssonin vierailu Helsinkiin alkoi maanantaina. Tiistaina kaksikko vieraili aamulla Hanasaaren ruotsalais-suomalaisen kulttuurikeskuksessa.<\/p>\n<p class=\"article-body mb-nof-24 px-nof-16\">Ruotsin on lahjoittanut keskuksen 50-vuotisjuhlan kunniaksi taiteilija <a class=\"article-personlink\" href=\"https:\/\/www.hs.fi\/haku\/?query=Olof%20Marsjan\" rel=\"nofollow noopener\" target=\"_blank\">Olof Marsjan<\/a> Valon j\u00e4ljitt\u00e4j\u00e4 -taideteoksen Suomelle, jota p\u00e4\u00e4ministeri k\u00e4viv\u00e4t nyt katsomassa.<\/p>\n","protected":false},"excerpt":{"rendered":"Ulkopolitiikka|P\u00e4\u00e4ministeri Petteri Orpo sanoo, ett\u00e4 Suomi on valmis turvaj\u00e4rjestelyihin, muttei Yhdysvaltojen v\u00e4l\u00e4ytt\u00e4miin Naton artikla viitt\u00e4 muistuttaviin takuisiin. Suomessa&hellip;\n","protected":false},"author":2,"featured_media":105579,"comment_status":"","ping_status":"","sticky":false,"template":"","format":"standard","meta":{"footnotes":""},"categories":[5],"tags":[22,23,26,27,33,31,30,17,46,24,25,28,29,15,18,21,32,19,20,16],"class_list":{"0":"post-105578","1":"post","2":"type-post","3":"status-publish","4":"format-standard","5":"has-post-thumbnail","7":"category-otsikot","8":"tag-breaking-news","9":"tag-breakingnews","10":"tag-featured-news","11":"tag-featurednews","12":"tag-fi","13":"tag-finland","14":"tag-finnish","15":"tag-headlines","16":"tag-helsingin-sanomat","17":"tag-latest-news","18":"tag-latestnews","19":"tag-main-news","20":"tag-mainnews","21":"tag-news","22":"tag-otsikot","23":"tag-paauutiset","24":"tag-suomi","25":"tag-top-stories","26":"tag-topstories","27":"tag-uutiset"},"share_on_mastodon":{"url":"https:\/\/pubeurope.com\/@fi\/115649261320984309","error":""},"_links":{"self":[{"href":"https:\/\/www.europesays.com\/fi\/wp-json\/wp\/v2\/posts\/105578","targetHints":{"allow":["GET"]}}],"collection":[{"href":"https:\/\/www.europesays.com\/fi\/wp-json\/wp\/v2\/posts"}],"about":[{"href":"https:\/\/www.europesays.com\/fi\/wp-json\/wp\/v2\/types\/post"}],"author":[{"embeddable":true,"href":"https:\/\/www.europesays.com\/fi\/wp-json\/wp\/v2\/users\/2"}],"replies":[{"embeddable":true,"href":"https:\/\/www.europesays.com\/fi\/wp-json\/wp\/v2\/comments?post=105578"}],"version-history":[{"count":0,"href":"https:\/\/www.europesays.com\/fi\/wp-json\/wp\/v2\/posts\/105578\/revisions"}],"wp:featuredmedia":[{"embeddable":true,"href":"https:\/\/www.europesays.com\/fi\/wp-json\/wp\/v2\/media\/105579"}],"wp:attachment":[{"href":"https:\/\/www.europesays.com\/fi\/wp-json\/wp\/v2\/media?parent=105578"}],"wp:term":[{"taxonomy":"category","embeddable":true,"href":"https:\/\/www.europesays.com\/fi\/wp-json\/wp\/v2\/categories?post=105578"},{"taxonomy":"post_tag","embeddable":true,"href":"https:\/\/www.europesays.com\/fi\/wp-json\/wp\/v2\/tags?post=105578"}],"curies":[{"name":"wp","href":"https:\/\/api.w.org\/{rel}","templated":true}]}}