{"id":105591,"date":"2025-12-02T09:52:08","date_gmt":"2025-12-02T09:52:08","guid":{"rendered":"https:\/\/www.europesays.com\/fi\/105591\/"},"modified":"2025-12-02T09:52:08","modified_gmt":"2025-12-02T09:52:08","slug":"mediat-hammentava-hairikko-liikkuu-kaupoissa","status":"publish","type":"post","link":"https:\/\/www.europesays.com\/fi\/105591\/","title":{"rendered":"Mediat: H\u00e4mment\u00e4v\u00e4 h\u00e4irikk\u00f6 liikkuu kaupoissa"},"content":{"rendered":"<p><strong class=\"typography-bold\">Kaupoissa asiakkaita h\u00e4iritsev\u00e4 mies on noussut otsikoihin suomalaismedioissa.<\/strong><\/p>\n<p>Aikuisen miehen erikoinen toiminta julkisilla paikoilla on johtanut kymmeniin rikosilmoituksiin, kertovat <a class=\"underline\" data-testid=\"external-link\" href=\"https:\/\/www.keski-uusimaa.fi\/paikalliset\/9000557\" rel=\"noopener noreferrer nofollow\" target=\"_blank\" data-sentry-component=\"ExternalLink\" data-sentry-source-file=\"ExternalLink.tsx\">Keski-Uusimaa<\/a> ja <a class=\"underline\" data-testid=\"external-link\" href=\"https:\/\/www.is.fi\/taloussanomat\/art-2000011652191.html\" rel=\"noopener noreferrer nofollow\" target=\"_blank\" data-sentry-component=\"ExternalLink\" data-sentry-source-file=\"ExternalLink.tsx\">Taloussanomat<\/a>.<\/p>\n<p>Tapauksessa on mediatietojen mukaan tiivistetysti kyse siit\u00e4, ett\u00e4 yksi ja sama mies tekeytyy kaupan ty\u00f6ntekij\u00e4ksi, provosoi ihmisi\u00e4 asiattomasti ja lopuksi julkaisee tilanteesta kuvaamansa materiaalin sosiaalisessa mediassa.<\/p>\n<p>Provosointi on k\u00e4yt\u00e4nn\u00f6ss\u00e4 ollut esimerkiksi tuotteiden poistamista asiakkaan k\u00e4rryst\u00e4 tai tuotteiden ostamisen kielt\u00e4mist\u00e4.<\/p>\n<p><strong class=\"typography-bold\">Lue my\u00f6s: <\/strong><a class=\"underline\" data-testid=\"internal-link\" role=\"link\" data-sentry-element=\"Link\" data-sentry-component=\"InternalLink\" data-sentry-source-file=\"InternalLink.tsx\" href=\"https:\/\/www.mtvuutiset.fi\/artikkeli\/jopa-200-hairiokayttaytyvaa-suomalaista-tarvitsisi-lahestymiskiellon-ruokakauppaan-vilautetaan-puukkoa-tai-asetta\/9025760\" rel=\"nofollow noopener\" target=\"_blank\"><strong class=\"typography-bold\">Jopa 200 h\u00e4iri\u00f6k\u00e4ytt\u00e4ytyv\u00e4\u00e4 suomalaista tarvitsisi l\u00e4hestysmiskiellon ruokakauppaan: \u201dVilautetaan puukkoa tai asetta\u201d<\/strong><\/a><\/p>\n<p>Rikosilmoitusten perusteella miehen toiminta on jatkunut ainakin kahden viime vuoden ajan. T\u00e4n\u00e4 syksyn\u00e4 tapaukset ovat sijoittuneet usein Puuilon, K-raudan tai Tokmannin myym\u00e4l\u00f6ihin. Onpa mies ilmeisesti tekeytynyt my\u00f6s kirjaston ty\u00f6ntekij\u00e4ksi.<\/p>\n","protected":false},"excerpt":{"rendered":"Kaupoissa asiakkaita h\u00e4iritsev\u00e4 mies on noussut otsikoihin suomalaismedioissa. Aikuisen miehen erikoinen toiminta julkisilla paikoilla on johtanut kymmeniin rikosilmoituksiin,&hellip;\n","protected":false},"author":2,"featured_media":105592,"comment_status":"","ping_status":"","sticky":false,"template":"","format":"standard","meta":{"footnotes":""},"categories":[5],"tags":[22,23,26,27,33,31,30,17,24,25,28,29,15,18,21,32,19,20,16],"class_list":{"0":"post-105591","1":"post","2":"type-post","3":"status-publish","4":"format-standard","5":"has-post-thumbnail","7":"category-otsikot","8":"tag-breaking-news","9":"tag-breakingnews","10":"tag-featured-news","11":"tag-featurednews","12":"tag-fi","13":"tag-finland","14":"tag-finnish","15":"tag-headlines","16":"tag-latest-news","17":"tag-latestnews","18":"tag-main-news","19":"tag-mainnews","20":"tag-news","21":"tag-otsikot","22":"tag-paauutiset","23":"tag-suomi","24":"tag-top-stories","25":"tag-topstories","26":"tag-uutiset"},"share_on_mastodon":{"url":"https:\/\/pubeurope.com\/@fi\/115649363513434039","error":""},"_links":{"self":[{"href":"https:\/\/www.europesays.com\/fi\/wp-json\/wp\/v2\/posts\/105591","targetHints":{"allow":["GET"]}}],"collection":[{"href":"https:\/\/www.europesays.com\/fi\/wp-json\/wp\/v2\/posts"}],"about":[{"href":"https:\/\/www.europesays.com\/fi\/wp-json\/wp\/v2\/types\/post"}],"author":[{"embeddable":true,"href":"https:\/\/www.europesays.com\/fi\/wp-json\/wp\/v2\/users\/2"}],"replies":[{"embeddable":true,"href":"https:\/\/www.europesays.com\/fi\/wp-json\/wp\/v2\/comments?post=105591"}],"version-history":[{"count":0,"href":"https:\/\/www.europesays.com\/fi\/wp-json\/wp\/v2\/posts\/105591\/revisions"}],"wp:featuredmedia":[{"embeddable":true,"href":"https:\/\/www.europesays.com\/fi\/wp-json\/wp\/v2\/media\/105592"}],"wp:attachment":[{"href":"https:\/\/www.europesays.com\/fi\/wp-json\/wp\/v2\/media?parent=105591"}],"wp:term":[{"taxonomy":"category","embeddable":true,"href":"https:\/\/www.europesays.com\/fi\/wp-json\/wp\/v2\/categories?post=105591"},{"taxonomy":"post_tag","embeddable":true,"href":"https:\/\/www.europesays.com\/fi\/wp-json\/wp\/v2\/tags?post=105591"}],"curies":[{"name":"wp","href":"https:\/\/api.w.org\/{rel}","templated":true}]}}