{"id":105606,"date":"2025-12-02T10:18:09","date_gmt":"2025-12-02T10:18:09","guid":{"rendered":"https:\/\/www.europesays.com\/fi\/105606\/"},"modified":"2025-12-02T10:18:09","modified_gmt":"2025-12-02T10:18:09","slug":"lasse-lehtonen-jai-pois-toista","status":"publish","type":"post","link":"https:\/\/www.europesays.com\/fi\/105606\/","title":{"rendered":"Lasse Lehtonen j\u00e4i pois t\u00f6ist\u00e4"},"content":{"rendered":"<p><img decoding=\"async\" class=\"image image-show image-preview\" src=\"https:\/\/www.europesays.com\/fi\/wp-content\/uploads\/2025\/12\/001c14e20d27927946a33a3c2c482f540c7437c27371be1bf73a77228220dacd.jpg\" alt=\"\"\/><img decoding=\"async\" class=\"image image-show\" src=\"https:\/\/www.europesays.com\/fi\/wp-content\/uploads\/2025\/12\/1764670688_809_001c14e20d27927946a33a3c2c482f540c7437c27371be1bf73a77228220dacd.jpg\" alt=\"\"\/><\/p>\n<p>Kelan p\u00e4\u00e4johtaja Lasse Lehtonen. Antti Mannermaa<\/p>\n<p class=\"paragraph\">Kelan viestinn\u00e4n mukaan p\u00e4\u00e4johtaja <strong>Lasse Lehtonen<\/strong> on j\u00e4\u00e4nyt pois t\u00f6ist\u00e4. H\u00e4nt\u00e4 sijaistaa johtaja <strong>Kari-Pekka M\u00e4ki-Lohiluoma<\/strong>.<\/p>\n<p class=\"paragraph\">\u2013\u2009P\u00e4\u00e4johtaja Lehtonen on joitain p\u00e4ivi\u00e4 poissa, Kelan media- ja ty\u00f6yhteis\u00f6viestinn\u00e4n p\u00e4\u00e4llikk\u00f6 <strong>Satu Suontaa<\/strong> vastasi viestitse Iltalehden kysytty\u00e4 asiasta.<\/p>\n<p class=\"paragraph\">Iltalehden tietojen mukaan Lehtonen ei osallistunut en\u00e4\u00e4 maanantaina Kelan johtoryhm\u00e4n kokoukseen.<\/p>\n<p class=\"paragraph\">Kohuissa ollut Kelan p\u00e4\u00e4johtaja on viime aikoina my\u00f6h\u00e4stellyt eri tilaisuuksista tai j\u00e4tt\u00e4nyt ne kokonaan v\u00e4liin.<\/p>\n<p class=\"paragraph\">Perjantaina Lehtosta odotettiin Suomen Hammasl\u00e4\u00e4k\u00e4riliiton valtuuston syyskokoukseen kertomaan Kelasta ja suunterveydenhuollosta, mutta kokoukselle ilmoitettiin, ettei h\u00e4n p\u00e4\u00e4se paikalle.<\/p>\n<p class=\"paragraph\">Viime viikon torstaina Lehtosta odoteltiin uusien ty\u00f6ntekij\u00f6iden verkossa j\u00e4rjestettyyn Teams-tilaisuuteen turhaan eik\u00e4 p\u00e4\u00e4johtaja saapunut paikalle. Lehtosen oli tarkoitus pit\u00e4\u00e4 tervetuliaispuhe uusille ty\u00f6ntekij\u00f6ille, jotka odottelivat p\u00e4\u00e4johtajaa paikalle.<\/p>\n<p class=\"paragraph\"><a href=\"https:\/\/www.iltalehti.fi\/politiikka\/5fe6f993-5277-4fa8-beba-5ba61fc16d3d\" rel=\"nofollow noopener\" target=\"_blank\">Iltalehti kertoi aiemmin<\/a> Lehtosen katoamisista Tallinnassa, jossa Kelan hallitus oli edellisen viikon alussa kahden p\u00e4iv\u00e4n seminaarimatkalla.<\/p>\n<p class=\"paragraph\">IL:n tietojen mukaan Lehtonen ei kumpanakaan p\u00e4iv\u00e4n\u00e4 ilmestynyt seminaarin alkuosuuksiin, vaan saapui paikalle tunteja my\u00f6h\u00e4ss\u00e4. Lehtonen on selitt\u00e4nyt  my\u00f6h\u00e4stymisi\u00e4 aikaerorasituksesta johtuvalla jet lagilla.<\/p>\n","protected":false},"excerpt":{"rendered":"Kelan p\u00e4\u00e4johtaja Lasse Lehtonen. Antti Mannermaa Kelan viestinn\u00e4n mukaan p\u00e4\u00e4johtaja Lasse Lehtonen on j\u00e4\u00e4nyt pois t\u00f6ist\u00e4. H\u00e4nt\u00e4 sijaistaa&hellip;\n","protected":false},"author":2,"featured_media":105607,"comment_status":"","ping_status":"","sticky":false,"template":"","format":"standard","meta":{"footnotes":""},"categories":[5],"tags":[35,22,23,26,27,33,31,30,7251,17,7250,24,25,28,29,15,18,21,32,167,19,20,860,3512,16,7249],"class_list":{"0":"post-105606","1":"post","2":"type-post","3":"status-publish","4":"format-standard","5":"has-post-thumbnail","7":"category-otsikot","8":"tag-24h","9":"tag-breaking-news","10":"tag-breakingnews","11":"tag-featured-news","12":"tag-featurednews","13":"tag-fi","14":"tag-finland","15":"tag-finnish","16":"tag-hallinto-ja-johtajuus","17":"tag-headlines","18":"tag-johtaminen","19":"tag-latest-news","20":"tag-latestnews","21":"tag-main-news","22":"tag-mainnews","23":"tag-news","24":"tag-otsikot","25":"tag-paauutiset","26":"tag-suomi","27":"tag-terveys","28":"tag-top-stories","29":"tag-topstories","30":"tag-tyoelama","31":"tag-tyontekijat","32":"tag-uutiset","33":"tag-yrityksen-johtaminen"},"share_on_mastodon":{"url":"https:\/\/pubeurope.com\/@fi\/115649465881275167","error":""},"_links":{"self":[{"href":"https:\/\/www.europesays.com\/fi\/wp-json\/wp\/v2\/posts\/105606","targetHints":{"allow":["GET"]}}],"collection":[{"href":"https:\/\/www.europesays.com\/fi\/wp-json\/wp\/v2\/posts"}],"about":[{"href":"https:\/\/www.europesays.com\/fi\/wp-json\/wp\/v2\/types\/post"}],"author":[{"embeddable":true,"href":"https:\/\/www.europesays.com\/fi\/wp-json\/wp\/v2\/users\/2"}],"replies":[{"embeddable":true,"href":"https:\/\/www.europesays.com\/fi\/wp-json\/wp\/v2\/comments?post=105606"}],"version-history":[{"count":0,"href":"https:\/\/www.europesays.com\/fi\/wp-json\/wp\/v2\/posts\/105606\/revisions"}],"wp:featuredmedia":[{"embeddable":true,"href":"https:\/\/www.europesays.com\/fi\/wp-json\/wp\/v2\/media\/105607"}],"wp:attachment":[{"href":"https:\/\/www.europesays.com\/fi\/wp-json\/wp\/v2\/media?parent=105606"}],"wp:term":[{"taxonomy":"category","embeddable":true,"href":"https:\/\/www.europesays.com\/fi\/wp-json\/wp\/v2\/categories?post=105606"},{"taxonomy":"post_tag","embeddable":true,"href":"https:\/\/www.europesays.com\/fi\/wp-json\/wp\/v2\/tags?post=105606"}],"curies":[{"name":"wp","href":"https:\/\/api.w.org\/{rel}","templated":true}]}}