{"id":105608,"date":"2025-12-02T10:30:07","date_gmt":"2025-12-02T10:30:07","guid":{"rendered":"https:\/\/www.europesays.com\/fi\/105608\/"},"modified":"2025-12-02T10:30:07","modified_gmt":"2025-12-02T10:30:07","slug":"nain-paljon-daniel-stahl-nostaa-penkista","status":"publish","type":"post","link":"https:\/\/www.europesays.com\/fi\/105608\/","title":{"rendered":"N\u00e4in paljon Daniel St\u00e5hl nostaa penkist\u00e4"},"content":{"rendered":"<p>Daniel St\u00e5hl ei vakuuttunut ruotsalaishiiht\u00e4jien touhusta.<\/p>\n<p class=\"article-body mb-nof-24 px-nof-16\">Kiekonheiton olympiavoittaja ja maailmanmestari <a class=\"article-personlink\" href=\"https:\/\/www.is.fi\/haku\/?query=Daniel%20St%C3%A5hl\" rel=\"nofollow noopener\" target=\"_blank\">Daniel St\u00e5hl<\/a> paljastaa <a class=\"article-genericlink\" href=\"https:\/\/www.expressen.se\/tv\/sport\/friidrott\/sa-mycket-bankar-daniel-stahl\/\" rel=\"nofollow noopener\" target=\"_blank\">Expressenin<\/a> videolla oman penkkipunnerrusenn\u00e4tyksens\u00e4. Se on hurjat 210 kiloa.<\/p>\n<p class=\"article-body mb-nof-24 px-nof-16\">Asia nousi esille, kun ruotsalaiset maastohiiht\u00e4j\u00e4t <a class=\"article-personlink\" href=\"https:\/\/www.is.fi\/haku\/?query=Edvin%20Anger\" rel=\"nofollow noopener\" target=\"_blank\">Edvin Anger <\/a>ja <a class=\"article-personlink\" href=\"https:\/\/www.is.fi\/haku\/?query=William%20Poromaa\" rel=\"nofollow noopener\" target=\"_blank\">William Poromaa<\/a> kertoivat lehdelle omat penkkituloksensa, jotka olivat 97 ja 87 kiloa. Hiiht\u00e4j\u00e4t sanoivat, ett\u00e4 eiv\u00e4t ole mit\u00e4\u00e4n danielst\u00e5hleja.<\/p>\n<p class=\"article-body mb-nof-24 px-nof-16\">Expressen kysyi St\u00e5hlin mielipidett\u00e4 tuloksiin eik\u00e4 h\u00e4n ollut vakuuttunut.<\/p>\n<p class=\"article-body mb-nof-24 px-nof-16\">\u2013\u2009Jos he p\u00e4\u00e4sev\u00e4t kolminumeroisiin tuloksiin, olen tyytyv\u00e4inen, St\u00e5hl sanoi.<\/p>\n<p class=\"article-body mb-nof-24 px-nof-16\">St\u00e5hlin mukaan hiiht\u00e4j\u00e4t k\u00e4ytt\u00e4v\u00e4t paljon ojentajalihaksia mutta rintalihaksia voi viel\u00e4 kehitt\u00e4\u00e4.<\/p>\n<p class=\"article-body mb-nof-24 px-nof-16\">Suomalaisen \u00e4idin poika St\u00e5hl, 33, on nelinkertainen arvokisavoittaja. Tuoreimman lis\u00e4yksen palkintokaappiinsa h\u00e4n sai syyskuussa Tokiossa. St\u00e5hl kiskaisi MM-kultaa tuloksella 70,47 metri\u00e4.<\/p>\n","protected":false},"excerpt":{"rendered":"Daniel St\u00e5hl ei vakuuttunut ruotsalaishiiht\u00e4jien touhusta. Kiekonheiton olympiavoittaja ja maailmanmestari Daniel St\u00e5hl paljastaa Expressenin videolla oman penkkipunnerrusenn\u00e4tyksens\u00e4. Se&hellip;\n","protected":false},"author":2,"featured_media":105609,"comment_status":"","ping_status":"","sticky":false,"template":"","format":"standard","meta":{"footnotes":""},"categories":[136],"tags":[407,137,33,31,30,34,408,32,109],"class_list":{"0":"post-105608","1":"post","2":"type-post","3":"status-publish","4":"format-standard","5":"has-post-thumbnail","7":"category-julkkikset","8":"tag-celebrities","9":"tag-entertainment","10":"tag-fi","11":"tag-finland","12":"tag-finnish","13":"tag-ilta-sanomat","14":"tag-julkkikset","15":"tag-suomi","16":"tag-viihde"},"share_on_mastodon":{"url":"https:\/\/pubeurope.com\/@fi\/115649512890508806","error":""},"_links":{"self":[{"href":"https:\/\/www.europesays.com\/fi\/wp-json\/wp\/v2\/posts\/105608","targetHints":{"allow":["GET"]}}],"collection":[{"href":"https:\/\/www.europesays.com\/fi\/wp-json\/wp\/v2\/posts"}],"about":[{"href":"https:\/\/www.europesays.com\/fi\/wp-json\/wp\/v2\/types\/post"}],"author":[{"embeddable":true,"href":"https:\/\/www.europesays.com\/fi\/wp-json\/wp\/v2\/users\/2"}],"replies":[{"embeddable":true,"href":"https:\/\/www.europesays.com\/fi\/wp-json\/wp\/v2\/comments?post=105608"}],"version-history":[{"count":0,"href":"https:\/\/www.europesays.com\/fi\/wp-json\/wp\/v2\/posts\/105608\/revisions"}],"wp:featuredmedia":[{"embeddable":true,"href":"https:\/\/www.europesays.com\/fi\/wp-json\/wp\/v2\/media\/105609"}],"wp:attachment":[{"href":"https:\/\/www.europesays.com\/fi\/wp-json\/wp\/v2\/media?parent=105608"}],"wp:term":[{"taxonomy":"category","embeddable":true,"href":"https:\/\/www.europesays.com\/fi\/wp-json\/wp\/v2\/categories?post=105608"},{"taxonomy":"post_tag","embeddable":true,"href":"https:\/\/www.europesays.com\/fi\/wp-json\/wp\/v2\/tags?post=105608"}],"curies":[{"name":"wp","href":"https:\/\/api.w.org\/{rel}","templated":true}]}}