{"id":105610,"date":"2025-12-02T10:37:08","date_gmt":"2025-12-02T10:37:08","guid":{"rendered":"https:\/\/www.europesays.com\/fi\/105610\/"},"modified":"2025-12-02T10:37:08","modified_gmt":"2025-12-02T10:37:08","slug":"keupan-varakapteenille-pitka-pelikielto-torkytaklauksesta-urheilu","status":"publish","type":"post","link":"https:\/\/www.europesays.com\/fi\/105610\/","title":{"rendered":"KeuPan varakapteenille pitk\u00e4 pelikielto t\u00f6rkytaklauksesta | Urheilu"},"content":{"rendered":"<p>Keuruulaisen KeuPa HT:n varakapteeni <strong>Oskari Utriainen<\/strong>, 23, on m\u00e4\u00e4r\u00e4tty nelj\u00e4n ottelun pelikieltoon p\u00e4\u00e4h\u00e4n kohdistuneesta taklauksesta, Mestis tiedottaa.<\/p>\n<p>Pelikieltoon johtanut tilanne tapahtui viime perjantaina, kun KeuPa is\u00e4nn\u00f6i turkulaista Tutoa. Utriainen taklasi avauser\u00e4n puoliv\u00e4lin j\u00e4lkeen Tuton kapteenia <strong>Niclas Karjalaista<\/strong> niin voimakkaasti, ett\u00e4 h\u00e4nen kyp\u00e4r\u00e4ns\u00e4 irtosi p\u00e4\u00e4st\u00e4. KeuPa-hy\u00f6kk\u00e4\u00e4j\u00e4 sai tempustaan pelirangaistuksen.<\/p>\n<p>\u2013 Saadun selvityksen mukaan tilanteessa TUTO Hockeyn pelaaja saa poikittaissy\u00f6t\u00f6n omalla puolustusalueellaan pelaten kiekon k\u00e4yt\u00e4nn\u00f6ss\u00e4 v\u00e4litt\u00f6m\u00e4sti yl\u00f6sp\u00e4in. Pelaajan luovuttua kiekosta taklaa KeuPa HT:n Oskari Utriainen t\u00e4t\u00e4 edest\u00e4p\u00e4in tulevalla taklauksella. Taklaus kohdistuu taklattavissa olevaan pelaajaan ja se suoritetaan hyv\u00e4ksytt\u00e4v\u00e4st\u00e4 suunnasta. Saadun selvityksen mukaan painava taklaus osuu tuntuvalla voimalla yl\u00e4vartalon ohella my\u00f6s vastustajan p\u00e4\u00e4h\u00e4n. N\u00e4in kyseess\u00e4 on edell\u00e4 kuvatun s\u00e4\u00e4nt\u00f6kohdan tarkoittama s\u00e4\u00e4nt\u00f6jenvastainen taklaus p\u00e4\u00e4h\u00e4n, <a href=\"https:\/\/mestis.fi\/fi\/uutiset\/2025\/12\/02\/keupa-htn-oskari-utriaiselle-neljan-ottelun-pelikielto\" rel=\"nofollow noopener\" target=\"_blank\">kurinpitop\u00e4\u00e4t\u00f6ksess\u00e4<\/a> perustellaan.<\/p>\n<p>P\u00e4\u00e4t\u00f6ksess\u00e4 huomautetaan, ett\u00e4 Utriaisella olisi ollut tilanteessa aikaa ja tilaa suorittaa taklaus s\u00e4\u00e4nt\u00f6jen sallimissa rajoissa.<\/p>\n<p>N\u00e4et taklauksen alla olevasta videosta.<\/p>\n<p>Karjalainen loukkaantui niitin voimasta, eik\u00e4 ollut kokoonpanossa Tuton seuraavassa ottelussa.<\/p>\n<p>Toista kauttaan Keuruulla kiekkoileva Utriainen on viimeistellyt 19 ottelussa tehot 6+2=8. Hy\u00f6kk\u00e4\u00e4j\u00e4 on seuraavan kerran pelikelpoinen 19. joulukuuta, kun KeuPa is\u00e4nn\u00f6i Helsingin Jokereita.<\/p>\n<p>Mestiksess\u00e4 toiseksi viimeisen\u00e4 keikkuvan KeuPan kausi jatkuu torstaina, kun Keuruulle astelee vieraaksi K-Vantaa.<\/p>\n","protected":false},"excerpt":{"rendered":"Keuruulaisen KeuPa HT:n varakapteeni Oskari Utriainen, 23, on m\u00e4\u00e4r\u00e4tty nelj\u00e4n ottelun pelikieltoon p\u00e4\u00e4h\u00e4n kohdistuneesta taklauksesta, Mestis tiedottaa. Pelikieltoon&hellip;\n","protected":false},"author":2,"featured_media":105611,"comment_status":"","ping_status":"","sticky":false,"template":"","format":"standard","meta":{"footnotes":""},"categories":[158],"tags":[33,31,30,104,13873,1143,8069,4472,41,1146,159,32,160],"class_list":{"0":"post-105610","1":"post","2":"type-post","3":"status-publish","4":"format-standard","5":"has-post-thumbnail","7":"category-urheilu","8":"tag-fi","9":"tag-finland","10":"tag-finnish","11":"tag-helsinki","12":"tag-hockey","13":"tag-jaakiekko","14":"tag-keuruu","15":"tag-kiekko-vantaa-k-vantaa","16":"tag-liikunta-ja-urheilu","17":"tag-miesten-jaakiekko","18":"tag-sports","19":"tag-suomi","20":"tag-urheilu"},"share_on_mastodon":{"url":"https:\/\/pubeurope.com\/@fi\/115649540602579119","error":""},"_links":{"self":[{"href":"https:\/\/www.europesays.com\/fi\/wp-json\/wp\/v2\/posts\/105610","targetHints":{"allow":["GET"]}}],"collection":[{"href":"https:\/\/www.europesays.com\/fi\/wp-json\/wp\/v2\/posts"}],"about":[{"href":"https:\/\/www.europesays.com\/fi\/wp-json\/wp\/v2\/types\/post"}],"author":[{"embeddable":true,"href":"https:\/\/www.europesays.com\/fi\/wp-json\/wp\/v2\/users\/2"}],"replies":[{"embeddable":true,"href":"https:\/\/www.europesays.com\/fi\/wp-json\/wp\/v2\/comments?post=105610"}],"version-history":[{"count":0,"href":"https:\/\/www.europesays.com\/fi\/wp-json\/wp\/v2\/posts\/105610\/revisions"}],"wp:featuredmedia":[{"embeddable":true,"href":"https:\/\/www.europesays.com\/fi\/wp-json\/wp\/v2\/media\/105611"}],"wp:attachment":[{"href":"https:\/\/www.europesays.com\/fi\/wp-json\/wp\/v2\/media?parent=105610"}],"wp:term":[{"taxonomy":"category","embeddable":true,"href":"https:\/\/www.europesays.com\/fi\/wp-json\/wp\/v2\/categories?post=105610"},{"taxonomy":"post_tag","embeddable":true,"href":"https:\/\/www.europesays.com\/fi\/wp-json\/wp\/v2\/tags?post=105610"}],"curies":[{"name":"wp","href":"https:\/\/api.w.org\/{rel}","templated":true}]}}