{"id":105612,"date":"2025-12-02T10:38:07","date_gmt":"2025-12-02T10:38:07","guid":{"rendered":"https:\/\/www.europesays.com\/fi\/105612\/"},"modified":"2025-12-02T10:38:07","modified_gmt":"2025-12-02T10:38:07","slug":"kuningatar-silvia-sairastui-victoria-korvasi-adventtijuhlassa","status":"publish","type":"post","link":"https:\/\/www.europesays.com\/fi\/105612\/","title":{"rendered":"Kuningatar Silvia sairastui \u2013 Victoria korvasi adventtijuhlassa"},"content":{"rendered":"<p>            AOP\n        <\/p>\n<p class=\"subtitle \">80-vuotias hallitsijapuoliso ei toipunut tarpeeksi, vaikka vet\u00e4ytyi viime viikolla lepoon kotilinnaansa.<\/p>\n<p class=\"article-content article-content-width !bg-background\">Viime viikkoinen kuningatar  kalenterin siivoaminen lepoloman vuoksi osoittautui tarpeelliseksi 80-vuotiaan terveyden vaalimiseksi. Ratkaisu ei kuitenkaan riitt\u00e4nyt.<\/p>\n<p class=\"font-weight-bold m-font-weight-bold article-content article-content-width !bg-background\">Arkistovideo: Vaivaisenluuleikkaus sai Silvian turvautumaan erikoiseen keppituoliin tai tuolikeppiin<\/p>\n<p class=\"article-content article-content-width !bg-background\"> H\u00e4n joutui maanantaina perumaan ty\u00f6teht\u00e4v\u00e4ns\u00e4. <\/p>\n<p class=\"article-content article-content-width !bg-background\"><a href=\"https:\/\/www.svenskdam.se\/kungligt\/just-nu-drottningen-har-lamnat-aterbud-victoria-ersatter\/11165553\" target=\"_blank\" rel=\"nofollow noopener\">Viel\u00e4 eilen aamup\u00e4iv\u00e4ll\u00e4 kuningattaren lempitapahtuma oli Svensk Damin mukaan hovin virallisessa tapahtumakalenterissa aivan normaalisti<\/a>.<\/p>\n<p class=\"article-content article-content-width !bg-background\">Tilanne kuitenkin muuttui nopeasti ja yll\u00e4tt\u00e4en.<\/p>\n<p>        <a itemprop=\"url\" href=\"https:\/\/www.seiska.fi\/kuninkaalliset\/hovilta-yllatyspaatos-kuningatar-silviasta\/2005004\" rel=\"nofollow noopener\" target=\"_blank\"><\/p>\n<p>\nKuningatar Silvia\n<\/p>\n<p class=\"section-date\">\n        <strong class=\"article-section\" data-section=\"kuninkaalliset\"><br \/>\n            kuninkaalliset<br \/>\n        <\/strong><br \/>\n        27.11. 12:39\n    <\/p>\n<p>Hovilta yll\u00e4tysp\u00e4\u00e4t\u00f6s kuningatar Silviasta\n    <\/p>\n<p itemprop=\"description\" class=\"subtitle \">\n    Intensiivinen matkajakso on vienyt i\u00e4kk\u00e4\u00e4n kuningattaren nelj\u00e4lle ulkomaanmatkalle alle nelj\u00e4ss\u00e4 viikossa.\n<\/p>\n<p>        <\/a><\/p>\n<p class=\"article-content article-content-width !bg-background\">Kello 14 aikaan k\u00e4vi selv\u00e4ksi, ett\u00e4 kruununprinsessa  oli ottanut Silvian paikan, eik\u00e4 kuningattaren nime\u00e4 en\u00e4\u00e4 kalenterissa n\u00e4kynyt.<\/p>\n<p>Hovi j\u00e4tti kertomatta<\/p>\n<p class=\"article-content article-content-width !bg-background\">Hovi ei ollut asiaa kuitenkaan turuilla ja toreilla toitotellut. Kalenterissa vain vaihdettiin kuningasperheen j\u00e4sent\u00e4.<\/p>\n<p class=\"article-content article-content-width !bg-background\">Kuninkaan puolisoa periaatteessa painoarvoisempi kruununprinsessa Victoria, Ruotsin seuraava hallitsija kuningasis\u00e4ns\u00e4 j\u00e4lkeen, onkin hyvin haluttu vieras.<\/p>\n<p>        <a itemprop=\"url\" href=\"https:\/\/www.seiska.fi\/kuninkaalliset\/laakarit-tekivat-paatoksen-kuningatar-silvian-selan-takana\/1983429\" rel=\"nofollow noopener\" target=\"_blank\"><\/p>\n<p>\nMurheellinen tieto\n<\/p>\n<p class=\"section-date\">\n        <strong class=\"article-section\" data-section=\"kuninkaalliset\"><br \/>\n            kuninkaalliset<br \/>\n        <\/strong><br \/>\n        4.11. 17:38\n    <\/p>\n<p>L\u00e4\u00e4k\u00e4rit tekiv\u00e4t p\u00e4\u00e4t\u00f6ksen kuningatar Silvian sel\u00e4n takana\n    <\/p>\n<p itemprop=\"description\" class=\"subtitle \">\n    G\u00f6teborgilainen klovniyhteis\u00f6 on raivoissaan p\u00e4\u00e4t\u00f6ksest\u00e4.\n<\/p>\n<p>        <\/a><\/p>\n<p class=\"article-content article-content-width !bg-background\">Svensk Damin tiedusteluun kuningattaren yll\u00e4tyskorvaamisesta Victorialla hovi vastasi suppeasti.<\/p>\n<p class=\"article-content article-content-width !bg-background\">\u2013 H\u00e4nen Majesteettinsa kuningatar on sairastunut flunssaan ja on muiden osallistujien vuoksi peruuttanut osallistumisensa t\u00e4m\u00e4n p\u00e4iv\u00e4n tilaisuuteen, hovi kommentoi lehdelle.<\/p>\n<p>V\u00e4liin j\u00e4iv\u00e4t Silvian suosikkikemut<\/p>\n<p class=\"article-content article-content-width !bg-background\">On varmaa, ett\u00e4 Silvia ei mielell\u00e4\u00e4n j\u00e4tt\u00e4nyt iltap\u00e4iv\u00e4n tilaisuutta v\u00e4liin.<\/p>\n<p class=\"article-content article-content-width !bg-background\">Kyseess\u00e4 oli adventtijuhla, jonka tiedet\u00e4\u00e4n olevan kuningattaren suosikkitapahtumia. Tapahtuma ensinn\u00e4kin liittyy Silvian synnyinmaahan Saksaan ja toisekseen on hyvin tunnelmallinen.<\/p>\n<p>        <a itemprop=\"url\" href=\"https:\/\/www.seiska.fi\/kuninkaalliset\/hyvasti-ystava-ruotsin-kuningasperheen-suuri-suru\/1834509\" rel=\"nofollow noopener\" target=\"_blank\"><\/p>\n<p>\nHyv\u00e4sti, yst\u00e4v\u00e4!\n<\/p>\n<p class=\"section-date\">\n        <strong class=\"article-section\" data-section=\"kuninkaalliset\"><br \/>\n            kuninkaalliset<br \/>\n        <\/strong><br \/>\n        12.6. 08:26\n    <\/p>\n<p>Hyv\u00e4sti, yst\u00e4v\u00e4! Ruotsin kuningasperheen suuri suru\n    <\/p>\n<p itemprop=\"description\" class=\"subtitle \">\n    Ruotsin kuningasperhe kokoontui koskettaviin hautajaisiin.\n<\/p>\n<p>        <\/a><\/p>\n<p class=\"article-content article-content-width !bg-background\">Saksan Naistenklubin vuosittainen juhla j\u00e4rjestettiin t\u00e4ll\u00e4 kertaa Saksan kirkossa Tukholman Vanhassakaupungissa. Tapahtumassa iltap\u00e4iv\u00e4 kuluu kahvin ja yhdess\u00e4 laulamisen parissa. Erityisesti Silvian tiedet\u00e4\u00e4n rakastavan tilaisuudessa tarjottavaa saksalaista joulukakkua stollenia.<\/p>\n<p class=\"article-content article-content-width !bg-background\">Klubi ei ole valtakunnallisesti mitenk\u00e4\u00e4n merkitt\u00e4v\u00e4. Siihen kuuluu noin sata j\u00e4sent\u00e4, ja tilaisuuksissa j\u00e4senist\u00f6 tapaa puhuakseen saksaa ja nauttiakseen saksalaisesta kulttuurista, musiikista ja taiteesta. <\/p>\n<p class=\"article-content article-content-width !bg-background\">Kuningatar Silvia on ollut klubin j\u00e4sen siit\u00e4 l\u00e4htien, kun h\u00e4n saapui Ruotsiin vuonna 1976.<\/p>\n<p>        <a itemprop=\"url\" href=\"https:\/\/www.seiska.fi\/kuninkaalliset\/taman-vuoksi-kuningatar-silvia-lahti-yksityiselle-matkalle-toiselle-mantereelle\/1499259\" rel=\"nofollow noopener\" target=\"_blank\"><\/p>\n<p class=\"section-date\">\n        <strong class=\"article-section\" data-section=\"kuninkaalliset\"><br \/>\n            kuninkaalliset<br \/>\n        <\/strong><br \/>\n        25.10.2024 12:47\n    <\/p>\n<p>T\u00e4m\u00e4n vuoksi kuningatar Silvia l\u00e4hti yksityiselle matkalle toiselle mantereelle\n    <\/p>\n<p itemprop=\"description\" class=\"subtitle \">\n    My\u00f6s l\u00e4hes kaikki lapsenlapset ovat mukana Silvian pitk\u00e4ll\u00e4 privaattireissulla.\n<\/p>\n<p>        <\/a><\/p>\n<p class=\"article-content article-content-width !bg-background\">Ennen t\u00e4m\u00e4n jutun julkaisemista Ruotsin kuningashuoneen virallisessa kalenterissa n\u00e4kyy Silvialle viel\u00e4 kolme tapahtumaa t\u00e4lle p\u00e4iv\u00e4lle (ti 2.12.). Kaikki ovat t\u00e4rkeit\u00e4.<\/p>\n<p class=\"article-content article-content-width !bg-background\">Ensimm\u00e4isen\u00e4 Silvia ja Victoria sek\u00e4 kuningas Kaarle Kustaa, prinssit Daniel ja Carl Philip saavat briiffauksen Nobel-palkintoehdokkaista.\u00a0<\/p>\n<p class=\"article-content article-content-width !bg-background\">Sen j\u00e4lkeen on kaksi erityisen painavaa tilaisuutta. Ensin kuningattaren itse perustaman Childhood Foundationin hallituksen kokous, sen j\u00e4lkeen h\u00e4n on paikalla, kun j\u00e4rjest\u00f6 jakaa palkinnon.<\/p>\n","protected":false},"excerpt":{"rendered":"AOP 80-vuotias hallitsijapuoliso ei toipunut tarpeeksi, vaikka vet\u00e4ytyi viime viikolla lepoon kotilinnaansa. Viime viikkoinen kuningatar kalenterin siivoaminen lepoloman&hellip;\n","protected":false},"author":2,"featured_media":105613,"comment_status":"","ping_status":"","sticky":false,"template":"","format":"standard","meta":{"footnotes":""},"categories":[130],"tags":[137,33,31,30,6732,2273,4550,110,2274,19906,3496,3893,19897,19907,32,167,2693,4859,109],"class_list":{"0":"post-105612","1":"post","2":"type-post","3":"status-publish","4":"format-standard","5":"has-post-thumbnail","7":"category-viihde","8":"tag-entertainment","9":"tag-fi","10":"tag-finland","11":"tag-finnish","12":"tag-flunssa","13":"tag-kruununprinsessa-victoria","14":"tag-kuningatar-silvia","15":"tag-ruotsi","16":"tag-ruotsin-kuninkaalliset","17":"tag-sairas","18":"tag-sairastuminen","19":"tag-sairaus","20":"tag-sairausloma","21":"tag-silvia","22":"tag-suomi","23":"tag-terveys","24":"tag-tukholma","25":"tag-victoria","26":"tag-viihde"},"share_on_mastodon":{"url":"https:\/\/pubeurope.com\/@fi\/115649544414963758","error":""},"_links":{"self":[{"href":"https:\/\/www.europesays.com\/fi\/wp-json\/wp\/v2\/posts\/105612","targetHints":{"allow":["GET"]}}],"collection":[{"href":"https:\/\/www.europesays.com\/fi\/wp-json\/wp\/v2\/posts"}],"about":[{"href":"https:\/\/www.europesays.com\/fi\/wp-json\/wp\/v2\/types\/post"}],"author":[{"embeddable":true,"href":"https:\/\/www.europesays.com\/fi\/wp-json\/wp\/v2\/users\/2"}],"replies":[{"embeddable":true,"href":"https:\/\/www.europesays.com\/fi\/wp-json\/wp\/v2\/comments?post=105612"}],"version-history":[{"count":0,"href":"https:\/\/www.europesays.com\/fi\/wp-json\/wp\/v2\/posts\/105612\/revisions"}],"wp:featuredmedia":[{"embeddable":true,"href":"https:\/\/www.europesays.com\/fi\/wp-json\/wp\/v2\/media\/105613"}],"wp:attachment":[{"href":"https:\/\/www.europesays.com\/fi\/wp-json\/wp\/v2\/media?parent=105612"}],"wp:term":[{"taxonomy":"category","embeddable":true,"href":"https:\/\/www.europesays.com\/fi\/wp-json\/wp\/v2\/categories?post=105612"},{"taxonomy":"post_tag","embeddable":true,"href":"https:\/\/www.europesays.com\/fi\/wp-json\/wp\/v2\/tags?post=105612"}],"curies":[{"name":"wp","href":"https:\/\/api.w.org\/{rel}","templated":true}]}}