{"id":105616,"date":"2025-12-02T10:42:09","date_gmt":"2025-12-02T10:42:09","guid":{"rendered":"https:\/\/www.europesays.com\/fi\/105616\/"},"modified":"2025-12-02T10:42:09","modified_gmt":"2025-12-02T10:42:09","slug":"ultraprosessoitujen-ruokien-syominen-voi-suurentaa-parkinsonin-taudin-riskia","status":"publish","type":"post","link":"https:\/\/www.europesays.com\/fi\/105616\/","title":{"rendered":"Ultraprosessoitujen ruokien sy\u00f6minen voi suurentaa Parkinsonin taudin riski\u00e4"},"content":{"rendered":"<p>Noin kymmenen vuotta kest\u00e4neess\u00e4 seurantatutkimuksessa oli mukana yli 120\u202f000 aikuista.<\/p>\n<p class=\"article-body mb-nof-24 px-nof-16\">Runsas ultraprosessoitujen ruokien sy\u00f6minen voi suurentaa merkitt\u00e4v\u00e4sti Parkinsonin taudin riski\u00e4 ja siihen liittyv\u00e4\u00e4 kuolleisuutta, selvi\u00e4\u00e4 Ison-Britannian biopankin tutkimuksesta.<\/p>\n<p class=\"article-body mb-nof-24 px-nof-16\">Tutkimuksessa havaittiin, ett\u00e4 paljon ultraprosessoituja ruokia sy\u00f6neill\u00e4 oli 65 prosenttia suurempi riski saada Parkinsonin taudin kehittymisest\u00e4 kertovia varhaisia eli prodromaalisia oireita. Yhteys havaittiin erityisesti masennukseen, ummetukseen, virtsankarkailuun, ahdistukseen ja ortostaattiseen hypotensioon eli verenpaineen laskuun yl\u00f6s noustaessa.<\/p>\n<p class=\"article-body mb-nof-24 px-nof-16\">Noin kymmenen vuotta kest\u00e4neess\u00e4 seurantatutkimuksessa oli mukana yli 120\u202f000 aikuista. Tutkijat jakoivat heid\u00e4t nelj\u00e4\u00e4n ryhm\u00e4\u00e4n sen mukaan, kuinka paljon he s\u00f6iv\u00e4t ultraprosessoituja ruokia. Eniten ultraprosessoituja ruokia sy\u00f6neill\u00e4 oli 32 prosenttia suurempi riski sairastua Parkinsonin tautiin kuin v\u00e4hiten ultraprosessoituja ruokia sy\u00f6neill\u00e4. Paljon ultraprosessoituja ruokia sy\u00f6neill\u00e4 oli my\u00f6s yli kolminkertainen riski kuolla Parkinsonin tautiin ultraprosessoituja ruokia v\u00e4hiten sy\u00f6neisiin verrattuna.<\/p>\n<p class=\"article-body mb-nof-24 px-nof-16\">Tutkijoiden mukaan ultraprosessoidut ruuat sis\u00e4lt\u00e4v\u00e4t runsaasti sokeria, suolaa ja lis\u00e4aineita, jotka voivat h\u00e4irit\u00e4 suolistomikrobistoa, lis\u00e4t\u00e4 tulehdusta ja oksidatiivista stressi\u00e4 elimist\u00f6ss\u00e4. N\u00e4m\u00e4 voivat vahingoittaa hermosoluja ja lis\u00e4t\u00e4 neurodegeneratiivisten sairauksien riski\u00e4.<\/p>\n<p class=\"article-body mb-nof-24 px-nof-16\">Aiemmissa tutkimuksissa on osoitettu, ett\u00e4 runsas ultraprosessoitujen ruokien sy\u00f6minen suurentaa my\u00f6s esimerkiksi dementian ja Alzheimerin taudin riski\u00e4. Terveellisemm\u00e4ll\u00e4 ravinnolla voitaisiinkin tutkijoiden mukaan ehk\u00e4ist\u00e4 n\u00e4it\u00e4 sairauksia tai hidastaa niiden etenemist\u00e4 jo varhaisessa vaiheessa.<\/p>\n","protected":false},"excerpt":{"rendered":"Noin kymmenen vuotta kest\u00e4neess\u00e4 seurantatutkimuksessa oli mukana yli 120\u202f000 aikuista. Runsas ultraprosessoitujen ruokien sy\u00f6minen voi suurentaa merkitt\u00e4v\u00e4sti Parkinsonin&hellip;\n","protected":false},"author":2,"featured_media":105617,"comment_status":"","ping_status":"","sticky":false,"template":"","format":"standard","meta":{"footnotes":""},"categories":[14],"tags":[22,23,26,27,33,31,30,17,34,24,25,28,29,15,18,21,32,19,20,56,16,59,60,61],"class_list":{"0":"post-105616","1":"post","2":"type-post","3":"status-publish","4":"format-standard","5":"has-post-thumbnail","7":"category-ulkomaat","8":"tag-breaking-news","9":"tag-breakingnews","10":"tag-featured-news","11":"tag-featurednews","12":"tag-fi","13":"tag-finland","14":"tag-finnish","15":"tag-headlines","16":"tag-ilta-sanomat","17":"tag-latest-news","18":"tag-latestnews","19":"tag-main-news","20":"tag-mainnews","21":"tag-news","22":"tag-otsikot","23":"tag-paauutiset","24":"tag-suomi","25":"tag-top-stories","26":"tag-topstories","27":"tag-ulkomaat","28":"tag-uutiset","29":"tag-world","30":"tag-world-news","31":"tag-worldnews"},"share_on_mastodon":{"url":"https:\/\/pubeurope.com\/@fi\/115649560219580891","error":""},"_links":{"self":[{"href":"https:\/\/www.europesays.com\/fi\/wp-json\/wp\/v2\/posts\/105616","targetHints":{"allow":["GET"]}}],"collection":[{"href":"https:\/\/www.europesays.com\/fi\/wp-json\/wp\/v2\/posts"}],"about":[{"href":"https:\/\/www.europesays.com\/fi\/wp-json\/wp\/v2\/types\/post"}],"author":[{"embeddable":true,"href":"https:\/\/www.europesays.com\/fi\/wp-json\/wp\/v2\/users\/2"}],"replies":[{"embeddable":true,"href":"https:\/\/www.europesays.com\/fi\/wp-json\/wp\/v2\/comments?post=105616"}],"version-history":[{"count":0,"href":"https:\/\/www.europesays.com\/fi\/wp-json\/wp\/v2\/posts\/105616\/revisions"}],"wp:featuredmedia":[{"embeddable":true,"href":"https:\/\/www.europesays.com\/fi\/wp-json\/wp\/v2\/media\/105617"}],"wp:attachment":[{"href":"https:\/\/www.europesays.com\/fi\/wp-json\/wp\/v2\/media?parent=105616"}],"wp:term":[{"taxonomy":"category","embeddable":true,"href":"https:\/\/www.europesays.com\/fi\/wp-json\/wp\/v2\/categories?post=105616"},{"taxonomy":"post_tag","embeddable":true,"href":"https:\/\/www.europesays.com\/fi\/wp-json\/wp\/v2\/tags?post=105616"}],"curies":[{"name":"wp","href":"https:\/\/api.w.org\/{rel}","templated":true}]}}