{"id":105618,"date":"2025-12-02T10:43:07","date_gmt":"2025-12-02T10:43:07","guid":{"rendered":"https:\/\/www.europesays.com\/fi\/105618\/"},"modified":"2025-12-02T10:43:07","modified_gmt":"2025-12-02T10:43:07","slug":"vaestoliiton-perhebarometri-nain-monta-ystavaa-on-keskimaaraisella-suomalaisella","status":"publish","type":"post","link":"https:\/\/www.europesays.com\/fi\/105618\/","title":{"rendered":"V\u00e4est\u00f6liiton Perhebarometri: N\u00e4in monta yst\u00e4v\u00e4\u00e4 on keskim\u00e4\u00e4r\u00e4isell\u00e4 suomalaisella"},"content":{"rendered":"<p>V\u00e4est\u00f6liiton tuore Perhebarometri paljastaa, ketk\u00e4 ovat suomalaisille t\u00e4rkeimpi\u00e4.<\/p>\n<p class=\"article-body mb-nof-24 px-nof-16\">Suomalaisilla on keskim\u00e4\u00e4rin kuusi l\u00e4heist\u00e4 kotitalouden ulkopuolista sukulaista ja nelj\u00e4 l\u00e4heist\u00e4 yst\u00e4v\u00e4\u00e4. Asia k\u00e4y ilmi V\u00e4est\u00f6liiton tuoreimmasta Perhebarometrista.<\/p>\n<p class=\"article-body mb-nof-24 px-nof-16\">V\u00e4est\u00f6liiton mukaan \u00e4itien rooli korostuu aikuistenkin el\u00e4m\u00e4ss\u00e4. L\u00e4hes yhdeks\u00e4n kymmenest\u00e4, jolla on \u00e4iti elossa, on ollut tekemisiss\u00e4 \u00e4itins\u00e4 kanssa kuluneen viikon aikana. Kuusi kymmenest\u00e4 on tavannut \u00e4itins\u00e4 kasvokkain.<\/p>\n<p class=\"article-body mb-nof-24 px-nof-16\">Yhteydenpito isien kanssa on keskim\u00e4\u00e4rin jonkin verran harvempaa. Noin viisi prosenttia ei ole is\u00e4ns\u00e4 kanssa lainkaan tekemisiss\u00e4. \u00c4iti my\u00f6s koetaan keskim\u00e4\u00e4rin l\u00e4heisemm\u00e4ksi kuin is\u00e4.<\/p>\n<p class=\"article-body mb-nof-24 px-nof-16\">Lapsenlapset erottuivat Perhebarometrissa selv\u00e4sti muista sukulaisista. Useampi kuin seitsem\u00e4n kymmenest\u00e4 isovanhemmasta valitsi lapsenlapsensa l\u00e4heiseksi sukulaiseksi. N\u00e4ist\u00e4 selv\u00e4sti yli puolet piti lapsenlastaan eritt\u00e4in l\u00e4heisen\u00e4.<\/p>\n<p class=\"article-body mb-nof-24 px-nof-16\">Suomalaisten yst\u00e4vyyssuhteet kest\u00e4v\u00e4t tavallisesti pitk\u00e4\u00e4n. Jo 40\u201349-vuotiailla l\u00e4hes puolet yst\u00e4vyyssuhteista on kest\u00e4nyt v\u00e4hint\u00e4\u00e4n 20 vuotta, 70\u201379-vuotiailla jopa kaksi yst\u00e4vyyssuhdetta kolmesta.<\/p>\n<p class=\"article-body mb-nof-24 px-nof-16\">\u2013 Uusia l\u00e4heisi\u00e4 yst\u00e4vyyksi\u00e4 voi kuitenkin synty\u00e4 l\u00e4pi el\u00e4m\u00e4n. Yleisimm\u00e4t tavat l\u00e4heisen yst\u00e4vyyden alulle ovat muiden yst\u00e4vien, tuttavien tai perheen kautta, kertoo tutkija <a class=\"article-personlink\" href=\"https:\/\/www.is.fi\/haku\/?query=Noora%20Lehtonen\" rel=\"nofollow noopener\" target=\"_blank\">Noora Lehtonen<\/a> tiedotteessa.<\/p>\n<p class=\"article-body mb-nof-24 px-nof-16\">Yst\u00e4viin pidet\u00e4\u00e4n tiiviisti yhteytt\u00e4, Perhebarometri paljastaa. Nelj\u00e4 viidest\u00e4 on ollut l\u00e4heisimm\u00e4n yst\u00e4v\u00e4ns\u00e4 kanssa tekemisiss\u00e4 viikon sis\u00e4ll\u00e4. Nuoret aikuiset pit\u00e4v\u00e4t yhteytt\u00e4 yst\u00e4viins\u00e4 tiiveimmin.<\/p>\n<p class=\"article-body mb-nof-24 px-nof-16\">\u2013 Tutkimuksista tied\u00e4mme, ett\u00e4 yst\u00e4vyyssuhteet vaativat kosolti aikaa ja jaettuja kokemuksia, joten on hyvin my\u00f6nteist\u00e4 huomata, ett\u00e4 ihmiset pit\u00e4v\u00e4t yhteytt\u00e4 l\u00e4heisiin yst\u00e4viins\u00e4 n\u00e4in tiiviisti, Lehtonen sanoo.<\/p>\n<p class=\"article-body mb-nof-24 px-nof-16\">Kuluvan vuoden toukokuussa toteutettuun perhebarometrikyselyyn vastasi 5\u202f117 i\u00e4lt\u00e4\u00e4n18\u201379-vuotiasta suomalaista.<\/p>\n","protected":false},"excerpt":{"rendered":"V\u00e4est\u00f6liiton tuore Perhebarometri paljastaa, ketk\u00e4 ovat suomalaisille t\u00e4rkeimpi\u00e4. Suomalaisilla on keskim\u00e4\u00e4rin kuusi l\u00e4heist\u00e4 kotitalouden ulkopuolista sukulaista ja nelj\u00e4&hellip;\n","protected":false},"author":2,"featured_media":105619,"comment_status":"","ping_status":"","sticky":false,"template":"","format":"standard","meta":{"footnotes":""},"categories":[12],"tags":[22,23,26,27,33,31,30,17,34,24,25,28,29,15,18,21,32,19,20,16],"class_list":{"0":"post-105618","1":"post","2":"type-post","3":"status-publish","4":"format-standard","5":"has-post-thumbnail","7":"category-suomi","8":"tag-breaking-news","9":"tag-breakingnews","10":"tag-featured-news","11":"tag-featurednews","12":"tag-fi","13":"tag-finland","14":"tag-finnish","15":"tag-headlines","16":"tag-ilta-sanomat","17":"tag-latest-news","18":"tag-latestnews","19":"tag-main-news","20":"tag-mainnews","21":"tag-news","22":"tag-otsikot","23":"tag-paauutiset","24":"tag-suomi","25":"tag-top-stories","26":"tag-topstories","27":"tag-uutiset"},"share_on_mastodon":{"url":"https:\/\/pubeurope.com\/@fi\/115649564181126414","error":""},"_links":{"self":[{"href":"https:\/\/www.europesays.com\/fi\/wp-json\/wp\/v2\/posts\/105618","targetHints":{"allow":["GET"]}}],"collection":[{"href":"https:\/\/www.europesays.com\/fi\/wp-json\/wp\/v2\/posts"}],"about":[{"href":"https:\/\/www.europesays.com\/fi\/wp-json\/wp\/v2\/types\/post"}],"author":[{"embeddable":true,"href":"https:\/\/www.europesays.com\/fi\/wp-json\/wp\/v2\/users\/2"}],"replies":[{"embeddable":true,"href":"https:\/\/www.europesays.com\/fi\/wp-json\/wp\/v2\/comments?post=105618"}],"version-history":[{"count":0,"href":"https:\/\/www.europesays.com\/fi\/wp-json\/wp\/v2\/posts\/105618\/revisions"}],"wp:featuredmedia":[{"embeddable":true,"href":"https:\/\/www.europesays.com\/fi\/wp-json\/wp\/v2\/media\/105619"}],"wp:attachment":[{"href":"https:\/\/www.europesays.com\/fi\/wp-json\/wp\/v2\/media?parent=105618"}],"wp:term":[{"taxonomy":"category","embeddable":true,"href":"https:\/\/www.europesays.com\/fi\/wp-json\/wp\/v2\/categories?post=105618"},{"taxonomy":"post_tag","embeddable":true,"href":"https:\/\/www.europesays.com\/fi\/wp-json\/wp\/v2\/tags?post=105618"}],"curies":[{"name":"wp","href":"https:\/\/api.w.org\/{rel}","templated":true}]}}