{"id":105620,"date":"2025-12-02T10:44:08","date_gmt":"2025-12-02T10:44:08","guid":{"rendered":"https:\/\/www.europesays.com\/fi\/105620\/"},"modified":"2025-12-02T10:44:08","modified_gmt":"2025-12-02T10:44:08","slug":"janne-ojala-nousi-pirkanmaan-perussuomalaisten-piirin-puheenjohtajaksi","status":"publish","type":"post","link":"https:\/\/www.europesays.com\/fi\/105620\/","title":{"rendered":"Janne Ojala nousi Pirkanmaan perussuomalaisten piirin puheenjohtajaksi"},"content":{"rendered":"<p>53-vuotias Ojala on muun muassa Kihni\u00f6n kunnanhallituksen varapuheenjohtaja.<\/p>\n<p class=\"article-body mb-nof-24 px-nof-16\">Aamulehti<\/p>\n<p class=\"article-body mb-nof-24 px-nof-16\">Pirkanmaan perussuomalaisten piiri valitsi uudeksi puheenjohtajakseen kihni\u00f6l\u00e4isen <a class=\"article-personlink\" href=\"https:\/\/www.aamulehti.fi\/haku\/?query=Janne%20Ojalan\" rel=\"nofollow noopener\" target=\"_blank\">Janne Ojalan<\/a>. 53-vuotias Ojala on pitk\u00e4n linjan perussuomalainen vaikuttaja ja on muun muassa Kihni\u00f6n kunnanhallituksen varapuheenjohtaja.<\/p>\n<p class=\"article-body mb-nof-24 px-nof-16\">\u201cOlen kiitollinen saamastani luottamuksesta. Pirkanmaalla on vahvat perinteet ja kannatus perussuomalaiselle aatteelle. Odotan innolla, ett\u00e4 p\u00e4\u00e4sen uutena puheenjohtajana luotsaamaan piiri\u00e4. Mottonani onkin, ett\u00e4 Pirkanmaa ei vain seuraa, Pirkanmaa johtaa\u201d, Ojala kertoo tiedotteessa.<\/p>\n<p class=\"article-body mb-nof-24 px-nof-16\">V\u00e4istyv\u00e4 puheenjohtaja <a class=\"article-personlink\" href=\"https:\/\/www.aamulehti.fi\/haku\/?query=Sami%20Kym%C3%A4l%C3%A4inen\" rel=\"nofollow noopener\" target=\"_blank\">Sami Kym\u00e4l\u00e4inen<\/a> kiitt\u00e4\u00e4 piiri\u00e4 kuluneista nelj\u00e4st\u00e4 vuodesta.<\/p>\n<p class=\"article-body mb-nof-24 px-nof-16\">\u201cOnnittelut Jannelle. Nyt oli aika vaihtaa puheenjohtajaa ja siirryn uusien haasteiden pariin j\u00e4tt\u00e4en piirin hyviin k\u00e4siin. Perussuomalaisten Pirkanmaan piiri jatkaa yhten\u00e4isen\u00e4 ja vahvana kohti 2027 eduskuntavaaleja.\u201d<\/p>\n","protected":false},"excerpt":{"rendered":"53-vuotias Ojala on muun muassa Kihni\u00f6n kunnanhallituksen varapuheenjohtaja. Aamulehti Pirkanmaan perussuomalaisten piiri valitsi uudeksi puheenjohtajakseen kihni\u00f6l\u00e4isen Janne Ojalan.&hellip;\n","protected":false},"author":2,"featured_media":105621,"comment_status":"","ping_status":"","sticky":false,"template":"","format":"standard","meta":{"footnotes":""},"categories":[5],"tags":[157,22,23,26,27,33,31,30,17,24,25,28,29,15,18,21,32,19,20,16],"class_list":{"0":"post-105620","1":"post","2":"type-post","3":"status-publish","4":"format-standard","5":"has-post-thumbnail","7":"category-otsikot","8":"tag-aamulehti","9":"tag-breaking-news","10":"tag-breakingnews","11":"tag-featured-news","12":"tag-featurednews","13":"tag-fi","14":"tag-finland","15":"tag-finnish","16":"tag-headlines","17":"tag-latest-news","18":"tag-latestnews","19":"tag-main-news","20":"tag-mainnews","21":"tag-news","22":"tag-otsikot","23":"tag-paauutiset","24":"tag-suomi","25":"tag-top-stories","26":"tag-topstories","27":"tag-uutiset"},"share_on_mastodon":{"url":"https:\/\/pubeurope.com\/@fi\/115649567968702938","error":""},"_links":{"self":[{"href":"https:\/\/www.europesays.com\/fi\/wp-json\/wp\/v2\/posts\/105620","targetHints":{"allow":["GET"]}}],"collection":[{"href":"https:\/\/www.europesays.com\/fi\/wp-json\/wp\/v2\/posts"}],"about":[{"href":"https:\/\/www.europesays.com\/fi\/wp-json\/wp\/v2\/types\/post"}],"author":[{"embeddable":true,"href":"https:\/\/www.europesays.com\/fi\/wp-json\/wp\/v2\/users\/2"}],"replies":[{"embeddable":true,"href":"https:\/\/www.europesays.com\/fi\/wp-json\/wp\/v2\/comments?post=105620"}],"version-history":[{"count":0,"href":"https:\/\/www.europesays.com\/fi\/wp-json\/wp\/v2\/posts\/105620\/revisions"}],"wp:featuredmedia":[{"embeddable":true,"href":"https:\/\/www.europesays.com\/fi\/wp-json\/wp\/v2\/media\/105621"}],"wp:attachment":[{"href":"https:\/\/www.europesays.com\/fi\/wp-json\/wp\/v2\/media?parent=105620"}],"wp:term":[{"taxonomy":"category","embeddable":true,"href":"https:\/\/www.europesays.com\/fi\/wp-json\/wp\/v2\/categories?post=105620"},{"taxonomy":"post_tag","embeddable":true,"href":"https:\/\/www.europesays.com\/fi\/wp-json\/wp\/v2\/tags?post=105620"}],"curies":[{"name":"wp","href":"https:\/\/api.w.org\/{rel}","templated":true}]}}