{"id":105629,"date":"2025-12-02T11:07:10","date_gmt":"2025-12-02T11:07:10","guid":{"rendered":"https:\/\/www.europesays.com\/fi\/105629\/"},"modified":"2025-12-02T11:07:10","modified_gmt":"2025-12-02T11:07:10","slug":"datalla-energiansaastoa-hanke-hakee-toteuttajaa-energiansaastodatan-jakamisen-ratkaisulle","status":"publish","type":"post","link":"https:\/\/www.europesays.com\/fi\/105629\/","title":{"rendered":"Datalla energians\u00e4\u00e4st\u00f6\u00e4 -hanke hakee toteuttajaa energians\u00e4\u00e4st\u00f6datan jakamisen ratkaisulle"},"content":{"rendered":"<p><strong>Datalla energians\u00e4\u00e4st\u00f6\u00e4 \u2013 <img loading=\"lazy\" data-lazyloaded=\"1\" decoding=\"async\" class=\"wp-image-31139 alignright\" src=\"https:\/\/www.europesays.com\/fi\/wp-content\/uploads\/2025\/12\/eakr-logo-musta-300x300.png\" alt=\"\" width=\"118\" height=\"118\"  data-\/><\/strong><br \/><strong>Energians\u00e4\u00e4st\u00f6\u00e4 datalla is\u00e4nn\u00f6inti- ja kiinteist\u00f6palveluissa<\/strong><\/p>\n<p><img loading=\"lazy\" data-lazyloaded=\"1\" decoding=\"async\" class=\"wp-image-30347 alignleft\" src=\"https:\/\/www.europesays.com\/fi\/wp-content\/uploads\/2025\/12\/FI_Co-fundedbytheEU_RGB_POS-300x71.png\" alt=\"\" width=\"199\" height=\"47\"  data-\/><\/p>\n<p><img loading=\"lazy\" data-lazyloaded=\"1\" decoding=\"async\" class=\"wp-image-31469 alignnone\" src=\"https:\/\/www.europesays.com\/fi\/wp-content\/uploads\/2025\/12\/ELY_LA01_Logo___FI_B3___RGB_web-300x105.jpg\" alt=\"\" width=\"131\" height=\"46\"  data-\/><\/p>\n<p><strong>Hankkeen kesto:<\/strong><br \/>1.6.2025\u201330.9.2027<\/p>\n<p><strong>Ryhm\u00e4hankkeen toteuttajat:<\/strong><br \/>P\u00e4\u00e4hankkeen toteuttaja: TIEKE<br \/>Osahankkeen toteuttajat: KIRAHub, Ty\u00f6terveyslaitos<\/p>\n<p><strong>Rahoittaja:<\/strong><br \/>Hanketta osarahoittaa Euroopan aluekehitysrahasto (EAKR). Rahoitus on Pohjois-Pohjanmaan ELY-keskuksen my\u00f6nt\u00e4m\u00e4.<\/p>\n<p><strong>Lis\u00e4tiedot:<\/strong><br \/>TIEKE: hankkeen projektip\u00e4\u00e4llikk\u00f6\u00a0<a href=\"https:\/\/tieke.fi\/ihmiset\/marko-mikkonen\/\" rel=\"nofollow noopener\" target=\"_blank\">Marko Mikkonen<\/a><br \/>KIRAHub: toimitusjohtaja Teemu Lehtinen,\u00a0<a href=\"https:\/\/tieke.fi\/datalla-energiansaastoa-hanke-hakee-toteuttajaa-energiansaastodatan-jakamisen-ratkaisulle\/mailto:teemu@kirahub.org\" rel=\"nofollow noopener\" target=\"_blank\">teemu@kirahub.org<\/a><br \/>Ty\u00f6terveyslaitos: kehitt\u00e4misp\u00e4\u00e4llikk\u00f6 Tiina Heusala,\u00a0<a href=\"https:\/\/tieke.fi\/datalla-energiansaastoa-hanke-hakee-toteuttajaa-energiansaastodatan-jakamisen-ratkaisulle\/mailto:tiina.heusala@ttl.fi\" rel=\"nofollow noopener\" target=\"_blank\">tiina.heusala@ttl.fi<\/a><\/p>\n","protected":false},"excerpt":{"rendered":"Datalla energians\u00e4\u00e4st\u00f6\u00e4 \u2013 Energians\u00e4\u00e4st\u00f6\u00e4 datalla is\u00e4nn\u00f6inti- ja kiinteist\u00f6palveluissa Hankkeen kesto:1.6.2025\u201330.9.2027 Ryhm\u00e4hankkeen toteuttajat:P\u00e4\u00e4hankkeen toteuttaja: TIEKEOsahankkeen toteuttajat: KIRAHub, Ty\u00f6terveyslaitos Rahoittaja:Hanketta&hellip;\n","protected":false},"author":2,"featured_media":105630,"comment_status":"","ping_status":"","sticky":false,"template":"","format":"standard","meta":{"footnotes":""},"categories":[76],"tags":[79,77,33,31,30,32,78],"class_list":{"0":"post-105629","1":"post","2":"type-post","3":"status-publish","4":"format-standard","5":"has-post-thumbnail","7":"category-talous","8":"tag-business","9":"tag-economy","10":"tag-fi","11":"tag-finland","12":"tag-finnish","13":"tag-suomi","14":"tag-talous"},"share_on_mastodon":{"url":"https:\/\/pubeurope.com\/@fi\/115649658737781773","error":""},"_links":{"self":[{"href":"https:\/\/www.europesays.com\/fi\/wp-json\/wp\/v2\/posts\/105629","targetHints":{"allow":["GET"]}}],"collection":[{"href":"https:\/\/www.europesays.com\/fi\/wp-json\/wp\/v2\/posts"}],"about":[{"href":"https:\/\/www.europesays.com\/fi\/wp-json\/wp\/v2\/types\/post"}],"author":[{"embeddable":true,"href":"https:\/\/www.europesays.com\/fi\/wp-json\/wp\/v2\/users\/2"}],"replies":[{"embeddable":true,"href":"https:\/\/www.europesays.com\/fi\/wp-json\/wp\/v2\/comments?post=105629"}],"version-history":[{"count":0,"href":"https:\/\/www.europesays.com\/fi\/wp-json\/wp\/v2\/posts\/105629\/revisions"}],"wp:featuredmedia":[{"embeddable":true,"href":"https:\/\/www.europesays.com\/fi\/wp-json\/wp\/v2\/media\/105630"}],"wp:attachment":[{"href":"https:\/\/www.europesays.com\/fi\/wp-json\/wp\/v2\/media?parent=105629"}],"wp:term":[{"taxonomy":"category","embeddable":true,"href":"https:\/\/www.europesays.com\/fi\/wp-json\/wp\/v2\/categories?post=105629"},{"taxonomy":"post_tag","embeddable":true,"href":"https:\/\/www.europesays.com\/fi\/wp-json\/wp\/v2\/tags?post=105629"}],"curies":[{"name":"wp","href":"https:\/\/api.w.org\/{rel}","templated":true}]}}