{"id":105631,"date":"2025-12-02T11:08:08","date_gmt":"2025-12-02T11:08:08","guid":{"rendered":"https:\/\/www.europesays.com\/fi\/105631\/"},"modified":"2025-12-02T11:08:08","modified_gmt":"2025-12-02T11:08:08","slug":"ukraina-kiisti-pokrovskin-valtauksen-armeijan-mukaan-kaupunkitaistelut-jatkuvat","status":"publish","type":"post","link":"https:\/\/www.europesays.com\/fi\/105631\/","title":{"rendered":"Ukraina kiisti Pokrovskin valtauksen, armeijan mukaan kaupunkitaistelut jatkuvat"},"content":{"rendered":"<p><strong class=\"typography-bold\">Ukraina kiist\u00e4\u00e4 Ven\u00e4j\u00e4n v\u00e4itteet tilanteesta Pokrovskissa.<\/strong><\/p>\n<p>Ukrainan asevoimat kiist\u00e4\u00e4, ett\u00e4 Ven\u00e4j\u00e4 olisi vallannut Ukrainan it\u00e4osassa sijaitsevan Pokrovskin kaupungin. Ukrainan it\u00e4rintaman sotilasjohto kirjoittaa sosiaalisessa mediassa, ett\u00e4 kaupunkitaistelut Pokrovskissa jatkuvat.<\/p>\n<p>Ukrainan sotilasjohdon mukaan kaupungin keskustaan tunkeutuneet ven\u00e4l\u00e4isjoukot on saatu karkotettua.<\/p>\n<p>Ven\u00e4j\u00e4 v\u00e4itti aikaisemmin vallanneensa kaupungin. Donetskin alueella sijaitseva kaupunki on ollut ven\u00e4l\u00e4isjoukkojen hy\u00f6kk\u00e4yksen kohteena jo yli vuoden.<\/p>\n<p>Ukraina l\u00e4hetti marraskuussa muun muassa erikoisjoukkoja puolustamaan kaupunkia.<\/p>\n<p><strong class=\"typography-bold\">Lue my\u00f6s: <\/strong><a class=\"underline\" data-testid=\"internal-link\" role=\"link\" data-sentry-element=\"Link\" data-sentry-component=\"InternalLink\" data-sentry-source-file=\"InternalLink.tsx\" href=\"https:\/\/www.mtvuutiset.fi\/artikkeli\/paaministeri-orpo-en-tieda-miksi-suomi-mainittiin-usa-n-ukrainan-rauhansuunnitelmassa\/9264018\" rel=\"nofollow noopener\" target=\"_blank\"><strong class=\"typography-bold\">P\u00e4\u00e4ministeri Orpo: Suomi ei ole valmis antamaan Ukrainalle turvatakuita<\/strong><\/a><a class=\"underline\" data-testid=\"internal-link\" role=\"link\" data-sentry-element=\"Link\" data-sentry-component=\"InternalLink\" data-sentry-source-file=\"InternalLink.tsx\" href=\"https:\/\/www.mtvuutiset.fi\/artikkeli\/kreml-vahvisti-putin-ja-witkoff-tapaavat-huomenna\/9263630\" rel=\"nofollow noopener\" target=\"_blank\"><strong class=\"typography-bold\">Kreml vahvisti: Witkoff puhuu Putinin kanssa<\/strong><\/a><\/p>\n","protected":false},"excerpt":{"rendered":"Ukraina kiist\u00e4\u00e4 Ven\u00e4j\u00e4n v\u00e4itteet tilanteesta Pokrovskissa. Ukrainan asevoimat kiist\u00e4\u00e4, ett\u00e4 Ven\u00e4j\u00e4 olisi vallannut Ukrainan it\u00e4osassa sijaitsevan Pokrovskin kaupungin.&hellip;\n","protected":false},"author":2,"featured_media":105632,"comment_status":"","ping_status":"","sticky":false,"template":"","format":"standard","meta":{"footnotes":""},"categories":[14],"tags":[22,23,26,27,33,31,30,17,24,25,28,29,15,18,21,32,19,20,56,16,59,60,61],"class_list":{"0":"post-105631","1":"post","2":"type-post","3":"status-publish","4":"format-standard","5":"has-post-thumbnail","7":"category-ulkomaat","8":"tag-breaking-news","9":"tag-breakingnews","10":"tag-featured-news","11":"tag-featurednews","12":"tag-fi","13":"tag-finland","14":"tag-finnish","15":"tag-headlines","16":"tag-latest-news","17":"tag-latestnews","18":"tag-main-news","19":"tag-mainnews","20":"tag-news","21":"tag-otsikot","22":"tag-paauutiset","23":"tag-suomi","24":"tag-top-stories","25":"tag-topstories","26":"tag-ulkomaat","27":"tag-uutiset","28":"tag-world","29":"tag-world-news","30":"tag-worldnews"},"share_on_mastodon":{"url":"https:\/\/pubeurope.com\/@fi\/115649662443616911","error":""},"_links":{"self":[{"href":"https:\/\/www.europesays.com\/fi\/wp-json\/wp\/v2\/posts\/105631","targetHints":{"allow":["GET"]}}],"collection":[{"href":"https:\/\/www.europesays.com\/fi\/wp-json\/wp\/v2\/posts"}],"about":[{"href":"https:\/\/www.europesays.com\/fi\/wp-json\/wp\/v2\/types\/post"}],"author":[{"embeddable":true,"href":"https:\/\/www.europesays.com\/fi\/wp-json\/wp\/v2\/users\/2"}],"replies":[{"embeddable":true,"href":"https:\/\/www.europesays.com\/fi\/wp-json\/wp\/v2\/comments?post=105631"}],"version-history":[{"count":0,"href":"https:\/\/www.europesays.com\/fi\/wp-json\/wp\/v2\/posts\/105631\/revisions"}],"wp:featuredmedia":[{"embeddable":true,"href":"https:\/\/www.europesays.com\/fi\/wp-json\/wp\/v2\/media\/105632"}],"wp:attachment":[{"href":"https:\/\/www.europesays.com\/fi\/wp-json\/wp\/v2\/media?parent=105631"}],"wp:term":[{"taxonomy":"category","embeddable":true,"href":"https:\/\/www.europesays.com\/fi\/wp-json\/wp\/v2\/categories?post=105631"},{"taxonomy":"post_tag","embeddable":true,"href":"https:\/\/www.europesays.com\/fi\/wp-json\/wp\/v2\/tags?post=105631"}],"curies":[{"name":"wp","href":"https:\/\/api.w.org\/{rel}","templated":true}]}}