{"id":105634,"date":"2025-12-02T11:10:08","date_gmt":"2025-12-02T11:10:08","guid":{"rendered":"https:\/\/www.europesays.com\/fi\/105634\/"},"modified":"2025-12-02T11:10:08","modified_gmt":"2025-12-02T11:10:08","slug":"raju-vaite-tayskaannos-venalaishiihtajat-paasevat-mukaan-olympialaisiin","status":"publish","type":"post","link":"https:\/\/www.europesays.com\/fi\/105634\/","title":{"rendered":"Raju v\u00e4ite: T\u00e4ysk\u00e4\u00e4nn\u00f6s! Ven\u00e4l\u00e4ishiiht\u00e4j\u00e4t p\u00e4\u00e4sev\u00e4t mukaan olympialaisiin"},"content":{"rendered":"<p>Ven\u00e4j\u00e4n urheiluministerin mukaan maan valitus on hyv\u00e4ksytty.<\/p>\n<p class=\"article-body mb-nof-24 px-nof-16\">Urheilun kansainv\u00e4linen v\u00e4limiesoikeus Cas sallii ven\u00e4l\u00e4isten hiihtolajien urheilijoiden kilpailla helmikuun talviolympialaisissa neutraaleina urheilijoina, sanoo Ven\u00e4j\u00e4n urheiluministeri <a class=\"article-personlink\" href=\"https:\/\/www.is.fi\/haku\/?query=Mihail%20Degtjarjov\" rel=\"nofollow noopener\" target=\"_blank\">Mihail Degtjarjov<\/a>.<\/p>\n<p class=\"article-body mb-nof-24 px-nof-16\">Ven\u00e4l\u00e4ismedian mukaan Degtjarjov kertoo asiasta Telegram-tilill\u00e4\u00e4n. Cas ei ole tiedottanut viel\u00e4 p\u00e4\u00e4t\u00f6ksest\u00e4\u00e4n.<\/p>\n<p class=\"article-body mb-nof-24 px-nof-16\">Kansainv\u00e4linen hiihtoliitto Fis p\u00e4\u00e4tti lokakuussa jatkaa ven\u00e4l\u00e4ishiiht\u00e4jien pannaa, koska maa k\u00e4y hy\u00f6kk\u00e4yssotaa Ukrainassa. Ven\u00e4j\u00e4 kuitenkin valitti Casiin ja Degtjarjovin mukaan voitti juttunsa.<\/p>\n<p class=\"article-body mb-nof-24 px-nof-16\">\u2013\u2009Nyt Fisin on pakko sallia ven\u00e4l\u00e4isurheilijoiden kilpaileminen kansainv\u00e4lisesti, Degtjarjov kirjoitti <a class=\"article-genericlink\" href=\"https:\/\/www.sport-express.ru\/skiing\/news\/rossiya-vyigrala-isk-v-cas-k-mezhdunarodnoy-federacii-lyzhnogo-sporta-i-snouborda-2380490\/\" rel=\"nofollow noopener\" target=\"_blank\">Sport-Expressin <\/a>mukaan.<\/p>\n<p class=\"article-body mb-nof-24 px-nof-16\">Degtjartovin mukaan Casin p\u00e4\u00e4t\u00f6s koskee kaikkia kansainv\u00e4lisi\u00e4 kilpailuja mukaan lukien Milanossa ja Cortina d\u2019Ampezzossa helmikuussa 2026 j\u00e4rjestett\u00e4v\u00e4t talviolympialaiset sek\u00e4 maaliskuun 2026 talviparalympialaiset.<\/p>\n<p class=\"article-body mb-nof-24 px-nof-16\">Pekingin talviolympialaisissa vuonna 2022 ven\u00e4l\u00e4iset maastohiiht\u00e4j\u00e4t saavuttivat 11 mitalia, enemm\u00e4n kuin mink\u00e4\u00e4n muun maan hiiht\u00e4j\u00e4t.<\/p>\n","protected":false},"excerpt":{"rendered":"Ven\u00e4j\u00e4n urheiluministerin mukaan maan valitus on hyv\u00e4ksytty. Urheilun kansainv\u00e4linen v\u00e4limiesoikeus Cas sallii ven\u00e4l\u00e4isten hiihtolajien urheilijoiden kilpailla helmikuun talviolympialaisissa&hellip;\n","protected":false},"author":2,"featured_media":105635,"comment_status":"","ping_status":"","sticky":false,"template":"","format":"standard","meta":{"footnotes":""},"categories":[5],"tags":[22,23,26,27,33,31,30,17,34,24,25,28,29,15,18,21,32,19,20,16],"class_list":{"0":"post-105634","1":"post","2":"type-post","3":"status-publish","4":"format-standard","5":"has-post-thumbnail","7":"category-otsikot","8":"tag-breaking-news","9":"tag-breakingnews","10":"tag-featured-news","11":"tag-featurednews","12":"tag-fi","13":"tag-finland","14":"tag-finnish","15":"tag-headlines","16":"tag-ilta-sanomat","17":"tag-latest-news","18":"tag-latestnews","19":"tag-main-news","20":"tag-mainnews","21":"tag-news","22":"tag-otsikot","23":"tag-paauutiset","24":"tag-suomi","25":"tag-top-stories","26":"tag-topstories","27":"tag-uutiset"},"share_on_mastodon":{"url":"https:\/\/pubeurope.com\/@fi\/115649670215287552","error":""},"_links":{"self":[{"href":"https:\/\/www.europesays.com\/fi\/wp-json\/wp\/v2\/posts\/105634","targetHints":{"allow":["GET"]}}],"collection":[{"href":"https:\/\/www.europesays.com\/fi\/wp-json\/wp\/v2\/posts"}],"about":[{"href":"https:\/\/www.europesays.com\/fi\/wp-json\/wp\/v2\/types\/post"}],"author":[{"embeddable":true,"href":"https:\/\/www.europesays.com\/fi\/wp-json\/wp\/v2\/users\/2"}],"replies":[{"embeddable":true,"href":"https:\/\/www.europesays.com\/fi\/wp-json\/wp\/v2\/comments?post=105634"}],"version-history":[{"count":0,"href":"https:\/\/www.europesays.com\/fi\/wp-json\/wp\/v2\/posts\/105634\/revisions"}],"wp:featuredmedia":[{"embeddable":true,"href":"https:\/\/www.europesays.com\/fi\/wp-json\/wp\/v2\/media\/105635"}],"wp:attachment":[{"href":"https:\/\/www.europesays.com\/fi\/wp-json\/wp\/v2\/media?parent=105634"}],"wp:term":[{"taxonomy":"category","embeddable":true,"href":"https:\/\/www.europesays.com\/fi\/wp-json\/wp\/v2\/categories?post=105634"},{"taxonomy":"post_tag","embeddable":true,"href":"https:\/\/www.europesays.com\/fi\/wp-json\/wp\/v2\/tags?post=105634"}],"curies":[{"name":"wp","href":"https:\/\/api.w.org\/{rel}","templated":true}]}}