{"id":105636,"date":"2025-12-02T11:22:08","date_gmt":"2025-12-02T11:22:08","guid":{"rendered":"https:\/\/www.europesays.com\/fi\/105636\/"},"modified":"2025-12-02T11:22:08","modified_gmt":"2025-12-02T11:22:08","slug":"peltsi-ja-osmo-peltola-ihastuttivat-televisiossa","status":"publish","type":"post","link":"https:\/\/www.europesays.com\/fi\/105636\/","title":{"rendered":"Peltsi ja Osmo Peltola ihastuttivat televisiossa"},"content":{"rendered":"<p>Mikko ja Osmo Peltolalta pyydet\u00e4\u00e4n nyt nimikirjoituksia kaupungilla.<\/p>\n<p class=\"article-body mb-nof-24 px-nof-16\">Televisiossa Peltsi ja Osmo -retkeilysarjallaan ihastuttaneet <a class=\"article-personlink\" href=\"https:\/\/www.is.fi\/haku\/?query=Mikko%20%E2%80%9DPeltsi%E2%80%9D%20Peltola\" rel=\"nofollow noopener\" target=\"_blank\">Mikko \u201dPeltsi\u201d Peltola<\/a> ja <a class=\"article-personlink\" href=\"https:\/\/www.is.fi\/haku\/?query=Osmo%20Peltola\" rel=\"nofollow noopener\" target=\"_blank\">Osmo Peltola<\/a> vierailivat maanantaina 1.12. Ylen Puoli seitsem\u00e4n -ohjelmassa.<\/p>\n<p class=\"article-body mb-nof-24 px-nof-16\">Osmo Peltola kertoi ohjelmassa, ett\u00e4 tv-t\u00e4hteys on tuntunut hyv\u00e4lt\u00e4. Se, ett\u00e4 ihmiset pyyt\u00e4v\u00e4t nimikirjoituksia, on kivaa. Mikko Peltola kertoi samalla hiljattain tapahtuneesta kohtaamisesta uimahallissa.<\/p>\n<p class=\"article-body mb-nof-24 px-nof-16\">\u2013 Pari tytt\u00f6\u00f6 tulee pyyt\u00e4\u00e4 nimikirjotusta sinne altaan reunalle, ja ne antaa mulle ensimm\u00e4isen\u00e4 servetin, mill\u00e4 m\u00e4 pyyhin k\u00e4det, et on kato kuiva, Peltola kertoi.<\/p>\n<p class=\"article-body mb-nof-24 px-nof-16\">Kirjoittaessaan nimikirjoitustaan h\u00e4n huomasi, ett\u00e4 paperissa oli jo Osmon nimikirjoitus.<\/p>\n<p class=\"article-body mb-nof-24 px-nof-16\">\u2013 H\u00e4n oli eri altaassa, Peltola naurahti.<\/p>\n<p class=\"article-body mb-nof-24 px-nof-16\">Puoli seitsem\u00e4n -ohjelman Instagram-tilille on julkaistu kuva kaksikon vierailusta. Vierasvalinta vaikuttaa ilahduttaneen my\u00f6s katsojia.<\/p>\n<p class=\"article-body mb-nof-24 px-nof-16\">\u2013 Ihanat vieraat taas. Parhaat t\u00e4h\u00e4n asti. Peltsi ja Osmo, niin upea is\u00e4 ja poika, er\u00e4s k\u00e4ytt\u00e4j\u00e4 hehkuttaa.<\/p>\n<p class=\"article-body mb-nof-24 px-nof-16\">\u2013 Ihanat Peltsi ja Osmo, niin kannustava parivaljakko, toinen k\u00e4ytt\u00e4j\u00e4 kommentoi.<\/p>\n<p class=\"article-body mb-nof-24 px-nof-16\">\u2013 Osmo ja Peltsi saavat aina hyv\u00e4lle tuulelle, joku kirjoittaa.<\/p>\n<p class=\"article-body mb-nof-24 px-nof-16\">\u2013 Hienot vieraat hyv\u00e4ss\u00e4 ohjelmassa. Yksi huomautus, is\u00e4 voisi ottaa oppia ryhdikk\u00e4\u00e4sti istuvasta pojastaan, joku kommentoi pilke silm\u00e4kulmassa.<\/p>\n<p class=\"article-body mb-nof-24 px-nof-16\">\u2013 Meid\u00e4n lastenlasten suosikit, katsotaan aina heit\u00e4, kun pojat ovat meill\u00e4 ja haluavat katsoa telkkaria, er\u00e4s kommentoija ihastelee.<\/p>\n<p class=\"article-body mb-nof-24 px-nof-16\">Kaksikko on pokannut rakastetusta retkeilysarjastaan runsaasti palkintoja. Viimeisimp\u00e4n\u00e4 heille my\u00f6nnettiin marraskuussa Kirkkohallituksen jakama John Vikstr\u00f6m -liikuttajapalkinto.<\/p>\n<p class=\"article-body mb-nof-24 px-nof-16\">Lue lis\u00e4\u00e4: <a class=\"article-genericlink\" href=\"https:\/\/www.is.fi\/viihde\/art-2000011626239.html\" rel=\"nofollow noopener\" target=\"_blank\">Peltsi ja Osmo Peltola palkittiin \u2013 Kari Kanalalta koskettavat sanat: \u201dTe teitte historiaa\u201d<\/a><\/p>\n<p class=\"article-body mb-nof-24 px-nof-16\">Aikaisemmin he ovat saaneet Vuoden ulkoiluteko -palkinnon ja Suomen Ladun Vuoden liikuttaja -palkinnon. Tammikuussa mainetta satoi Kultainen Venla -gaalassa, sill\u00e4 sarjassa hurmannut 13-vuotias Osmo Peltola valittiin yleis\u00f6\u00e4\u00e4nestyksell\u00e4 vuoden esiintyj\u00e4ksi.<\/p>\n<p class=\"article-body mb-nof-24 px-nof-16\">Osmon ja h\u00e4nen is\u00e4ns\u00e4 t\u00e4hditt\u00e4m\u00e4 Peltsi ja Osmo -sarja palkittiin my\u00f6s parhaana ohjelmana yleis\u00f6\u00e4\u00e4nestyksess\u00e4.<\/p>\n","protected":false},"excerpt":{"rendered":"Mikko ja Osmo Peltolalta pyydet\u00e4\u00e4n nyt nimikirjoituksia kaupungilla. Televisiossa Peltsi ja Osmo -retkeilysarjallaan ihastuttaneet Mikko \u201dPeltsi\u201d Peltola ja&hellip;\n","protected":false},"author":2,"featured_media":105637,"comment_status":"","ping_status":"","sticky":false,"template":"","format":"standard","meta":{"footnotes":""},"categories":[136],"tags":[407,137,33,31,30,34,408,32,109],"class_list":{"0":"post-105636","1":"post","2":"type-post","3":"status-publish","4":"format-standard","5":"has-post-thumbnail","7":"category-julkkikset","8":"tag-celebrities","9":"tag-entertainment","10":"tag-fi","11":"tag-finland","12":"tag-finnish","13":"tag-ilta-sanomat","14":"tag-julkkikset","15":"tag-suomi","16":"tag-viihde"},"share_on_mastodon":{"url":"https:\/\/pubeurope.com\/@fi\/115649717470083751","error":""},"_links":{"self":[{"href":"https:\/\/www.europesays.com\/fi\/wp-json\/wp\/v2\/posts\/105636","targetHints":{"allow":["GET"]}}],"collection":[{"href":"https:\/\/www.europesays.com\/fi\/wp-json\/wp\/v2\/posts"}],"about":[{"href":"https:\/\/www.europesays.com\/fi\/wp-json\/wp\/v2\/types\/post"}],"author":[{"embeddable":true,"href":"https:\/\/www.europesays.com\/fi\/wp-json\/wp\/v2\/users\/2"}],"replies":[{"embeddable":true,"href":"https:\/\/www.europesays.com\/fi\/wp-json\/wp\/v2\/comments?post=105636"}],"version-history":[{"count":0,"href":"https:\/\/www.europesays.com\/fi\/wp-json\/wp\/v2\/posts\/105636\/revisions"}],"wp:featuredmedia":[{"embeddable":true,"href":"https:\/\/www.europesays.com\/fi\/wp-json\/wp\/v2\/media\/105637"}],"wp:attachment":[{"href":"https:\/\/www.europesays.com\/fi\/wp-json\/wp\/v2\/media?parent=105636"}],"wp:term":[{"taxonomy":"category","embeddable":true,"href":"https:\/\/www.europesays.com\/fi\/wp-json\/wp\/v2\/categories?post=105636"},{"taxonomy":"post_tag","embeddable":true,"href":"https:\/\/www.europesays.com\/fi\/wp-json\/wp\/v2\/tags?post=105636"}],"curies":[{"name":"wp","href":"https:\/\/api.w.org\/{rel}","templated":true}]}}