{"id":105638,"date":"2025-12-02T11:26:07","date_gmt":"2025-12-02T11:26:07","guid":{"rendered":"https:\/\/www.europesays.com\/fi\/105638\/"},"modified":"2025-12-02T11:26:07","modified_gmt":"2025-12-02T11:26:07","slug":"il-battle-beastin-keikka-keskeytyi-traagisesti-hirvea-tilanne","status":"publish","type":"post","link":"https:\/\/www.europesays.com\/fi\/105638\/","title":{"rendered":"IL: Battle Beastin keikka keskeytyi traagisesti &#8211; &#8221;Hirve\u00e4 tilanne&#8221;"},"content":{"rendered":"<p><strong>Battle Beastin<\/strong> keikka Slovakian p\u00e4\u00e4kaupungissa Bratislavassa 1. joulukuuta jouduttiin keskeytt\u00e4m\u00e4\u00e4n kahden soitetun biisin j\u00e4lkeen yleis\u00f6ss\u00e4 olleen miehen saatua sairaskohtauksen. Asiasta uutisoi ensimm\u00e4isen\u00e4 <a href=\"https:\/\/www.iltalehti.fi\/viihdeuutiset\/a\/b46e8283-d820-4b92-90b6-3a1584c22ff5\" target=\"_blank\" rel=\"noreferrer noopener nofollow\">Iltalehti<\/a>.<\/p>\n<p>Paikalla ollut suomalaisfani <strong>Kalle Pesonen<\/strong> kertoi Iltalehdelle ensiavun saapuneen ripe\u00e4sti ja aloittaneen elvytyksen heti. Yli puoli tuntia kest\u00e4neest\u00e4 elvytyksest\u00e4 huolimatta mies menehtyi. Keikkaa ei jatkettu.<\/p>\n<p>\u201dAivan hirve\u00e4 tilanne. Kamalinta mit\u00e4 olen joutunut koskaan kokemaan\u201d, Pesonen kommentoi Iltalehdelle.<\/p>\n<p>\u201dPit\u00e4\u00e4 valitettavasti paikkansa. Kyseess\u00e4 oli yleis\u00f6n edustaja\u201d, Battle Beastin basisti Eero Sipil\u00e4 vahvisti Iltalehdelle.<\/p>\n<p>\u201dTapahtuman promoottori antoi lavalle tiedon sairaustapauksesta yleis\u00f6ss\u00e4 soitettuamme kaksi biisi\u00e4. T\u00e4m\u00e4n j\u00e4lkeen keskeytimme heti keikan antaaksemme hoitohenkil\u00f6kunnalle parhaan mahdollisen ty\u00f6rauhan.\u201d<\/p>\n<p>Lue Iltalehden juttu <a href=\"https:\/\/www.iltalehti.fi\/viihdeuutiset\/a\/b46e8283-d820-4b92-90b6-3a1584c22ff5\" target=\"_blank\" rel=\"noreferrer noopener nofollow\">t\u00e4\u00e4lt\u00e4<\/a>.<\/p>\n","protected":false},"excerpt":{"rendered":"Battle Beastin keikka Slovakian p\u00e4\u00e4kaupungissa Bratislavassa 1. joulukuuta jouduttiin keskeytt\u00e4m\u00e4\u00e4n kahden soitetun biisin j\u00e4lkeen yleis\u00f6ss\u00e4 olleen miehen saatua&hellip;\n","protected":false},"author":2,"featured_media":105639,"comment_status":"","ping_status":"","sticky":false,"template":"","format":"standard","meta":{"footnotes":""},"categories":[132],"tags":[137,33,31,30,195,47,19908,32,109],"class_list":{"0":"post-105638","1":"post","2":"type-post","3":"status-publish","4":"format-standard","5":"has-post-thumbnail","7":"category-musiikki","8":"tag-entertainment","9":"tag-fi","10":"tag-finland","11":"tag-finnish","12":"tag-music","13":"tag-musiikki","14":"tag-sairaskohtaus","15":"tag-suomi","16":"tag-viihde"},"share_on_mastodon":{"url":"https:\/\/pubeurope.com\/@fi\/115649733255311367","error":""},"_links":{"self":[{"href":"https:\/\/www.europesays.com\/fi\/wp-json\/wp\/v2\/posts\/105638","targetHints":{"allow":["GET"]}}],"collection":[{"href":"https:\/\/www.europesays.com\/fi\/wp-json\/wp\/v2\/posts"}],"about":[{"href":"https:\/\/www.europesays.com\/fi\/wp-json\/wp\/v2\/types\/post"}],"author":[{"embeddable":true,"href":"https:\/\/www.europesays.com\/fi\/wp-json\/wp\/v2\/users\/2"}],"replies":[{"embeddable":true,"href":"https:\/\/www.europesays.com\/fi\/wp-json\/wp\/v2\/comments?post=105638"}],"version-history":[{"count":0,"href":"https:\/\/www.europesays.com\/fi\/wp-json\/wp\/v2\/posts\/105638\/revisions"}],"wp:featuredmedia":[{"embeddable":true,"href":"https:\/\/www.europesays.com\/fi\/wp-json\/wp\/v2\/media\/105639"}],"wp:attachment":[{"href":"https:\/\/www.europesays.com\/fi\/wp-json\/wp\/v2\/media?parent=105638"}],"wp:term":[{"taxonomy":"category","embeddable":true,"href":"https:\/\/www.europesays.com\/fi\/wp-json\/wp\/v2\/categories?post=105638"},{"taxonomy":"post_tag","embeddable":true,"href":"https:\/\/www.europesays.com\/fi\/wp-json\/wp\/v2\/tags?post=105638"}],"curies":[{"name":"wp","href":"https:\/\/api.w.org\/{rel}","templated":true}]}}