{"id":105640,"date":"2025-12-02T11:27:08","date_gmt":"2025-12-02T11:27:08","guid":{"rendered":"https:\/\/www.europesays.com\/fi\/105640\/"},"modified":"2025-12-02T11:27:08","modified_gmt":"2025-12-02T11:27:08","slug":"uuden-super-mario-elokuva-voi-nahda-suomessa-ennen-usan-ensi-iltaa","status":"publish","type":"post","link":"https:\/\/www.europesays.com\/fi\/105640\/","title":{"rendered":"Uuden Super Mario -elokuva voi n\u00e4hd\u00e4 Suomessa ennen USA:n ensi-iltaa"},"content":{"rendered":"<p>The Super Mario Galaxy Movie jatkaa vuoden 2023 j\u00e4ttihitti The Super Mario Bros Movien tarinaa.<\/p>\n<p>Finnkino on vahvistanut <a href=\"https:\/\/muropaketti.com\/avainsana\/the-super-mario-galaxy-movie\/\" rel=\"nofollow noopener\" target=\"_blank\">The Super Mario Galaxy Movien<\/a> saapuvan Suomen teattereihin p\u00e4iv\u00e4\u00e4 ennen USA:n ensi-iltaa. Super Marion uusia seikkailuita p\u00e4\u00e4see siis seuraamaan torstaista 2. huhtikuuta 2026 l\u00e4htien.<\/p>\n<p>Syy Super Marion varasl\u00e4ht\u00f6\u00f6n Suomessa lienee p\u00e4\u00e4si\u00e4inen, jota vietet\u00e4\u00e4n pitk\u00e4perjantaista 4. huhtikuuta l\u00e4htien.<\/p>\n<p>The Super Mario Galaxy Movien ohjaajina ovat The Super Mario Bros. Movie -elokuvasta tutut nimet, Aaron Horvath ja Michael Jelenic. Edellisen elokuvan tapaan k\u00e4sikirjoittajana on Matthew Fogel ja elokuvan musiikin on s\u00e4velt\u00e4nyt Brian Tyler.<\/p>\n<p>Alkuper\u00e4isversion \u00e4\u00e4nin\u00e4yttelij\u00f6in\u00e4 toimivat Chris Pratt, Anya Taylor-Joy, Charlie Day, Jack Black, Keegan-Michael Key, Benny Safdie, Kevin Michael Richardson ja Brie Larson.<\/p>\n<p><a href=\"https:\/\/muropaketti.com\/wp-content\/uploads\/2025\/12\/the-super-mario-galaxy-movie-2.jpg\" rel=\"nofollow noopener\" target=\"_blank\"><img fetchpriority=\"high\" decoding=\"async\" width=\"717\" height=\"1024\" alt=\"The Super Mario galaxy Movie\" class=\"wp-image-911071 awpo-lazy\" style=\"width:840px;height:auto\"  data- src=\"https:\/\/www.europesays.com\/fi\/wp-content\/uploads\/2025\/12\/the-super-mario-galaxy-movie-2-717x1024.jpg\"\/><\/a>Kuva: \u00a9 Nintendo and Universal Studios<\/p>\n","protected":false},"excerpt":{"rendered":"The Super Mario Galaxy Movie jatkaa vuoden 2023 j\u00e4ttihitti The Super Mario Bros Movien tarinaa. Finnkino on vahvistanut&hellip;\n","protected":false},"author":2,"featured_media":105641,"comment_status":"","ping_status":"","sticky":false,"template":"","format":"standard","meta":{"footnotes":""},"categories":[131],"tags":[155,137,33,173,31,30,172,32,17876,17718,9603,109],"class_list":{"0":"post-105640","1":"post","2":"type-post","3":"status-publish","4":"format-standard","5":"has-post-thumbnail","7":"category-elokuvat","8":"tag-elokuvat","9":"tag-entertainment","10":"tag-fi","11":"tag-film","12":"tag-finland","13":"tag-finnish","14":"tag-movies","15":"tag-suomi","16":"tag-super-mario","17":"tag-super-mario-bros-elokuva","18":"tag-the-super-mario-galaxy-movie","19":"tag-viihde"},"share_on_mastodon":{"url":"https:\/\/pubeurope.com\/@fi\/115649737191142239","error":""},"_links":{"self":[{"href":"https:\/\/www.europesays.com\/fi\/wp-json\/wp\/v2\/posts\/105640","targetHints":{"allow":["GET"]}}],"collection":[{"href":"https:\/\/www.europesays.com\/fi\/wp-json\/wp\/v2\/posts"}],"about":[{"href":"https:\/\/www.europesays.com\/fi\/wp-json\/wp\/v2\/types\/post"}],"author":[{"embeddable":true,"href":"https:\/\/www.europesays.com\/fi\/wp-json\/wp\/v2\/users\/2"}],"replies":[{"embeddable":true,"href":"https:\/\/www.europesays.com\/fi\/wp-json\/wp\/v2\/comments?post=105640"}],"version-history":[{"count":0,"href":"https:\/\/www.europesays.com\/fi\/wp-json\/wp\/v2\/posts\/105640\/revisions"}],"wp:featuredmedia":[{"embeddable":true,"href":"https:\/\/www.europesays.com\/fi\/wp-json\/wp\/v2\/media\/105641"}],"wp:attachment":[{"href":"https:\/\/www.europesays.com\/fi\/wp-json\/wp\/v2\/media?parent=105640"}],"wp:term":[{"taxonomy":"category","embeddable":true,"href":"https:\/\/www.europesays.com\/fi\/wp-json\/wp\/v2\/categories?post=105640"},{"taxonomy":"post_tag","embeddable":true,"href":"https:\/\/www.europesays.com\/fi\/wp-json\/wp\/v2\/tags?post=105640"}],"curies":[{"name":"wp","href":"https:\/\/api.w.org\/{rel}","templated":true}]}}