{"id":105648,"date":"2025-12-02T11:34:11","date_gmt":"2025-12-02T11:34:11","guid":{"rendered":"https:\/\/www.europesays.com\/fi\/105648\/"},"modified":"2025-12-02T11:34:11","modified_gmt":"2025-12-02T11:34:11","slug":"indonesian-tuhotulvien-taustalla-metsakato-uutisia-lyhyesti","status":"publish","type":"post","link":"https:\/\/www.europesays.com\/fi\/105648\/","title":{"rendered":"Indonesian tuhotulvien taustalla mets\u00e4kato | Uutisia lyhyesti"},"content":{"rendered":"<p class=\"aw-1gybjub aw-5vja16 kEtdKx kmuxyA yle__article__paragraph\">Jopa Indonesian hallitus arvioi, ett\u00e4 metsien katoaminen pahentaa tulvia.<\/p>\n<p><img decoding=\"async\" alt=\"Henkil\u00f6 seisoo huoneessa mudan keskell\u00e4.\" src=\"https:\/\/www.europesays.com\/fi\/wp-content\/uploads\/2025\/12\/39-1562749692eb23b59839.jpeg\" class=\"aw-1l9m598 hKVVvP\"\/><\/p>\n<p>Avaa kuvien katselu<\/p>\n<p>Asukas tarkasti tulvan vaurioittamaa kotiaan Pidie Jayan alueella Indonesissa sunnuntaina. Kuva: Chaideer Mahyuddin \/ AFP <\/p>\n<p class=\"aw-1gybjub aw-1p7kakr kEtdKx cEmitX yle__article__paragraph\">Indonesiassa yli tuhat ihmishenke\u00e4 vaatineiden tulvien taustalla on paitsi ilmastonmuutos, my\u00f6s mets\u00e4peitteen h\u00e4vi\u00e4minen, sanovat luontoj\u00e4rjest\u00f6t.<\/p>\n<p class=\"aw-1gybjub aw-1p7kakr kEtdKx cEmitX yle__article__paragraph\">J\u00e4rjest\u00f6jen ohella my\u00f6s mets\u00e4ntutkijat ja jopa Indonesian hallitus ovat todenneet, ett\u00e4 metsien katoaminen pahentaa tulvia. Puusto imee vett\u00e4 ja pit\u00e4\u00e4 maaper\u00e4n huokoisena, jolloin se toimii sienen tavoin.<\/p>\n<p class=\"aw-1gybjub aw-1p7kakr kEtdKx cEmitX yle__article__paragraph\">Kun mets\u00e4 poistuu, vesi p\u00e4\u00e4see virtaamaan vapaammin kohti jokisuistoissa sijaitsevia kaupunkeja. Lis\u00e4ksi paljas maa on altis eroosiolle. Maa-aines tukkii jokisuistoja ja nostattaa vedenpintaa entisest\u00e4\u00e4n.<\/p>\n<p class=\"aw-1gybjub aw-1p7kakr kEtdKx cEmitX yle__article__paragraph\">Indonesia menetti viime vuonna 2 400 neli\u00f6kilometri\u00e4 sademets\u00e4\u00e4ns\u00e4 l\u00e4hinn\u00e4 kaivostoiminnan ja maatalouden levi\u00e4misen takia. Eniten hakkuita oli pahiten tulvista k\u00e4rsiv\u00e4ll\u00e4 Sumatran saarella.<\/p>\n<p class=\"aw-1gybjub aw-1p7kakr kEtdKx cEmitX yle__article__paragraph\">L\u00e4hde: AFP<\/p>\n","protected":false},"excerpt":{"rendered":"Jopa Indonesian hallitus arvioi, ett\u00e4 metsien katoaminen pahentaa tulvia. Avaa kuvien katselu Asukas tarkasti tulvan vaurioittamaa kotiaan Pidie&hellip;\n","protected":false},"author":2,"featured_media":105649,"comment_status":"","ping_status":"","sticky":false,"template":"","format":"standard","meta":{"footnotes":""},"categories":[14],"tags":[22,23,26,27,33,31,30,1960,17,1096,1776,4034,24,25,72,28,29,823,15,18,21,32,19,20,2524,56,16,59,60,61],"class_list":{"0":"post-105648","1":"post","2":"type-post","3":"status-publish","4":"format-standard","5":"has-post-thumbnail","7":"category-ulkomaat","8":"tag-breaking-news","9":"tag-breakingnews","10":"tag-featured-news","11":"tag-featurednews","12":"tag-fi","13":"tag-finland","14":"tag-finnish","15":"tag-hakkuut","16":"tag-headlines","17":"tag-ilmasto","18":"tag-ilmastonmuutos","19":"tag-indonesia","20":"tag-latest-news","21":"tag-latestnews","22":"tag-luonto","23":"tag-main-news","24":"tag-mainnews","25":"tag-metsat","26":"tag-news","27":"tag-otsikot","28":"tag-paauutiset","29":"tag-suomi","30":"tag-top-stories","31":"tag-topstories","32":"tag-tulvat","33":"tag-ulkomaat","34":"tag-uutiset","35":"tag-world","36":"tag-world-news","37":"tag-worldnews"},"share_on_mastodon":{"url":"https:\/\/pubeurope.com\/@fi\/115649765034167264","error":""},"_links":{"self":[{"href":"https:\/\/www.europesays.com\/fi\/wp-json\/wp\/v2\/posts\/105648","targetHints":{"allow":["GET"]}}],"collection":[{"href":"https:\/\/www.europesays.com\/fi\/wp-json\/wp\/v2\/posts"}],"about":[{"href":"https:\/\/www.europesays.com\/fi\/wp-json\/wp\/v2\/types\/post"}],"author":[{"embeddable":true,"href":"https:\/\/www.europesays.com\/fi\/wp-json\/wp\/v2\/users\/2"}],"replies":[{"embeddable":true,"href":"https:\/\/www.europesays.com\/fi\/wp-json\/wp\/v2\/comments?post=105648"}],"version-history":[{"count":0,"href":"https:\/\/www.europesays.com\/fi\/wp-json\/wp\/v2\/posts\/105648\/revisions"}],"wp:featuredmedia":[{"embeddable":true,"href":"https:\/\/www.europesays.com\/fi\/wp-json\/wp\/v2\/media\/105649"}],"wp:attachment":[{"href":"https:\/\/www.europesays.com\/fi\/wp-json\/wp\/v2\/media?parent=105648"}],"wp:term":[{"taxonomy":"category","embeddable":true,"href":"https:\/\/www.europesays.com\/fi\/wp-json\/wp\/v2\/categories?post=105648"},{"taxonomy":"post_tag","embeddable":true,"href":"https:\/\/www.europesays.com\/fi\/wp-json\/wp\/v2\/tags?post=105648"}],"curies":[{"name":"wp","href":"https:\/\/api.w.org\/{rel}","templated":true}]}}