{"id":105650,"date":"2025-12-02T11:35:12","date_gmt":"2025-12-02T11:35:12","guid":{"rendered":"https:\/\/www.europesays.com\/fi\/105650\/"},"modified":"2025-12-02T11:35:12","modified_gmt":"2025-12-02T11:35:12","slug":"15-vuotias-poika-kuoli-onnettomuudessa-vantaan-tikkurilassa","status":"publish","type":"post","link":"https:\/\/www.europesays.com\/fi\/105650\/","title":{"rendered":"15-vuotias poika kuoli onnettomuudessa Vantaan Tikkurilassa"},"content":{"rendered":"<p>Poliisi kertoi lis\u00e4tietoa Vantaan Tikkurilan lauantain traagisesta onnettomuudesta, jossa surmansa sai 15-vuotias poika.<\/p>\n<p>Poika kertoo IS:lle, ett\u00e4 turmassa kuollut 15-vuotias poika oli positiivinen ja kiltti persoona. He k\u00e4viv\u00e4t samaa koulua ja ovat samaa ik\u00e4luokkaa. Video: Seppo K\u00e4rki \/ IS<\/p>\n<p class=\"article-body mb-nof-24 px-nof-16\">Poliisi on edennyt Vantaan Tikkurilassa tapahtuneen traagisen onnettomuuden tutkinnassa.<\/p>\n<p class=\"article-body mb-nof-24 px-nof-16\">Se ep\u00e4ilee 15-vuotiaan pojan kuoliaaksi ajanutta 22-vuotiasta BMW-kuskia t\u00f6rke\u00e4st\u00e4 liikenneturvallisuuden vaarantamisesta ja t\u00f6rke\u00e4st\u00e4 kuolemantuottamuksesta.<\/p>\n<p class=\"article-body mb-nof-24 px-nof-16\">Onnettomuudessa osallisena ollutta Opel-kuskia ei sen sijaan ep\u00e4ill\u00e4 rikoksesta.<\/p>\n<p class=\"article-body mb-nof-24 px-nof-16\">Poliisin t\u00e4m\u00e4nhetkisen tiedon ja k\u00e4sityksen mukaan vakava onnettomuus aiheutui kuljettajan k\u00e4ytt\u00e4m\u00e4st\u00e4 liian suuresta tilannenopeudesta ja ajoneuvon hallinnan menett\u00e4misest\u00e4. Poliisin mukaan p\u00e4ihteill\u00e4 ei ole osuutta asiaan.<\/p>\n<p class=\"article-body mb-nof-24 px-nof-16\">Poliisi on kuulustellut silminn\u00e4kij\u00e4t, ajoneuvojen kuljettajat ja autojen matkustajat. Poliisi on vapauttanut rikoksista ep\u00e4illyn mieskuljettajan.<\/p>\n<p class=\"article-body mb-nof-24 px-nof-16\">\u2013 Ep\u00e4ilty on nyt vapautettu. Tapauksen esitutkinta jatkuu. Asiaa tutkitaan t\u00e4ll\u00e4 hetkell\u00e4 t\u00f6rke\u00e4n\u00e4 liikenneturvallisuuden vaarantamisena sek\u00e4 t\u00f6rke\u00e4n\u00e4 kuolemantuottamuksena. Rikosnimikkeet saattavat edelleen tarkentua tutkinnan edetess\u00e4, tutkinnanjohtaja, rikoskomisario <a class=\"article-personlink\" href=\"https:\/\/www.is.fi\/haku\/?query=Suvi%20Kukkonen\" rel=\"nofollow noopener\" target=\"_blank\">Suvi Kukkonen<\/a> sanoo tiedotteessa.<\/p>\n<p><img decoding=\"async\" src=\"https:\/\/www.europesays.com\/fi\/wp-content\/uploads\/2025\/12\/1764675310_975_468.jpg\" alt=\"Terassille ajautunut auto vaurioitui t\u00f6rm\u00e4yksess\u00e4, joka vaati 15-vuotiaan pojan hengen.\" class=\"_Img_1rerz_1\" style=\"aspect-ratio:1.3793103448275863\" loading=\"eager\"\/><\/p>\n<p class=\"article-picture-caption\">Terassille ajautunut auto vaurioitui t\u00f6rm\u00e4yksess\u00e4, joka vaati 15-vuotiaan pojan hengen. Kuva:\u00a0Jussi Eskola<\/p>\n<p><img decoding=\"async\" src=\"https:\/\/www.europesays.com\/fi\/wp-content\/uploads\/2025\/12\/468.gif\" alt=\"\" class=\"_Img_1rerz_1\" style=\"aspect-ratio:0.7958921694480102\" loading=\"eager\"\/><\/p>\n<p class=\"article-body mb-nof-24 px-nof-16\">Traaginen onnettomuus tapahtui Vantaan Tikkurilassa Talvikkitien ja Hernetien risteyksess\u00e4 lauantai-iltana kello 19.20 aikaan.<\/p>\n<p class=\"article-body mb-nof-24 px-nof-16\">BMW-kuski ajoi oikealle k\u00e4\u00e4ntym\u00e4ss\u00e4 olleen Opelin per\u00e4\u00e4n. Sen seurauksena BMW-kuski ajautui Grill House -ravintolan terassille, jossa oli useita ihmisi\u00e4. 15-vuotias poika ei ehtinyt v\u00e4ist\u00e4\u00e4 autoa ja j\u00e4i sen alle. H\u00e4n menehtyi tapahtumapaikalle.<\/p>\n<p class=\"article-body mb-nof-24 px-nof-16\">Tilanteessa auto t\u00f6rm\u00e4si my\u00f6s toiseen nuoreen, mutta h\u00e4n selvisi v\u00e4h\u00e4isin fyysisin vammoin.<\/p>\n<p class=\"article-body mb-nof-24 px-nof-16\">Opel-auto t\u00f6rm\u00e4si puolestaan liikennetolppaan.<\/p>\n<p class=\"article-body nof-ui-body-medium mb-nof-24 px-nof-16\">Juttua korjattu 2.12. kello 13.29. Toinen turmassa osallisena ollut auto oli Opel, ei Volvo, kuten jutun alussa aiemmin luki.<\/p>\n<p><img decoding=\"async\" src=\"https:\/\/www.europesays.com\/fi\/wp-content\/uploads\/2025\/12\/1764548350_92_468.jpg\" alt=\"Sunnuntai-iltana turmapaikalla n\u00e4ytti t\u00e4lt\u00e4.\" class=\"_Img_1rerz_1\" style=\"aspect-ratio:1.5\" loading=\"eager\"\/><\/p>\n<p class=\"article-picture-caption\">Sunnuntai-iltana turmapaikalla n\u00e4ytti t\u00e4lt\u00e4. Kuva:\u00a0Seppo K\u00e4rki \/ IS<\/p>\n","protected":false},"excerpt":{"rendered":"Poliisi kertoi lis\u00e4tietoa Vantaan Tikkurilan lauantain traagisesta onnettomuudesta, jossa surmansa sai 15-vuotias poika. Poika kertoo IS:lle, ett\u00e4 turmassa&hellip;\n","protected":false},"author":2,"featured_media":105651,"comment_status":"","ping_status":"","sticky":false,"template":"","format":"standard","meta":{"footnotes":""},"categories":[12],"tags":[22,23,26,27,33,31,30,17,34,24,25,28,29,15,18,21,32,19,20,16],"class_list":{"0":"post-105650","1":"post","2":"type-post","3":"status-publish","4":"format-standard","5":"has-post-thumbnail","7":"category-suomi","8":"tag-breaking-news","9":"tag-breakingnews","10":"tag-featured-news","11":"tag-featurednews","12":"tag-fi","13":"tag-finland","14":"tag-finnish","15":"tag-headlines","16":"tag-ilta-sanomat","17":"tag-latest-news","18":"tag-latestnews","19":"tag-main-news","20":"tag-mainnews","21":"tag-news","22":"tag-otsikot","23":"tag-paauutiset","24":"tag-suomi","25":"tag-top-stories","26":"tag-topstories","27":"tag-uutiset"},"share_on_mastodon":{"url":"https:\/\/pubeurope.com\/@fi\/115649768967353255","error":""},"_links":{"self":[{"href":"https:\/\/www.europesays.com\/fi\/wp-json\/wp\/v2\/posts\/105650","targetHints":{"allow":["GET"]}}],"collection":[{"href":"https:\/\/www.europesays.com\/fi\/wp-json\/wp\/v2\/posts"}],"about":[{"href":"https:\/\/www.europesays.com\/fi\/wp-json\/wp\/v2\/types\/post"}],"author":[{"embeddable":true,"href":"https:\/\/www.europesays.com\/fi\/wp-json\/wp\/v2\/users\/2"}],"replies":[{"embeddable":true,"href":"https:\/\/www.europesays.com\/fi\/wp-json\/wp\/v2\/comments?post=105650"}],"version-history":[{"count":0,"href":"https:\/\/www.europesays.com\/fi\/wp-json\/wp\/v2\/posts\/105650\/revisions"}],"wp:featuredmedia":[{"embeddable":true,"href":"https:\/\/www.europesays.com\/fi\/wp-json\/wp\/v2\/media\/105651"}],"wp:attachment":[{"href":"https:\/\/www.europesays.com\/fi\/wp-json\/wp\/v2\/media?parent=105650"}],"wp:term":[{"taxonomy":"category","embeddable":true,"href":"https:\/\/www.europesays.com\/fi\/wp-json\/wp\/v2\/categories?post=105650"},{"taxonomy":"post_tag","embeddable":true,"href":"https:\/\/www.europesays.com\/fi\/wp-json\/wp\/v2\/tags?post=105650"}],"curies":[{"name":"wp","href":"https:\/\/api.w.org\/{rel}","templated":true}]}}