{"id":105654,"date":"2025-12-02T11:48:12","date_gmt":"2025-12-02T11:48:12","guid":{"rendered":"https:\/\/www.europesays.com\/fi\/105654\/"},"modified":"2025-12-02T11:48:12","modified_gmt":"2025-12-02T11:48:12","slug":"melania-trump-koristeli-valkoisen-talon-joulua-varten-huomio-kiinnittyy-kahteen-tauluun","status":"publish","type":"post","link":"https:\/\/www.europesays.com\/fi\/105654\/","title":{"rendered":"Melania Trump koristeli Valkoisen talon joulua varten \u2013 huomio kiinnittyy kahteen tauluun"},"content":{"rendered":"<p>Valkoisen talon joulukoristeet hakevat taas vertaisiaan.<\/p>\n<p class=\"article-body mb-nof-24 px-nof-16\">Valkoisessa talossa on taas joulu.<\/p>\n<p class=\"article-body mb-nof-24 px-nof-16\">Ensimm\u00e4inen nainen <a class=\"article-personlink\" href=\"https:\/\/www.is.fi\/haku\/?query=Melania%20Trump\" rel=\"nofollow noopener\" target=\"_blank\">Melania Trump<\/a> on saanut taas somistaa taloa mieleisekseen.<\/p>\n<p class=\"article-body mb-nof-24 px-nof-16\">Meininki\u00e4 esitell\u00e4\u00e4n muun muassa Valkoisen talon julkaisemalla videolla.<\/p>\n<p class=\"article-body mb-nof-24 px-nof-16\">Melania astelee pitkin tyhj\u00e4\u00e4 taloa viittamainen takki p\u00e4\u00e4ll\u00e4. Taustalla soi hempe\u00e4 pianomusiikki.<\/p>\n<p class=\"article-body mb-nof-24 px-nof-16\">Tai ei talo varsinaisesti tyhj\u00e4 ole. Ihmisist\u00e4 vain, joulun tunnelmasta ei. Koristeluissa ei ole s\u00e4\u00e4stelty.<\/p>\n<p class=\"article-body mb-nof-24 px-nof-16\">Jo videon alkupuolella n\u00e4kyy talon eteissali, jonne on aseteltu toistakymment\u00e4 erikokoista joulukuusta valok\u00f6ynn\u00f6ksineen.<\/p>\n<p class=\"article-body mb-nof-24 px-nof-16\">Presidentti <a class=\"article-personlink\" href=\"https:\/\/www.is.fi\/haku\/?query=Donald%20Trumpin\" rel=\"nofollow noopener\" target=\"_blank\">Donald Trumpin<\/a> moneen otteeseen t\u00f6lvim\u00e4 uutistoimisto AP <a class=\"article-genericlink\" href=\"https:\/\/apnews.com\/article\/melania-trump-holiday-decorations-white-house-378c18c3adbd2484149135b96f4e276b\" rel=\"nofollow noopener\" target=\"_blank\">on kertonut<\/a> joulukoristej\u00e4rjestelyjen taustoja.<\/p>\n<p><img decoding=\"async\" src=\"https:\/\/www.europesays.com\/fi\/wp-content\/uploads\/2025\/12\/1764676089_984_468.jpg\" alt=\"Eteissali on t\u00e4ynn\u00e4 joulukuusia.\" class=\"_Img_1rerz_1\" style=\"aspect-ratio:1.5011727912431587\" loading=\"eager\"\/><\/p>\n<p class=\"article-picture-caption\">Eteissali on t\u00e4ynn\u00e4 joulukuusia. Kuva:\u00a0Andrew Leyden \/ Zuma \/ MVPhotos<\/p>\n<p><img decoding=\"async\" src=\"https:\/\/www.europesays.com\/fi\/wp-content\/uploads\/2025\/12\/1764676090_158_468.jpg\" alt=\"Kuusia on aseteltu my\u00f6s it\u00e4iseen huoneeseen.\" class=\"_Img_1rerz_1\" style=\"aspect-ratio:1.5\" loading=\"eager\"\/><\/p>\n<p class=\"article-picture-caption\">Kuusia on aseteltu my\u00f6s it\u00e4iseen huoneeseen. Kuva:\u00a0Ron Sachs \/ CNP \/ Zuma \/ MVPhotos<\/p>\n<p class=\"article-body mb-nof-24 px-nof-16\">Joulun teemasta on lausuttu kauniita sanoja. \u201dKoti on siell\u00e4 miss\u00e4 syd\u00e4n on\u201d, kuuluu ensimm\u00e4isen naisen lause. Valkoisen talon mukaan joulun aikaan tulee juhlia \u201dsit\u00e4, mik\u00e4 tekee Yhdysvalloista poikkeuksellisen\u201d.<\/p>\n<p class=\"article-body mb-nof-24 px-nof-16\">Joulun alla juhlistetaan my\u00f6s tulevaa vuotta, kun Yhdysvallat t\u00e4ytt\u00e4\u00e4 250 vuotta.<\/p>\n<p class=\"article-body mb-nof-24 px-nof-16\">Joulua on rakennettu melkoisella porukalla. AP:n mukaan taloa ovat koristelleet useat kymmenet vapaaehtoiset.<\/p>\n<p class=\"article-body mb-nof-24 px-nof-16\">Onpa koristeltavaakin ollut.<\/p>\n<p class=\"article-body mb-nof-24 px-nof-16\">Valkoisen talon saleista ja huoneista l\u00f6ytyy 75 seppelett\u00e4, 51, joulukuusta, noin 213 metrin edest\u00e4 k\u00f6ynn\u00f6ksi\u00e4, yli 2\u202f000 valosarjaa, h\u00e4mm\u00e4stytt\u00e4v\u00e4t 7\u202f600 metri\u00e4 nauhoja, yli 2\u202f800 kultaista t\u00e4hte\u00e4, yli 10\u202f000 perhosta ja 54 kiloa pannukakkuja.<\/p>\n<p class=\"article-body mb-nof-24 px-nof-16\">Videolla esitell\u00e4\u00e4n seuraavaksi niin sanottua Sinist\u00e4 huonetta. AP:n mukaan huoneen keskelle asetetaan perinteisesti Valkoisen talon virallinen joulukuusi.<\/p>\n<p class=\"article-body mb-nof-24 px-nof-16\">N\u00e4in on t\u00e4n\u00e4kin vuonna.<\/p>\n<p><img decoding=\"async\" src=\"https:\/\/www.europesays.com\/fi\/wp-content\/uploads\/2025\/12\/1764676090_100_468.jpg\" alt=\"Sinisen huoneen joulukuusella on korkeutta ja leveytt\u00e4.\" class=\"_Img_1rerz_1\" style=\"aspect-ratio:1.5011727912431587\" loading=\"eager\"\/><\/p>\n<p class=\"article-picture-caption\">Sinisen huoneen joulukuusella on korkeutta ja leveytt\u00e4. Kuva:\u00a0Andrew Leyden \/ Zuma \/ MVPhotos<\/p>\n<p class=\"article-body mb-nof-24 px-nof-16\">Kuusen virallisuus v\u00e4littyy: p\u00f6rhe\u00e4 ilmestys nousee kattoon asti. Kuusi on t\u00e4ynn\u00e4 valkeita valoja ja koristepalloja, joissa huomioidaan kaikki maan osavaltiot ja niiden nimikkolinnut. Palloilla on kokoa: yksi on Melanian k\u00e4mmenen kokoinen.<\/p>\n<p class=\"article-body mb-nof-24 px-nof-16\">AP:n mukaan virallisella kuusella on t\u00e4n\u00e4 vuonna kaksi teht\u00e4v\u00e4\u00e4. Aiemmin Valkoisen talon it\u00e4siipeen oli asetettu kuusi, joka kunnioitti perheit\u00e4, jotka olivat menett\u00e4neet l\u00e4heisi\u00e4\u00e4n sotilaspalveluksissa.<\/p>\n<p class=\"article-body mb-nof-24 px-nof-16\">Tunnetusti Trump kuitenkin rusikoi it\u00e4siiven maan tasalle voidakseen rakentaa tilalle pitk\u00e4\u00e4n haaveilemansa tanssisalin. N\u00e4in ollen it\u00e4siiven kuusi siirrettiin Siniseen huoneeseen.<\/p>\n<p class=\"article-body mb-nof-24 px-nof-16\">Punaisessa huoneessa on maltillisemman kokoinen kuusi, johon on ripustettu kirkkaansinisi\u00e4, muun muassa perhosia esitt\u00e4vi\u00e4 koristeita.<\/p>\n<p><img decoding=\"async\" src=\"https:\/\/www.europesays.com\/fi\/wp-content\/uploads\/2025\/12\/1764676090_584_468.jpg\" alt=\"Yksityiskohta Punaisen huoneen joulukuusesta.\" class=\"_Img_1rerz_1\" style=\"aspect-ratio:1.5011727912431587\" loading=\"eager\"\/><\/p>\n<p class=\"article-picture-caption\">Yksityiskohta Punaisen huoneen joulukuusesta. Kuva:\u00a0Andrew Leyden \/ Zuma \/ MVPhotos<\/p>\n<p class=\"article-body mb-nof-24 px-nof-16\">Kuusta kiert\u00e4\u00e4 my\u00f6s nauha, jossa lukee ensimm\u00e4isen naisen marraskuussa lanseeraaman <a class=\"article-genericlink\" href=\"https:\/\/apnews.com\/article\/melania-trump-white-house-foster-care-5301987e676786c793b2b9fba0eb4c2f\" rel=\"nofollow noopener\" target=\"_blank\">sosiaalipoliittisen ohjelman<\/a> otsikko: Fostering the Future, siis juhlavasti \u201dhuolehdimme tulevaisuudesta\u201d. Ohjelma kuulemma edist\u00e4\u00e4 sijaishuollossa kasvaneiden lasten opiskelu- ja uramahdollisuuksia. Konseptiin kuuluva lause Be best, \u201dole paras\u201d, on kirjoitettu my\u00f6s kuusen koristepalloihin.<\/p>\n<p class=\"article-body mb-nof-24 px-nof-16\">Valkoisen talon Vihre\u00e4st\u00e4 huoneesta l\u00f6ytyy taasen hillitympi kuusi, jonka koristeiksi on ripustettu esimerkiksi lahjapaketteja kuljettavia autoja.<\/p>\n<p class=\"article-body mb-nof-24 px-nof-16\">Huoneen ikkunalaudalta l\u00f6ytyy my\u00f6s Donald Trumpin muotokuva, johon kamera pys\u00e4htyy my\u00f6s Valkoisen talon esittelyvideolla.<\/p>\n<p class=\"article-body mb-nof-24 px-nof-16\">Muotokuvaa voi erehty\u00e4 luulemaan my\u00f6s huhtikuussa 2023 otetuksi Trumpin pid\u00e4tyskuvaksi. Tuolloin ex-presidentti oli oikeudessa liittyen syyt\u00f6ksiin vuoden 2020 presidentinvaaleihin puuttumisesta.<\/p>\n<p class=\"article-body mb-nof-24 px-nof-16\">Molemmissa kuvissa Trump katsoo vakavana kulmiensa alta kameraan.<\/p>\n<p><img decoding=\"async\" src=\"https:\/\/www.europesays.com\/fi\/wp-content\/uploads\/2025\/12\/1764676090_437_468.jpg\" alt=\"Trump katsoo jouluvieraita tuimasti Vihre\u00e4n huoneen ikkunalla.\" class=\"_Img_1rerz_1\" style=\"aspect-ratio:1.5\" loading=\"eager\"\/><\/p>\n<p class=\"article-picture-caption\">Trump katsoo jouluvieraita tuimasti Vihre\u00e4n huoneen ikkunalla. Kuva:\u00a0Aaron Schwartz \/ Reuters<\/p>\n<p><img decoding=\"async\" src=\"https:\/\/www.europesays.com\/fi\/wp-content\/uploads\/2025\/12\/1764676091_809_468.jpg\" alt=\"Valkoisen talon virallisiin joulukoristeisiin kuuluu muun muassa legopalikoista koostettu George Washington.\" class=\"_Img_1rerz_1\" style=\"aspect-ratio:1.352112676056338\" loading=\"eager\"\/><\/p>\n<p class=\"article-picture-caption\">Valkoisen talon virallisiin joulukoristeisiin kuuluu muun muassa legopalikoista koostettu George Washington. Kuva:\u00a0Ron Sachs<\/p>\n<p class=\"article-body mb-nof-24 px-nof-16\">Viereisell\u00e4 ikkunalaudalla on my\u00f6s palapelikuva Yhdysvaltain ensimm\u00e4isest\u00e4 presidentist\u00e4 <a class=\"article-personlink\" href=\"https:\/\/www.is.fi\/haku\/?query=George%20Washingtonista\" rel=\"nofollow noopener\" target=\"_blank\">George Washingtonista<\/a>.<\/p>\n<p class=\"article-body mb-nof-24 px-nof-16\">Siihen kamera ei kuitenkaan tarkenna.<\/p>\n<p class=\"article-body mb-nof-24 px-nof-16\">Kuvat on AP:n mukaan koottu legopalikoista.<\/p>\n<p class=\"article-body mb-nof-24 px-nof-16\">Videolla esitell\u00e4\u00e4n my\u00f6s piparitaloversiota Valkoisesta talosta. Sekin on kauttaaltaan valkoinen.<\/p>\n<p><img decoding=\"async\" src=\"https:\/\/www.europesays.com\/fi\/wp-content\/uploads\/2025\/12\/1764676091_90_468.jpg\" alt=\"Piparkakkutalo ei \u00e4kkiselt\u00e4\u00e4n n\u00e4yt\u00e4 piparkakkutalolta, sill\u00e4 se on valkoinen.\" class=\"_Img_1rerz_1\" style=\"aspect-ratio:1.5\" loading=\"eager\"\/><\/p>\n<p class=\"article-picture-caption\">Piparkakkutalo ei \u00e4kkiselt\u00e4\u00e4n n\u00e4yt\u00e4 piparkakkutalolta, sill\u00e4 se on valkoinen. Kuva:\u00a0Joey Sussman<\/p>\n<p><img decoding=\"async\" src=\"https:\/\/www.europesays.com\/fi\/wp-content\/uploads\/2025\/12\/1764676091_499_468.jpg\" alt=\"My\u00f6s talon sistukseen on satsattu.\" class=\"_Img_1rerz_1\" style=\"aspect-ratio:1.5011727912431587\" loading=\"eager\"\/><\/p>\n<p class=\"article-picture-caption\">My\u00f6s talon sistukseen on satsattu. Kuva:\u00a0Andrew Leyden<\/p>\n<p class=\"article-body mb-nof-24 px-nof-16\">AP:n mukaan taloon meni 54 kilon edest\u00e4 taikinaa, 45 kiloa sokerimassaa, 4,5 kiloa suklaata ja reilun 2 kilon edest\u00e4 pikeeri\u00e4, eli valkuaisesta ja tomusokerista valmistettavaa koristeluainetta.<\/p>\n<p class=\"article-body mb-nof-24 px-nof-16\">My\u00f6s Britannian yleisradioyhti\u00f6 BBC on julkaissut joulukoristeista <a class=\"article-genericlink\" href=\"https:\/\/www.bbc.com\/news\/videos\/cwyg7vvrp3ro\" rel=\"nofollow noopener\" target=\"_blank\">oman videon<\/a>.<\/p>\n<p class=\"article-body mb-nof-24 px-nof-16\">Sill\u00e4 huomio keskittyy h\u00e4tk\u00e4hdytt\u00e4v\u00e4\u00e4n maalaukseen: joulukynttil\u00f6iden vieress\u00e4 esiintyy toinen tuima Trump puimassa nyrkki\u00e4 turvamiesten ymp\u00e4r\u00f6im\u00e4n\u00e4. Taustalla liehuu Yhdysvaltain lippu.<\/p>\n<p class=\"article-body mb-nof-24 px-nof-16\">Sekin on valokuvasta tehty maalaus \u2013 siis toisinto presidentin salamurhayrityksest\u00e4 otetusta kuvasta.<\/p>\n<p><img decoding=\"async\" src=\"https:\/\/www.europesays.com\/fi\/wp-content\/uploads\/2025\/12\/1764676092_299_468.jpg\" alt=\"\" class=\"_Img_1rerz_1\" style=\"aspect-ratio:1.5\" loading=\"eager\"\/><\/p>\n<p class=\"article-picture-caption\">Kuva:\u00a0Aaron Schwartz \/ Reuters<\/p>\n<p class=\"article-body mb-nof-24 px-nof-16\">AP kertoo, ett\u00e4 Valkoisessa talossa j\u00e4rjestet\u00e4\u00e4n joulun alla julkisia kierroksia.<\/p>\n<p class=\"article-body mb-nof-24 px-nof-16\">Ne ovat kuitenkin tavallista lyhyempi\u00e4, kun Valkoinen talo on yh\u00e4 osittain remontissa.<\/p>\n<p class=\"article-body mb-nof-24 px-nof-16\">Kierros kattaa ensimm\u00e4isen kerroksen eli State Floorin. Vieraat p\u00e4\u00e4sev\u00e4t n\u00e4kem\u00e4\u00e4n it\u00e4isen huoneen, Vihre\u00e4n, Sinisen ja Punaisen huoneen, valtiollisen ruokasalin, Valkoisen talon osat yhdist\u00e4v\u00e4n Cross Hall -k\u00e4yt\u00e4v\u00e4n ja eteisaulan.<\/p>\n<p class=\"article-body mb-nof-24 px-nof-16\">AP:n mukaan Valkoiseen taloon odotetaan joulun alla kymmeni\u00e4 tuhansia vieraita.<\/p>\n","protected":false},"excerpt":{"rendered":"Valkoisen talon joulukoristeet hakevat taas vertaisiaan. Valkoisessa talossa on taas joulu. Ensimm\u00e4inen nainen Melania Trump on saanut taas&hellip;\n","protected":false},"author":2,"featured_media":105655,"comment_status":"","ping_status":"","sticky":false,"template":"","format":"standard","meta":{"footnotes":""},"categories":[136],"tags":[407,137,33,31,30,34,408,32,109],"class_list":{"0":"post-105654","1":"post","2":"type-post","3":"status-publish","4":"format-standard","5":"has-post-thumbnail","7":"category-julkkikset","8":"tag-celebrities","9":"tag-entertainment","10":"tag-fi","11":"tag-finland","12":"tag-finnish","13":"tag-ilta-sanomat","14":"tag-julkkikset","15":"tag-suomi","16":"tag-viihde"},"share_on_mastodon":{"url":"https:\/\/pubeurope.com\/@fi\/115649820086639079","error":""},"_links":{"self":[{"href":"https:\/\/www.europesays.com\/fi\/wp-json\/wp\/v2\/posts\/105654","targetHints":{"allow":["GET"]}}],"collection":[{"href":"https:\/\/www.europesays.com\/fi\/wp-json\/wp\/v2\/posts"}],"about":[{"href":"https:\/\/www.europesays.com\/fi\/wp-json\/wp\/v2\/types\/post"}],"author":[{"embeddable":true,"href":"https:\/\/www.europesays.com\/fi\/wp-json\/wp\/v2\/users\/2"}],"replies":[{"embeddable":true,"href":"https:\/\/www.europesays.com\/fi\/wp-json\/wp\/v2\/comments?post=105654"}],"version-history":[{"count":0,"href":"https:\/\/www.europesays.com\/fi\/wp-json\/wp\/v2\/posts\/105654\/revisions"}],"wp:featuredmedia":[{"embeddable":true,"href":"https:\/\/www.europesays.com\/fi\/wp-json\/wp\/v2\/media\/105655"}],"wp:attachment":[{"href":"https:\/\/www.europesays.com\/fi\/wp-json\/wp\/v2\/media?parent=105654"}],"wp:term":[{"taxonomy":"category","embeddable":true,"href":"https:\/\/www.europesays.com\/fi\/wp-json\/wp\/v2\/categories?post=105654"},{"taxonomy":"post_tag","embeddable":true,"href":"https:\/\/www.europesays.com\/fi\/wp-json\/wp\/v2\/tags?post=105654"}],"curies":[{"name":"wp","href":"https:\/\/api.w.org\/{rel}","templated":true}]}}