{"id":105659,"date":"2025-12-02T11:55:11","date_gmt":"2025-12-02T11:55:11","guid":{"rendered":"https:\/\/www.europesays.com\/fi\/105659\/"},"modified":"2025-12-02T11:55:11","modified_gmt":"2025-12-02T11:55:11","slug":"nyt-jysahti-venaja-paasee-mukaan-olympialaisiin","status":"publish","type":"post","link":"https:\/\/www.europesays.com\/fi\/105659\/","title":{"rendered":"Nyt jys\u00e4hti: Ven\u00e4j\u00e4 p\u00e4\u00e4see mukaan olympialaisiin"},"content":{"rendered":"<p>Milanon olympialaisissa n\u00e4hd\u00e4\u00e4n sittenkin sek\u00e4 ven\u00e4l\u00e4isi\u00e4 ett\u00e4 valkoven\u00e4l\u00e4isi\u00e4.<\/p>\n<p><img decoding=\"async\" class=\"image image-show image-preview\" src=\"https:\/\/www.europesays.com\/fi\/wp-content\/uploads\/2025\/12\/1076ab7275e1d356032d16598ee5a62a76eb0f6132bf032943421aa9df807629.jpg\" alt=\"\"\/><img decoding=\"async\" class=\"image image-show\" src=\"https:\/\/www.europesays.com\/fi\/wp-content\/uploads\/2025\/12\/1764676509_851_1076ab7275e1d356032d16598ee5a62a76eb0f6132bf032943421aa9df807629.jpg\" alt=\"\"\/><\/p>\n<p>Aleksandr Bol\u0161unov on kolminkertainen olympiavoittaja. PASI LIESIMAA<\/p>\n<p class=\"paragraph\"><a href=\"https:\/\/www.tas-cas.org\/fileadmin\/user_upload\/CAS_Media_Release_11915_11931.pdf\" target=\"_blank\" rel=\"noopener nofollow\">Urheilun kansainv\u00e4linen vetoomustuomioistuin<\/a> (CAS) on p\u00e4\u00e4tt\u00e4nyt, ett\u00e4 ven\u00e4l\u00e4iset ja valkoven\u00e4l\u00e4iset maastohiiht\u00e4j\u00e4t, lumilautailijat, m\u00e4kihypp\u00e4\u00e4j\u00e4t sek\u00e4 freestylehiiht\u00e4j\u00e4t saavat osallistua ensi helmikuussa j\u00e4rjestett\u00e4viin talviolympialaisiin.<\/p>\n<p class=\"paragraph\">Kansainv\u00e4linen hiihtoliitto FIS ilmoitti lokakuussa, ettei ven\u00e4l\u00e4isill\u00e4 ja valkoven\u00e4l\u00e4isill\u00e4 hiiht\u00e4jill\u00e4 ole asiaa Milano-Cortinan talviolympialaisiin edes neutraaleina urheilijoina, mutta Ven\u00e4j\u00e4 valitti p\u00e4\u00e4t\u00f6ksest\u00e4 CAS:iin ja voitti oikeustaiston.<\/p>\n<p class=\"paragraph\">Ven\u00e4l\u00e4iset ja valkoven\u00e4l\u00e4iset urheilijat p\u00e4\u00e4sev\u00e4t n\u00e4in ollen mukaan ensi helmikuussa viiden renkaan kisoihin neutraaleina urheilijoina. Menettelytapa on sama kuin Pariisin kes\u00e4olympialaisissa vuonna 2024.<\/p>\n<p class=\"paragraph\">Dagbladetin mukaan Ven\u00e4j\u00e4n kansalliskaartiin kuuluvat urheilijat, kuten esimerkiksi <strong>Aleksandr Bol\u0161unov<\/strong>, eiv\u00e4t saa CAS:n p\u00e4\u00e4t\u00f6ksest\u00e4 huolimatta kisata olympialaisissa edes neutraalin lipun alla.<\/p>\n<p class=\"paragraph\">Ven\u00e4j\u00e4n urheiluministeri <strong>Mihail Degtjarjovin<\/strong> mielest\u00e4 CAS:n p\u00e4\u00e4t\u00f6s tulee n\u00e4kym\u00e4\u00e4n my\u00f6s esimerkiksi hiihdon maailmancupin osakilpailuissa.<\/p>\n<p class=\"paragraph\">\u2013\u2009T\u00e4m\u00e4 p\u00e4\u00e4t\u00f6s avaa urheilijoillemme oven kaikkiin kansainv\u00e4lisiin kisoihin, Degtjarjovin totesi <a href=\"https:\/\/www.sport-express.ru\/skiing\/news\/rossiya-vyigrala-isk-v-cas-k-mezhdunarodnoy-federacii-lyzhnogo-sporta-i-snouborda-2380490\/\" target=\"_blank\" rel=\"noopener nofollow\">Sport-Expressin<\/a> mukaan.<\/p>\n<p><a href=\"https:\/\/www.iltalehti.fi\/telkku\/?utm_source=iltalehti.fi&amp;utm_medium=almainternal&amp;utm_campaign=urheilu_artikkelibanneri&amp;utm_content=banner_612_a\" rel=\"nofollow noopener\" target=\"_blank\"><img decoding=\"async\" src=\"https:\/\/www.europesays.com\/fi\/wp-content\/uploads\/2025\/08\/7ef604e47d46ca174b7df4149bd3557dbde56a86d520f8e1b2125548b0a2e03a.png\" alt=\"TV-ohjelmat t\u00e4n\u00e4\u00e4n, TV-opas\"\/><\/a><\/p>\n","protected":false},"excerpt":{"rendered":"Milanon olympialaisissa n\u00e4hd\u00e4\u00e4n sittenkin sek\u00e4 ven\u00e4l\u00e4isi\u00e4 ett\u00e4 valkoven\u00e4l\u00e4isi\u00e4. Aleksandr Bol\u0161unov on kolminkertainen olympiavoittaja. PASI LIESIMAA Urheilun kansainv\u00e4linen vetoomustuomioistuin&hellip;\n","protected":false},"author":2,"featured_media":105660,"comment_status":"","ping_status":"","sticky":false,"template":"","format":"standard","meta":{"footnotes":""},"categories":[158],"tags":[35,33,31,30,2096,41,2883,159,32,1145,160,161],"class_list":{"0":"post-105659","1":"post","2":"type-post","3":"status-publish","4":"format-standard","5":"has-post-thumbnail","7":"category-urheilu","8":"tag-24h","9":"tag-fi","10":"tag-finland","11":"tag-finnish","12":"tag-hiihtolajit","13":"tag-liikunta-ja-urheilu","14":"tag-maailmancupit-ja-maailmanmestaruuskilpailut","15":"tag-sports","16":"tag-suomi","17":"tag-talviurheilu","18":"tag-urheilu","19":"tag-urheilutapahtumat"},"share_on_mastodon":{"url":"https:\/\/pubeurope.com\/@fi\/115649847637697096","error":""},"_links":{"self":[{"href":"https:\/\/www.europesays.com\/fi\/wp-json\/wp\/v2\/posts\/105659","targetHints":{"allow":["GET"]}}],"collection":[{"href":"https:\/\/www.europesays.com\/fi\/wp-json\/wp\/v2\/posts"}],"about":[{"href":"https:\/\/www.europesays.com\/fi\/wp-json\/wp\/v2\/types\/post"}],"author":[{"embeddable":true,"href":"https:\/\/www.europesays.com\/fi\/wp-json\/wp\/v2\/users\/2"}],"replies":[{"embeddable":true,"href":"https:\/\/www.europesays.com\/fi\/wp-json\/wp\/v2\/comments?post=105659"}],"version-history":[{"count":0,"href":"https:\/\/www.europesays.com\/fi\/wp-json\/wp\/v2\/posts\/105659\/revisions"}],"wp:featuredmedia":[{"embeddable":true,"href":"https:\/\/www.europesays.com\/fi\/wp-json\/wp\/v2\/media\/105660"}],"wp:attachment":[{"href":"https:\/\/www.europesays.com\/fi\/wp-json\/wp\/v2\/media?parent=105659"}],"wp:term":[{"taxonomy":"category","embeddable":true,"href":"https:\/\/www.europesays.com\/fi\/wp-json\/wp\/v2\/categories?post=105659"},{"taxonomy":"post_tag","embeddable":true,"href":"https:\/\/www.europesays.com\/fi\/wp-json\/wp\/v2\/tags?post=105659"}],"curies":[{"name":"wp","href":"https:\/\/api.w.org\/{rel}","templated":true}]}}