{"id":105681,"date":"2025-12-02T12:22:09","date_gmt":"2025-12-02T12:22:09","guid":{"rendered":"https:\/\/www.europesays.com\/fi\/105681\/"},"modified":"2025-12-02T12:22:09","modified_gmt":"2025-12-02T12:22:09","slug":"the-joulukalenterin-fanit-harmistuivat-mtvn-paatokseen-nain-kommentoi-nayttelija","status":"publish","type":"post","link":"https:\/\/www.europesays.com\/fi\/105681\/","title":{"rendered":"The Joulukalenterin fanit harmistuivat MTV:n p\u00e4\u00e4t\u00f6kseen \u2013 N\u00e4in kommentoi n\u00e4yttelij\u00e4"},"content":{"rendered":"<p>MTV ei uusi t\u00e4n\u00e4 jouluna The Joulukalenteria. Iltalehti soitti n\u00e4s\u00e4n roolista tutulle Kari Lehtom\u00e4elle ja kysyi, milt\u00e4 tuntuu olla niin kaivattu.<\/p>\n<p><img decoding=\"async\" class=\"image image-show image-preview\" src=\"https:\/\/www.europesays.com\/fi\/wp-content\/uploads\/2025\/12\/d8cf5b4cece6c2216458c8e259c07d60e137d411cd4725c5ff0e9f37bd4ac8e7.jpg\" alt=\"\"\/><img decoding=\"async\" class=\"image image-show\" src=\"https:\/\/www.europesays.com\/fi\/wp-content\/uploads\/2025\/12\/1764579131_79_d8cf5b4cece6c2216458c8e259c07d60e137d411cd4725c5ff0e9f37bd4ac8e7.jpg\" alt=\"\"\/><\/p>\n<p>N\u00e4s\u00e4n rooli on j\u00e4\u00e4nyt mieleen erityisesti nuoremmille The Joulukalenterin faneille. MTV3<\/p>\n<p class=\"paragraph\">MTV tiedotti, <a href=\"https:\/\/www.iltalehti.fi\/tv-ja-leffat\/07420d17-efdf-4e87-bf79-2ea55e34e320\" rel=\"nofollow noopener\" target=\"_blank\">ettei se aio uusia t\u00e4n\u00e4 vuonna kulttisuosiota nauttivaa<\/a> The Joulukalenteria. P\u00e4\u00e4t\u00f6s on tuottanut surua monelle ohjelman yst\u00e4v\u00e4lle.<\/p>\n<p class=\"paragraph\">Iltalehti p\u00e4\u00e4tti tarjota faneille lohtua ja soitella vanhalle tutulle.<\/p>\n<p class=\"paragraph\">Puhelin pirahtaa joulukuun ensimm\u00e4isen\u00e4 p\u00e4iv\u00e4n aamuna jossain It\u00e4meren aalloilla.<\/p>\n<p class=\"paragraph\"><strong>Kari Lehtom\u00e4k<\/strong>i vastaa. H\u00e4n on ollut edellisen\u00e4 p\u00e4iv\u00e4n\u00e4 keikalla Tallinnan laivalla Hariolax-yhtyeens\u00e4 kanssa, mutta jutustelulle l\u00f6ytyy silti aikaa.<\/p>\n<p class=\"paragraph\">\u2013 Kyll\u00e4h\u00e4n t\u00e4m\u00e4 kosiskelee itsetuntoa! h\u00e4n vastaa kysymykseen siit\u00e4, milt\u00e4 tuntuu olla n\u00e4in kaivattu.<\/p>\n<p class=\"paragraph\">Lehtom\u00e4ki muistetaan The Joulukalenterin kaksoisroolista Kauko-tonttuna ja Pentti-n\u00e4s\u00e4n\u00e4. J\u00e4lkimainittu pelotti ja kiehtoi suomalaisia lapsia vuonna 1997 ensi kertaa l\u00e4hetetyss\u00e4 The Joulukalenteri -ohjelmassa.<\/p>\n<p class=\"paragraph\">Lehtom\u00e4ki arvelee, ett\u00e4 ohjelmaa on pian 30 vuotta pit\u00e4nyt elossa sen m\u00e4\u00e4r\u00e4tty omalaatuisuus.<\/p>\n<p>The Joulukalenteri perustuu vuoden 1991 tanskalaiseen The Julekalender -formaattiin, jota se mukailee tarkasti. Suomalaisen k\u00e4sikirjoituksen teki Jukka Virtanen, jota Lehtom\u00e4ki kiittelee vuolaasti. Virtanen halusi Lehtom\u00e4en n\u00e4s\u00e4n rooliin, sill\u00e4 t\u00e4m\u00e4 oli h\u00e4nen mielest\u00e4\u00e4n niin n\u00e4s\u00e4m\u00e4inen. MTV3<\/p>\n<p class=\"paragraph\">\u2013 Siin\u00e4 oli erilaista karskimpaa huumoria. Ja siin\u00e4 oli my\u00f6s j\u00e4nnityst\u00e4. Kaikki kunnia my\u00f6s <strong>Jukka Virtaselle<\/strong>, joka k\u00e4\u00e4nsi The Joulukalenterin tanskalaisesta alkuper\u00e4istekstist\u00e4 suomeksi. H\u00e4n kirjoitti kommentteihimme pient\u00e4 sanoilla snobbailua, kielileikkej\u00e4 ja piilohuumoria. Kaikki se ei avautunut edes itselle tekemisen aikana, vaan on tajunnut my\u00f6hemmin.<\/p>\n<p class=\"paragraph\">Lehtom\u00e4ki on tehnyt pitk\u00e4n uran muusikkona, muun muassa 25 vuotta Finlandersissa. H\u00e4nt\u00e4 on l\u00e4hestytty paljon n\u00e4s\u00e4n hahmoon liittyen. H\u00e4nelle heitet\u00e4\u00e4n The Joulukalenterista sutkautuksia, jotka ovat saattaneet jo hieman painua unholaan.<\/p>\n<p class=\"paragraph\">\u2013 V\u00e4h\u00e4n aikaa sitten tapahtui pikku episodi, kun olimme toisen b\u00e4ndin kanssa keikalla. B\u00e4ndin rumpali sanoi meid\u00e4n rumpalillemme, ett\u00e4 tuolla se n\u00e4s\u00e4 menee. Pelk\u00e4sin sit\u00e4 pienen\u00e4 tosi paljon, mutta nyt olen sen kanssa samalla keikalla.<\/p>\n<p>Kari Lehtom\u00e4ki tuli tanssikansalle tunnetuksi monesta yhtyeest\u00e4, muun muassa Finlandersista KARI MANKONEN<\/p>\n<p class=\"paragraph\">Lehtom\u00e4ki toivottaa The Joulukalenterin faneille erityisen hyv\u00e4\u00e4 joulukuuta ja joulun odotusta.<\/p>\n<p class=\"paragraph\">\u2013 Hienoa, ett\u00e4 olette seuranneet kaikki n\u00e4m\u00e4 vuodet!<\/p>\n<p class=\"paragraph\">Lehtom\u00e4ki kertoo, ett\u00e4 sarjan tanskalainen is\u00e4 <strong>Hans-Erik Saks<\/strong> kuoli joulun alla 2024. H\u00e4n miettii, onko mahdollista, ett\u00e4 t\u00e4m\u00e4 monimutkaistaa esitysoikeuksien uusimista MTV3:lla.<\/p>\n<p class=\"paragraph\">\u2013 Mutta toivottavasti ohjelmaa p\u00e4\u00e4st\u00e4\u00e4n pian uusimaan!<\/p>\n","protected":false},"excerpt":{"rendered":"MTV ei uusi t\u00e4n\u00e4 jouluna The Joulukalenteria. Iltalehti soitti n\u00e4s\u00e4n roolista tutulle Kari Lehtom\u00e4elle ja kysyi, milt\u00e4 tuntuu&hellip;\n","protected":false},"author":2,"featured_media":105682,"comment_status":"","ping_status":"","sticky":false,"template":"","format":"standard","meta":{"footnotes":""},"categories":[130],"tags":[35,138,137,33,31,30,3674,47,141,742,32,109],"class_list":{"0":"post-105681","1":"post","2":"type-post","3":"status-publish","4":"format-standard","5":"has-post-thumbnail","7":"category-viihde","8":"tag-24h","9":"tag-audio","10":"tag-entertainment","11":"tag-fi","12":"tag-finland","13":"tag-finnish","14":"tag-juhla-ja-vapaapaivat","15":"tag-musiikki","16":"tag-muusikot-bandit","17":"tag-suomalainen-musiikki","18":"tag-suomi","19":"tag-viihde"},"share_on_mastodon":{"url":"https:\/\/pubeurope.com\/@fi\/115649953494008192","error":""},"_links":{"self":[{"href":"https:\/\/www.europesays.com\/fi\/wp-json\/wp\/v2\/posts\/105681","targetHints":{"allow":["GET"]}}],"collection":[{"href":"https:\/\/www.europesays.com\/fi\/wp-json\/wp\/v2\/posts"}],"about":[{"href":"https:\/\/www.europesays.com\/fi\/wp-json\/wp\/v2\/types\/post"}],"author":[{"embeddable":true,"href":"https:\/\/www.europesays.com\/fi\/wp-json\/wp\/v2\/users\/2"}],"replies":[{"embeddable":true,"href":"https:\/\/www.europesays.com\/fi\/wp-json\/wp\/v2\/comments?post=105681"}],"version-history":[{"count":0,"href":"https:\/\/www.europesays.com\/fi\/wp-json\/wp\/v2\/posts\/105681\/revisions"}],"wp:featuredmedia":[{"embeddable":true,"href":"https:\/\/www.europesays.com\/fi\/wp-json\/wp\/v2\/media\/105682"}],"wp:attachment":[{"href":"https:\/\/www.europesays.com\/fi\/wp-json\/wp\/v2\/media?parent=105681"}],"wp:term":[{"taxonomy":"category","embeddable":true,"href":"https:\/\/www.europesays.com\/fi\/wp-json\/wp\/v2\/categories?post=105681"},{"taxonomy":"post_tag","embeddable":true,"href":"https:\/\/www.europesays.com\/fi\/wp-json\/wp\/v2\/tags?post=105681"}],"curies":[{"name":"wp","href":"https:\/\/api.w.org\/{rel}","templated":true}]}}