{"id":105687,"date":"2025-12-02T12:27:10","date_gmt":"2025-12-02T12:27:10","guid":{"rendered":"https:\/\/www.europesays.com\/fi\/105687\/"},"modified":"2025-12-02T12:27:10","modified_gmt":"2025-12-02T12:27:10","slug":"poliisi-tikkurilan-turman-taustalla-kuskin-liian-suuri-tilannenopeus","status":"publish","type":"post","link":"https:\/\/www.europesays.com\/fi\/105687\/","title":{"rendered":"Poliisi: Tikkurilan turman taustalla kuskin liian suuri tilannenopeus"},"content":{"rendered":"<p>Vantaa|Auto suistui lauantai-iltana ravintolan terassille Vantaan Tikkurilassa. Onnettomuudessa kuoli 15-vuotias poika.<\/p>\n<p class=\"article-body mb-nof-24 px-nof-16\">Poliisin t\u00e4m\u00e4nhetkisen k\u00e4sityksen mukaan 15-vuotiaan pojan kuolemaan Vantaan Tikkurilassa johtanut onnettomuus n\u00e4ytt\u00e4\u00e4 aiheutuneen kuljettajan liian suuresta tilannenopeudesta ja ajoneuvon hallinnan menett\u00e4misest\u00e4. Asiasta kertoo It\u00e4-Uudenmaan poliisi tiedotteessaan.<\/p>\n<p class=\"article-body mb-nof-24 px-nof-16\">Onnettomuus tapahtui lauantai-iltana kello 19.20, kun 22-vuotias kuljettaja ajoi toisen auton per\u00e4\u00e4n Talvikkitien ja Hernetien risteyksess\u00e4 ja jatkoi matkaansa jalkak\u00e4yt\u00e4v\u00e4lle sy\u00f6ksyen ihmisten p\u00e4\u00e4lle.<\/p>\n<p class=\"article-body mb-nof-24 px-nof-16\">Poliisin mukaan auto t\u00f6rm\u00e4si tilanteessa my\u00f6s toiseen nuoreen, mutta h\u00e4n selvisi v\u00e4h\u00e4isin vammoin.<\/p>\n<p class=\"article-body mb-nof-24 px-nof-16\">22-vuotias ep\u00e4ilty oli pid\u00e4tettyn\u00e4, mutta poliisin mukaan h\u00e4net on vapautettu. Poliisi ei ep\u00e4ile p\u00e4ihteill\u00e4 olleen osuutta asiaan.<\/p>\n<p class=\"article-body mb-nof-24 px-nof-16\">Asiaa tutkitaan t\u00e4ll\u00e4 hetkell\u00e4 t\u00f6rke\u00e4n\u00e4 liikenneturvallisuuden vaarantamisena sek\u00e4 t\u00f6rke\u00e4n\u00e4 kuolemantuottamuksena. Rikosnimikkeet saattavat edelleen tarkentua tukinnan edetess\u00e4, tutkinnanjohtaja, rikoskomisario <a class=\"article-personlink\" href=\"https:\/\/www.hs.fi\/haku\/?query=Suvi%20Kukkonen\" rel=\"nofollow noopener\" target=\"_blank\">Suvi Kukkonen<\/a> sanoo tiedotteessa.<\/p>\n<p class=\"article-body mb-nof-24 px-nof-16\">Poliisi kertoo kuulleensa ajoneuvojen kuljettajat, matkustajat sek\u00e4 esimerkiksi paikan p\u00e4\u00e4ll\u00e4 olleita silminn\u00e4kij\u00f6it\u00e4. Heist\u00e4 osa on alaik\u00e4isi\u00e4.<\/p>\n<p class=\"article-body mb-nof-24 px-nof-16\">\u201dPoliisin on lis\u00e4ksi kuullut asianomistajan asemassa my\u00f6s uhrin seurassa tapatuma-aikaan olleita henkil\u00f6it\u00e4\u201d, Kukkonen sanoo tiedotteessa.<\/p>\n","protected":false},"excerpt":{"rendered":"Vantaa|Auto suistui lauantai-iltana ravintolan terassille Vantaan Tikkurilassa. Onnettomuudessa kuoli 15-vuotias poika. Poliisin t\u00e4m\u00e4nhetkisen k\u00e4sityksen mukaan 15-vuotiaan pojan kuolemaan&hellip;\n","protected":false},"author":2,"featured_media":105688,"comment_status":"","ping_status":"","sticky":false,"template":"","format":"standard","meta":{"footnotes":""},"categories":[12],"tags":[22,23,26,27,33,31,30,17,46,24,25,28,29,15,18,21,32,19,20,16],"class_list":{"0":"post-105687","1":"post","2":"type-post","3":"status-publish","4":"format-standard","5":"has-post-thumbnail","7":"category-suomi","8":"tag-breaking-news","9":"tag-breakingnews","10":"tag-featured-news","11":"tag-featurednews","12":"tag-fi","13":"tag-finland","14":"tag-finnish","15":"tag-headlines","16":"tag-helsingin-sanomat","17":"tag-latest-news","18":"tag-latestnews","19":"tag-main-news","20":"tag-mainnews","21":"tag-news","22":"tag-otsikot","23":"tag-paauutiset","24":"tag-suomi","25":"tag-top-stories","26":"tag-topstories","27":"tag-uutiset"},"share_on_mastodon":{"url":"https:\/\/pubeurope.com\/@fi\/115649973168307506","error":""},"_links":{"self":[{"href":"https:\/\/www.europesays.com\/fi\/wp-json\/wp\/v2\/posts\/105687","targetHints":{"allow":["GET"]}}],"collection":[{"href":"https:\/\/www.europesays.com\/fi\/wp-json\/wp\/v2\/posts"}],"about":[{"href":"https:\/\/www.europesays.com\/fi\/wp-json\/wp\/v2\/types\/post"}],"author":[{"embeddable":true,"href":"https:\/\/www.europesays.com\/fi\/wp-json\/wp\/v2\/users\/2"}],"replies":[{"embeddable":true,"href":"https:\/\/www.europesays.com\/fi\/wp-json\/wp\/v2\/comments?post=105687"}],"version-history":[{"count":0,"href":"https:\/\/www.europesays.com\/fi\/wp-json\/wp\/v2\/posts\/105687\/revisions"}],"wp:featuredmedia":[{"embeddable":true,"href":"https:\/\/www.europesays.com\/fi\/wp-json\/wp\/v2\/media\/105688"}],"wp:attachment":[{"href":"https:\/\/www.europesays.com\/fi\/wp-json\/wp\/v2\/media?parent=105687"}],"wp:term":[{"taxonomy":"category","embeddable":true,"href":"https:\/\/www.europesays.com\/fi\/wp-json\/wp\/v2\/categories?post=105687"},{"taxonomy":"post_tag","embeddable":true,"href":"https:\/\/www.europesays.com\/fi\/wp-json\/wp\/v2\/tags?post=105687"}],"curies":[{"name":"wp","href":"https:\/\/api.w.org\/{rel}","templated":true}]}}