{"id":105689,"date":"2025-12-02T12:28:08","date_gmt":"2025-12-02T12:28:08","guid":{"rendered":"https:\/\/www.europesays.com\/fi\/105689\/"},"modified":"2025-12-02T12:28:08","modified_gmt":"2025-12-02T12:28:08","slug":"kelan-paajohtaja-lasse-lehtonen-on-jaanyt-sairauslomalle-kotimaa","status":"publish","type":"post","link":"https:\/\/www.europesays.com\/fi\/105689\/","title":{"rendered":"Kelan p\u00e4\u00e4johtaja Lasse Lehtonen on j\u00e4\u00e4nyt sairauslomalle | Kotimaa"},"content":{"rendered":"<p class=\"aw-1gybjub aw-5vja16 kEtdKx kmuxyA yle__article__paragraph\">Kelan viestinn\u00e4n mukaan Lehtonen on poissa t\u00f6ist\u00e4 \u201djoitain p\u00e4ivi\u00e4\u201d.<\/p>\n<p><img decoding=\"async\" alt=\"Henkil\u00f6kuvassa Lasse Lehtonen.\" src=\"https:\/\/www.europesays.com\/fi\/wp-content\/uploads\/2025\/12\/39-1562758692eb8b281a86.jpeg\" class=\"aw-1l9m598 hKVVvP\"\/><\/p>\n<p>Avaa kuvien katselu<\/p>\n<p>Kelan p\u00e4\u00e4johtaja Lasse Lehtonen kuvattuna Kelan mediatilaisuudessa Helsingiss\u00e4 13. marraskuuta 2025. Kuva: Markku Ulander \/ Lehtikuva<\/p>\n<p>12:32\u2022P\u00e4ivitetty 14:05<\/p>\n<p class=\"aw-1gybjub aw-1p7kakr kEtdKx cEmitX yle__article__paragraph\">Kelan p\u00e4\u00e4johtaja <strong class=\"aw-ak79eh KyCXm yle__article__strong\">Lasse Lehtonen<\/strong> on j\u00e4\u00e4nyt pois t\u00f6ist\u00e4.<\/p>\n<p class=\"aw-1gybjub aw-1p7kakr kEtdKx cEmitX yle__article__paragraph\">Asian vahvistaa Ylelle Kelan media- ja ty\u00f6yhteis\u00f6viestinn\u00e4n p\u00e4\u00e4llikk\u00f6 <strong class=\"aw-ak79eh KyCXm yle__article__strong\">Satu Suontaa<\/strong>.<\/p>\n<p class=\"aw-1gybjub aw-1p7kakr kEtdKx cEmitX yle__article__paragraph\">Suontaan mukaan Lehtonen on poissa t\u00f6ist\u00e4 \u201djoitain p\u00e4ivi\u00e4\u201d. H\u00e4nt\u00e4 sijaistaa johtaja <strong class=\"aw-ak79eh KyCXm yle__article__strong\">Kari-Pekka M\u00e4ki-Lohiluoma<\/strong>.<\/p>\n<p class=\"aw-1gybjub aw-1p7kakr kEtdKx cEmitX yle__article__paragraph\">Kelan hallituksen puheenjohtaja <strong class=\"aw-ak79eh KyCXm yle__article__strong\">Vertti Kiukas<\/strong> vahvistaa Ylelle, ett\u00e4 Lehtonen on sairauslomalla.<\/p>\n<p class=\"aw-1gybjub aw-1p7kakr kEtdKx cEmitX yle__article__paragraph\">Asiasta uutisoi aiemmin <a class=\"aw-iao6s4 iHOxEa yle__article__link\" href=\"https:\/\/www.iltalehti.fi\/politiikka\/a\/afdf0ac8-cf95-430b-9545-099335a6e9bf\" role=\"link\" rel=\"nofollow noopener\" target=\"_blank\">Iltalehti<\/a>. Lehden mukaan Lehtonen on my\u00f6h\u00e4stellyt sovituista tapaamisista viime aikoina.<\/p>\n<p class=\"aw-1gybjub aw-1p7kakr kEtdKx cEmitX yle__article__paragraph\">Suontaa ei kommentoi my\u00f6h\u00e4stymisi\u00e4 Ylelle, mutta kertoo, ett\u00e4 er\u00e4\u00e4seen uusien Kelan ty\u00f6ntekij\u00f6iden tilaisuuteen Lehtonen ei p\u00e4\u00e4ssyt linjoille teknisten ongelmien takia.<\/p>\n<p class=\"aw-1gybjub aw-1p7kakr kEtdKx cEmitX yle__article__paragraph\">Selvitys Kelan johtamisesta on tekeill\u00e4 ja valmistuu joulukuussa.<\/p>\n<p>Nieminen: Meill\u00e4 on hyv\u00e4 p\u00e4\u00e4johtaja<\/p>\n<p class=\"aw-1gybjub aw-1p7kakr kEtdKx cEmitX yle__article__paragraph\">Kelan <a class=\"aw-iao6s4 iHOxEa yle__article__link\" href=\"https:\/\/yle.fi\/a\/74-20196433\" role=\"link\" rel=\"nofollow noopener\" target=\"_blank\">valtuusto kuuli Lehtosta<\/a> marraskuun lopussa. Esill\u00e4 oli henkil\u00f6st\u00f6n ep\u00e4luottamus Kelan johtoa kohtaan, viestinn\u00e4llisi\u00e4 asioita ja Kelan edess\u00e4 olevia muutoksia.<\/p>\n<p class=\"aw-1gybjub aw-1p7kakr kEtdKx cEmitX yle__article__paragraph\">Kelan valtuuston puheenjohtaja <strong class=\"aw-ak79eh KyCXm yle__article__strong\">Mira Nieminen<\/strong> (ps.) ilmoitti kokouksen j\u00e4lkeen, ett\u00e4 p\u00e4\u00e4johtajalla on valtuuston luottamus. Valtuuston j\u00e4senet ovat kansanedustajia.<\/p>\n<p class=\"aw-1gybjub aw-1p7kakr kEtdKx cEmitX yle__article__paragraph\">\u2013 Meill\u00e4 on hyv\u00e4 p\u00e4\u00e4johtaja, Nieminen ilmoitti.<\/p>\n<p class=\"aw-1gybjub aw-1p7kakr kEtdKx cEmitX yle__article__paragraph\">Kelan p\u00e4\u00e4johtaja on pit\u00e4nyt viime viikot some-taukoa. H\u00e4nen profiiliaan ei l\u00f6ydy en\u00e4\u00e4 esimerkiksi X:st\u00e4. Lehtonen kertoo lopettaneens\u00e4 some-kommentoinnin <a class=\"aw-iao6s4 iHOxEa yle__article__link\" href=\"https:\/\/yle.fi\/a\/74-20194110\" role=\"link\" rel=\"nofollow noopener\" target=\"_blank\">\u00e4itins\u00e4 ja vaimonsa<\/a> suosituksesta.<\/p>\n<p class=\"aw-1gybjub aw-1p7kakr kEtdKx cEmitX yle__article__paragraph\">Lehtosen johtamistapa on saanut runsaasti kritiikki\u00e4. Suuttumusta ovat her\u00e4tt\u00e4neet etenkin Lehtosen lausunnot et\u00e4t\u00f6ist\u00e4. H\u00e4n pyysi sanavalintojaan anteeksi Kelan henkil\u00f6kunnalta.<\/p>\n<p class=\"aw-1gybjub aw-1p7kakr kEtdKx cEmitX yle__article__paragraph\">Tiedotustilaisuudeesa Lehtonen <a class=\"aw-iao6s4 iHOxEa yle__article__link\" href=\"https:\/\/yle.fi\/a\/74-20193831\" role=\"link\" rel=\"nofollow noopener\" target=\"_blank\">lupasi tarkastella<\/a> omaa toimintaansa, mutta ei toistanut anteeksipyynt\u00f6\u00e4\u00e4n julkisesti.<\/p>\n<p class=\"aw-1gybjub aw-1p7kakr kEtdKx cEmitX yle__article__paragraph\">Yle kertoi marraskuussa <a class=\"aw-iao6s4 iHOxEa yle__article__link\" href=\"https:\/\/yle.fi\/a\/74-20193672\" role=\"link\" rel=\"nofollow noopener\" target=\"_blank\">Kelan henkil\u00f6st\u00f6barometrista<\/a>, jossa vain 23 prosenttia piti Kelan johdon p\u00e4\u00e4t\u00f6ksi\u00e4 selkein\u00e4 ja perusteltuina.<\/p>\n","protected":false},"excerpt":{"rendered":"Kelan viestinn\u00e4n mukaan Lehtonen on poissa t\u00f6ist\u00e4 \u201djoitain p\u00e4ivi\u00e4\u201d. Avaa kuvien katselu Kelan p\u00e4\u00e4johtaja Lasse Lehtonen kuvattuna Kelan&hellip;\n","protected":false},"author":2,"featured_media":105690,"comment_status":"","ping_status":"","sticky":false,"template":"","format":"standard","meta":{"footnotes":""},"categories":[5],"tags":[22,23,26,27,33,31,30,17,3906,4334,71,19911,24,25,28,29,15,18,21,32,19,20,860,16],"class_list":{"0":"post-105689","1":"post","2":"type-post","3":"status-publish","4":"format-standard","5":"has-post-thumbnail","7":"category-otsikot","8":"tag-breaking-news","9":"tag-breakingnews","10":"tag-featured-news","11":"tag-featurednews","12":"tag-fi","13":"tag-finland","14":"tag-finnish","15":"tag-headlines","16":"tag-johtajat","17":"tag-kansanelakelaitos","18":"tag-kotimaa","19":"tag-lasse-lehtonen","20":"tag-latest-news","21":"tag-latestnews","22":"tag-main-news","23":"tag-mainnews","24":"tag-news","25":"tag-otsikot","26":"tag-paauutiset","27":"tag-suomi","28":"tag-top-stories","29":"tag-topstories","30":"tag-tyoelama","31":"tag-uutiset"},"share_on_mastodon":{"url":"https:\/\/pubeurope.com\/@fi\/115649977147123919","error":""},"_links":{"self":[{"href":"https:\/\/www.europesays.com\/fi\/wp-json\/wp\/v2\/posts\/105689","targetHints":{"allow":["GET"]}}],"collection":[{"href":"https:\/\/www.europesays.com\/fi\/wp-json\/wp\/v2\/posts"}],"about":[{"href":"https:\/\/www.europesays.com\/fi\/wp-json\/wp\/v2\/types\/post"}],"author":[{"embeddable":true,"href":"https:\/\/www.europesays.com\/fi\/wp-json\/wp\/v2\/users\/2"}],"replies":[{"embeddable":true,"href":"https:\/\/www.europesays.com\/fi\/wp-json\/wp\/v2\/comments?post=105689"}],"version-history":[{"count":0,"href":"https:\/\/www.europesays.com\/fi\/wp-json\/wp\/v2\/posts\/105689\/revisions"}],"wp:featuredmedia":[{"embeddable":true,"href":"https:\/\/www.europesays.com\/fi\/wp-json\/wp\/v2\/media\/105690"}],"wp:attachment":[{"href":"https:\/\/www.europesays.com\/fi\/wp-json\/wp\/v2\/media?parent=105689"}],"wp:term":[{"taxonomy":"category","embeddable":true,"href":"https:\/\/www.europesays.com\/fi\/wp-json\/wp\/v2\/categories?post=105689"},{"taxonomy":"post_tag","embeddable":true,"href":"https:\/\/www.europesays.com\/fi\/wp-json\/wp\/v2\/tags?post=105689"}],"curies":[{"name":"wp","href":"https:\/\/api.w.org\/{rel}","templated":true}]}}