{"id":105691,"date":"2025-12-02T12:32:09","date_gmt":"2025-12-02T12:32:09","guid":{"rendered":"https:\/\/www.europesays.com\/fi\/105691\/"},"modified":"2025-12-02T12:32:09","modified_gmt":"2025-12-02T12:32:09","slug":"euroopan-ilmailu-avaruus-ja-puolustusteollisuuden-ennatysvuosi","status":"publish","type":"post","link":"https:\/\/www.europesays.com\/fi\/105691\/","title":{"rendered":"Euroopan ilmailu-, avaruus- ja puolustusteollisuuden enn\u00e4tysvuosi &#8211;"},"content":{"rendered":"<p><strong>Euroopan ilmailu-, avaruus- ja puolustusteollisuudella<\/strong> oli loistava vuosi 2024, jolloin liikevaihto kasvoi 10,1 prosenttia 378 miljardiin dollariin ja suora ty\u00f6llist\u00e4vyys nousi 1,1 miljoonaan ty\u00f6ntekij\u00e4\u00e4n, kertoo toimialaryhm\u00e4 ASD ( <a href=\"https:\/\/www.reuters.com\/business\/aerospace-defense\/europes-aerospace-defence-turnover-jumped-101-2024-378-billion-industry-body-asd-2025-12-02\/\" target=\"_blank\" rel=\"nofollow noopener\">Reutersin<\/a> kautta).<\/p>\n<p><strong>Puolustusala<\/strong> johti kasvua, joka kasvoi 13,8 prosenttia 183,4 miljardiin euroon, kun valtiot lis\u00e4siv\u00e4t menojaan Ukrainan sodan aiheuttamien turvallisuushuolien vuoksi.<\/p>\n<p>Siviili-ilmailu nousi my\u00f6s 6 prosenttia 129,1 miljardiin euroon, mik\u00e4 johtui lentoliikenteen elpymisest\u00e4 ja polttoainetehokkaiden lentokoneiden kysynn\u00e4st\u00e4, vaikka toimitusketjun pullonkaulat ja ty\u00f6voimapula jatkuivat.<\/p>\n<p><strong>avaruussektori<\/strong> kasvoi vaatimattomammin, 3,1 % 13,2 miljardiin euroon.<\/p>\n<p>ASD:n puheenjohtaja Micael Johansson varoitti, ettei Eurooppa voi pit\u00e4\u00e4 huipputeknologian etumatkaa itsest\u00e4\u00e4nselvyyten\u00e4, ja kehotti EU:ta hyv\u00e4ksym\u00e4\u00e4n vahvemman teollisuusstrategian siviili-ilmailua varten ja jatkamaan investointeja puolustukseen.<\/p>\n<p><strong>T&amp;K-menot<\/strong> kasvoivat 9,4 prosenttia 25,2 miljardiin euroon, mutta Eurooppa on edelleen j\u00e4ljess\u00e4 maailmanlaajuisista kilpailijoista innovaatiotoiminnassa.<\/p>\n<p><strong>Kokonaisuudessaan<\/strong> T\u00e4m\u00e4 tarkoittaa yli 4 000 yrityst\u00e4, jotka tukevat 4,2 miljoonaa ty\u00f6paikkaa Euroopassa.<\/p>\n<p><strong>Further reading:<\/strong> <a href=\"https:\/\/www.gamereactor.fi\/maailmanlaajuinen-aseteollisuus-saavuttaa-ennatystulot-nain-paljon-maailman-suurimmat-tuottajat-tienasivat-1503203\/\" title=\"Maailmanlaajuinen aseteollisuus saavuttaa enn\u00e4tystulot: n\u00e4in paljon maailman suurimmat tuottajat tienasivat\" rel=\"nofollow noopener\" target=\"_blank\">Maailmanlaajuinen aseteollisuus saavuttaa enn\u00e4tystulot: N\u00e4in paljon maailman suurimmat tuottajat tienasivat<\/a>.<\/p>\n<p><img loading=\"lazy\" decoding=\"async\" id=\"img-1504143-4746063\" data-fullsize=\"\/media\/60\/europesaerospacedefence_4746063b.jpg\" data-lazy=\"\" src=\"https:\/\/www.gamereactor.fihttps:\/\/www.gamereactor.fi\/media\/60\/europesaerospacedefence_4746063_650x.jpg\" width=\"650\" onclick=\"gallery_openmodal('1504143','4746063',false,'f99d32d586c4b1d5e120e25770fe5238');\" height=\"454\" alt=\"Euroopan ilmailu-, avaruus- ja puolustusteollisuuden enn\u00e4tysvuosi\" class=\"rwd_col_content lazy\"\/>Aseteollisuus (k\u00e4site) \/\/ Shutterstock<\/p>\n","protected":false},"excerpt":{"rendered":"Euroopan ilmailu-, avaruus- ja puolustusteollisuudella oli loistava vuosi 2024, jolloin liikevaihto kasvoi 10,1 prosenttia 378 miljardiin dollariin ja&hellip;\n","protected":false},"author":2,"featured_media":105692,"comment_status":"","ping_status":"","sticky":false,"template":"","format":"standard","meta":{"footnotes":""},"categories":[114],"tags":[453,33,31,30,118,452,32,119],"class_list":{"0":"post-105691","1":"post","2":"type-post","3":"status-publish","4":"format-standard","5":"has-post-thumbnail","7":"category-avaruus","8":"tag-avaruus","9":"tag-fi","10":"tag-finland","11":"tag-finnish","12":"tag-science","13":"tag-space","14":"tag-suomi","15":"tag-tiede"},"share_on_mastodon":{"url":"https:\/\/pubeurope.com\/@fi\/115649992847768460","error":""},"_links":{"self":[{"href":"https:\/\/www.europesays.com\/fi\/wp-json\/wp\/v2\/posts\/105691","targetHints":{"allow":["GET"]}}],"collection":[{"href":"https:\/\/www.europesays.com\/fi\/wp-json\/wp\/v2\/posts"}],"about":[{"href":"https:\/\/www.europesays.com\/fi\/wp-json\/wp\/v2\/types\/post"}],"author":[{"embeddable":true,"href":"https:\/\/www.europesays.com\/fi\/wp-json\/wp\/v2\/users\/2"}],"replies":[{"embeddable":true,"href":"https:\/\/www.europesays.com\/fi\/wp-json\/wp\/v2\/comments?post=105691"}],"version-history":[{"count":0,"href":"https:\/\/www.europesays.com\/fi\/wp-json\/wp\/v2\/posts\/105691\/revisions"}],"wp:featuredmedia":[{"embeddable":true,"href":"https:\/\/www.europesays.com\/fi\/wp-json\/wp\/v2\/media\/105692"}],"wp:attachment":[{"href":"https:\/\/www.europesays.com\/fi\/wp-json\/wp\/v2\/media?parent=105691"}],"wp:term":[{"taxonomy":"category","embeddable":true,"href":"https:\/\/www.europesays.com\/fi\/wp-json\/wp\/v2\/categories?post=105691"},{"taxonomy":"post_tag","embeddable":true,"href":"https:\/\/www.europesays.com\/fi\/wp-json\/wp\/v2\/tags?post=105691"}],"curies":[{"name":"wp","href":"https:\/\/api.w.org\/{rel}","templated":true}]}}